{"id":3312,"date":"2026-09-03T09:31:07","date_gmt":"2026-09-03T12:31:07","guid":{"rendered":"https:\/\/portalgrandenorte.com.br\/?p=3312"},"modified":"2026-09-03T09:31:07","modified_gmt":"2026-09-03T12:31:07","slug":"edital-do-1o-processo-seletivo-2027-do-ifnmg-para-cursos-tecnicos-sera-publicado-na-segunda-quinzena-de-setembro","status":"publish","type":"post","link":"https:\/\/portalgrandenorte.com.br\/?p=3312","title":{"rendered":"Edital do 1\u00ba Processo Seletivo 2027 do IFNMG para cursos t\u00e9cnicos ser\u00e1 publicado na segunda quinzena de setembro"},"content":{"rendered":"<p><img fetchpriority=\"high\" decoding=\"async\" class=\"wp-image-3313  alignnone\" src=\"https:\/\/portalgrandenorte.com.br\/wp-content\/uploads\/2026\/09\/Vagas-IFNMG-300x200.jpg\" alt=\"\" width=\"1031\" height=\"687\" srcset=\"https:\/\/portalgrandenorte.com.br\/wp-content\/uploads\/2026\/09\/Vagas-IFNMG-300x200.jpg 300w, https:\/\/portalgrandenorte.com.br\/wp-content\/uploads\/2026\/09\/Vagas-IFNMG-1024x683.jpg 1024w, https:\/\/portalgrandenorte.com.br\/wp-content\/uploads\/2026\/09\/Vagas-IFNMG-768x512.jpg 768w, https:\/\/portalgrandenorte.com.br\/wp-content\/uploads\/2026\/09\/Vagas-IFNMG-150x100.jpg 150w, https:\/\/portalgrandenorte.com.br\/wp-content\/uploads\/2026\/09\/Vagas-IFNMG-330x220.jpg 330w, https:\/\/portalgrandenorte.com.br\/wp-content\/uploads\/2026\/09\/Vagas-IFNMG-420x280.jpg 420w, https:\/\/portalgrandenorte.com.br\/wp-content\/uploads\/2026\/09\/Vagas-IFNMG-510x340.jpg 510w, https:\/\/portalgrandenorte.com.br\/wp-content\/uploads\/2026\/09\/Vagas-IFNMG.jpg 1200w\" sizes=\"(max-width: 1031px) 100vw, 1031px\" \/><\/p>\n<h2><span style=\"font-size: large;\"><i>Est\u00e3o previstas vagas para cursos presenciais e a dist\u00e2ncia em 20 munic\u00edpios das regi\u00f5es Norte e Noroeste de Minas, Vales do Jequitinhonha e Mucuri, al\u00e9m de um munic\u00edpio de Goi\u00e1s<\/i><\/span><\/h2>\n<p>O edital do 1\u00ba Processo Seletivo 2027 para cursos t\u00e9cnicos gratuitos do Instituto Federal do Norte de Minas Gerais (IFNMG) tem publica\u00e7\u00e3o prevista para a segunda quinzena de setembro, de acordo com a Coordena\u00e7\u00e3o de Processos Seletivos e Concursos P\u00fablicos do Instituto. Os interessados devem acompanhar as divulga\u00e7\u00f5es pelo<b>\u00a0<\/b><a href=\"https:\/\/www.ifnmg.edu.br\/\" target=\"_blank\" rel=\"noopener\" data-saferedirecturl=\"https:\/\/www.google.com\/url?q=https:\/\/www.ifnmg.edu.br\/&amp;source=gmail&amp;ust=1788522165377000&amp;usg=AOvVaw1HOX8jytzB1SH9lfykQXyz\">portal eletr\u00f4nico do IFNMG<\/a>\u00a0 e pelo\u00a0<a href=\"https:\/\/www.instagram.com\/ifnmg_oficial\/\" target=\"_blank\" rel=\"noopener noreferrer\" data-saferedirecturl=\"https:\/\/www.google.com\/url?q=https:\/\/www.instagram.com\/ifnmg_oficial\/&amp;source=gmail&amp;ust=1788522165378000&amp;usg=AOvVaw1-xQDIEM7CiIF8eshuAaJk\">Instagram @ifnmg_oficial<\/a>.<\/p>\n<p>Quando o edital for publicado, os candidatos conhecer\u00e3o todas as datas e as regras da sele\u00e7\u00e3o para os cursos t\u00e9cnicos integrados ao ensino m\u00e9dio e tamb\u00e9m os t\u00e9cnicos concomitantes (para quem faz o 2\u00ba ou 3\u00ba ano do ensino m\u00e9dio em outra escola) e subsequentes (para quem j\u00e1 terminou o ensino m\u00e9dio).<\/p>\n<p>Haver\u00e1 vagas para cursos presenciais nos campi Almenara, Ara\u00e7ua\u00ed, Arinos, Diamantina, Jana\u00faba, Janu\u00e1ria, Montes Claros, Pirapora, Porteirinha, Salinas e Te\u00f3filo Otoni. E tamb\u00e9m para cursos na modalidade de educa\u00e7\u00e3o a dist\u00e2ncia (EAD) em polos das cidades de Ara\u00e7ua\u00ed, Arinos, Cabeceira Grande, Buritis, Uruana de Minas, Urucuia, Montes Claros, Buritizeiro, Ibia\u00ed, Joaquim Fel\u00edcio, V\u00e1rzea da Palma e Corinto. al\u00e9m de Flores de Goi\u00e1s, no estado de Goi\u00e1s.<\/p>\n<p><strong>Forma de sele\u00e7\u00e3o<\/strong><\/p>\n<p>Para os cursos t\u00e9cnicos integrados ao ensino m\u00e9dio nos campi Almenara, Diamantina, Jana\u00faba, Janu\u00e1ria, Montes Claros, Pirapora, Porteirinha e Te\u00f3filo Otoni, a sele\u00e7\u00e3o ser\u00e1 por prova, a ser aplicada no dia 22\/11\/2026.<\/p>\n<p>J\u00e1 os cursos t\u00e9cnicos integrados dos campi Ara\u00e7ua\u00ed, Arinos e Salinas e os cursos concomitantes e subsequentes de todas cidades, presenciais e EAD, selecionar\u00e3o estudantes por meio de an\u00e1lise de desempenho escolar (notas de mat\u00e9rias da escola).<\/p>\n<p><strong>Reserva de vagas (cotas)<\/strong><\/p>\n<p>Para todos os cursos, vale o sistema de reserva de vagas, conhecido como sistema de cotas. Metade das vagas s\u00e3o reservadas para candidatos que vieram de escolas p\u00fablicas, atendendo as seguintes condi\u00e7\u00f5es:<br \/>\n&#8211; estudantes que cursaram integralmente o ensino fundamental em escola p\u00fablica, no caso de cursos integrados e cursos de dupla oferta (concomitante\/subsequente);<br \/>\n&#8211; estudantes que cursaram integralmente o ensino m\u00e9dio em escola p\u00fablica, no caso de cursos exclusivamente subsequentes.<\/p>\n<p>Os estudantes que vieram de escolas p\u00fablicas podem, ainda, concorrer em categorias espec\u00edficas, de acordo com a(s) situa\u00e7\u00e3o(\u00f5es) em que se enquadrarem em rela\u00e7\u00e3o a: defici\u00eancia; autodeclara\u00e7\u00e3o de preto, pardo ou ind\u00edgena; autodeclara\u00e7\u00e3o de quilombola; e renda familiar.<\/p>\n<p>O IFNMG tamb\u00e9m reserva vagas para pessoas com defici\u00eancia, independentemente da escola de origem, e para candidatos vindos de Escolas Fam\u00edlia Agr\u00edcola.<\/p>\n<p><strong>Cursos superiores<\/strong><\/p>\n<p>Quem est\u00e1 interessado em uma vaga para curso superior no IFNMG ter\u00e1 que aguardar um pouco mais pelos editais do Processo Seletivo pr\u00f3prio, que ser\u00e3o publicados em breve, com as datas e as regras da sele\u00e7\u00e3o. Alguns campi far\u00e3o sele\u00e7\u00e3o dos estudantes por meio de prova e outros, por an\u00e1lise curricular.<\/p>\n<p>\u00c9 importante lembrar que o IFNMG tamb\u00e9m seleciona estudantes para seus cursos superiores por meio do Sisu (Sistema de Sele\u00e7\u00e3o Unificada), realizado anualmente pelo Minist\u00e9rio da Educa\u00e7\u00e3o, geralmente no m\u00eas de janeiro. O Sisu seleciona e classifica os candidatos com base na nota do Enem (Exame Nacional do Ensino M\u00e9dio). A \u00faltima edi\u00e7\u00e3o do Sisu permitiu aos candidatos participarem com notas de uma das provas do Enem dos tr\u00eas \u00faltimos anos.<\/p>\n<p><strong>Acompanhe as divulga\u00e7\u00f5es sobre Processos Seletivos do IFNMG no\u00a0<a href=\"https:\/\/www.ifnmg.edu.br\/\" target=\"_blank\" rel=\"noopener\" data-saferedirecturl=\"https:\/\/www.google.com\/url?q=https:\/\/www.ifnmg.edu.br\/&amp;source=gmail&amp;ust=1788522165378000&amp;usg=AOvVaw0r3Qj7s_0qDdOcIc7R16gl\">portal eletr\u00f4nico do IFNMG<\/a>\u00a0e no\u00a0<a href=\"https:\/\/www.instagram.com\/ifnmg_oficial\/\" target=\"_blank\" rel=\"noopener noreferrer\" data-saferedirecturl=\"https:\/\/www.google.com\/url?q=https:\/\/www.instagram.com\/ifnmg_oficial\/&amp;source=gmail&amp;ust=1788522165378000&amp;usg=AOvVaw1-xQDIEM7CiIF8eshuAaJk\">Instagram @ifnmg_oficial<\/a><\/strong><\/p>\n","protected":false},"excerpt":{"rendered":"<p>Est\u00e3o previstas vagas para cursos presenciais e a dist\u00e2ncia em 20 munic\u00edpios das regi\u00f5es Norte e Noroeste de Minas, Vales do Jequitinhonha e Mucuri, al\u00e9m de um munic\u00edpio de Goi\u00e1s O edital do 1\u00ba Processo Seletivo 2027 para cursos t\u00e9cnicos gratuitos do Instituto Federal do Norte de Minas Gerais (IFNMG) tem publica\u00e7\u00e3o prevista para a segunda quinzena de setembro, de acordo com a Coordena\u00e7\u00e3o de Processos Seletivos e Concursos P\u00fablicos do Instituto. Os interessados devem acompanhar as divulga\u00e7\u00f5es pelo\u00a0portal eletr\u00f4nico do IFNMG\u00a0 e pelo\u00a0Instagram @ifnmg_oficial. Quando o edital for publicado, os candidatos conhecer\u00e3o todas as datas e as regras da sele\u00e7\u00e3o para os cursos t\u00e9cnicos integrados ao ensino m\u00e9dio e tamb\u00e9m os t\u00e9cnicos concomitantes (para quem faz o 2\u00ba ou 3\u00ba ano do ensino m\u00e9dio em outra escola) e subsequentes (para quem j\u00e1 terminou o ensino m\u00e9dio). Haver\u00e1 vagas para cursos presenciais nos campi Almenara, Ara\u00e7ua\u00ed, Arinos, Diamantina, Jana\u00faba, Janu\u00e1ria, Montes Claros, Pirapora, Porteirinha, Salinas e Te\u00f3filo Otoni. E tamb\u00e9m para cursos na modalidade de educa\u00e7\u00e3o a dist\u00e2ncia (EAD) em polos das cidades de Ara\u00e7ua\u00ed, Arinos, Cabeceira Grande, Buritis, Uruana de Minas, Urucuia, Montes Claros, Buritizeiro, Ibia\u00ed, Joaquim Fel\u00edcio, V\u00e1rzea da Palma e Corinto. al\u00e9m de Flores de Goi\u00e1s, no estado de Goi\u00e1s. Forma de sele\u00e7\u00e3o Para os cursos t\u00e9cnicos integrados ao ensino m\u00e9dio nos campi Almenara, Diamantina, Jana\u00faba, Janu\u00e1ria, Montes Claros, Pirapora, Porteirinha e Te\u00f3filo Otoni, a sele\u00e7\u00e3o ser\u00e1 por prova, a ser aplicada no dia 22\/11\/2026. J\u00e1 os cursos t\u00e9cnicos integrados dos campi Ara\u00e7ua\u00ed, Arinos e Salinas e os cursos concomitantes e subsequentes de todas cidades, presenciais e EAD, selecionar\u00e3o estudantes por meio de an\u00e1lise de desempenho escolar (notas de mat\u00e9rias da escola). Reserva de vagas (cotas) Para todos os cursos, vale o sistema de reserva de vagas, conhecido como sistema de cotas. Metade das vagas s\u00e3o reservadas para candidatos que vieram de escolas p\u00fablicas, atendendo as seguintes condi\u00e7\u00f5es: &#8211; estudantes que cursaram integralmente o ensino fundamental em escola p\u00fablica, no caso de cursos integrados e cursos de dupla oferta (concomitante\/subsequente); &#8211; estudantes que cursaram integralmente o ensino m\u00e9dio em escola p\u00fablica, no caso de cursos exclusivamente subsequentes. Os estudantes que vieram de escolas p\u00fablicas podem, ainda, concorrer em categorias espec\u00edficas, de acordo com a(s) situa\u00e7\u00e3o(\u00f5es) em que se enquadrarem em rela\u00e7\u00e3o a: defici\u00eancia; autodeclara\u00e7\u00e3o de preto, pardo ou ind\u00edgena; autodeclara\u00e7\u00e3o de quilombola; e renda familiar. O IFNMG tamb\u00e9m reserva vagas para pessoas com defici\u00eancia, independentemente da escola de origem, e para candidatos vindos de Escolas Fam\u00edlia Agr\u00edcola. Cursos superiores Quem est\u00e1 interessado em uma vaga para curso superior no IFNMG ter\u00e1 que aguardar um pouco mais pelos editais do Processo Seletivo pr\u00f3prio, que ser\u00e3o publicados em breve, com as datas e as regras da sele\u00e7\u00e3o. Alguns campi far\u00e3o sele\u00e7\u00e3o dos estudantes por meio de prova e outros, por an\u00e1lise curricular. \u00c9 importante lembrar que o IFNMG tamb\u00e9m seleciona estudantes para seus cursos superiores por meio do Sisu (Sistema de Sele\u00e7\u00e3o Unificada), realizado anualmente pelo Minist\u00e9rio da Educa\u00e7\u00e3o, geralmente no m\u00eas de janeiro. O Sisu seleciona e classifica os candidatos com base na nota do Enem (Exame Nacional do Ensino M\u00e9dio). A \u00faltima edi\u00e7\u00e3o do Sisu permitiu aos candidatos participarem com notas de uma das provas do Enem dos tr\u00eas \u00faltimos anos. Acompanhe as divulga\u00e7\u00f5es sobre Processos Seletivos do IFNMG no\u00a0portal eletr\u00f4nico do IFNMG\u00a0e no\u00a0Instagram @ifnmg_oficial<\/p>\n","protected":false},"author":1,"featured_media":3313,"comment_status":"open","ping_status":"open","sticky":false,"template":"","format":"standard","meta":{"_monsterinsights_skip_tracking":false,"footnotes":""},"categories":[9,35,1,340,12,341],"tags":[],"class_list":["post-3312","post","type-post","status-publish","format-standard","has-post-thumbnail","hentry","category-educacao","category-minas-gerais","category-norte-de-minas","category-oportunidade","category-regional","category-social"],"aioseo_notices":[],"aioseo_head":"\n\t\t<!-- All in One SEO 5.0.1.1 - aioseo.com -->\n\t<meta name=\"description\" content=\"Est\u00e3o previstas vagas para cursos presenciais e a dist\u00e2ncia em 20 munic\u00edpios das regi\u00f5es Norte e Noroeste de Minas, Vales do Jequitinhonha e Mucuri, al\u00e9m de um munic\u00edpio de Goi\u00e1s O edital do 1\u00ba Processo Seletivo 2027 para cursos t\u00e9cnicos gratuitos do Instituto Federal do Norte de Minas Gerais (IFNMG) tem publica\u00e7\u00e3o prevista para a\" \/>\n\t<meta name=\"robots\" content=\"max-image-preview:large\" \/>\n\t<meta name=\"author\" content=\"Portal Grande Norte\"\/>\n\t<link rel=\"canonical\" href=\"https:\/\/portalgrandenorte.com.br\/?p=3312\" \/>\n\t<meta name=\"generator\" content=\"All in One SEO (AIOSEO) 5.0.1.1\" \/>\n\t\t<meta property=\"og:locale\" content=\"pt_BR\" \/>\n\t\t<meta property=\"og:site_name\" content=\"Portal Grande Norte - O maior portal de not\u00edcias do Norte de Minas\" \/>\n\t\t<meta property=\"og:type\" content=\"article\" \/>\n\t\t<meta property=\"og:title\" content=\"Edital do 1\u00ba Processo Seletivo 2027 do IFNMG para cursos t\u00e9cnicos ser\u00e1 publicado na segunda quinzena de setembro - Portal Grande Norte\" \/>\n\t\t<meta property=\"og:description\" content=\"Est\u00e3o previstas vagas para cursos presenciais e a dist\u00e2ncia em 20 munic\u00edpios das regi\u00f5es Norte e Noroeste de Minas, Vales do Jequitinhonha e Mucuri, al\u00e9m de um munic\u00edpio de Goi\u00e1s O edital do 1\u00ba Processo Seletivo 2027 para cursos t\u00e9cnicos gratuitos do Instituto Federal do Norte de Minas Gerais (IFNMG) tem publica\u00e7\u00e3o prevista para a\" \/>\n\t\t<meta property=\"og:url\" content=\"https:\/\/portalgrandenorte.com.br\/?p=3312\" \/>\n\t\t<meta property=\"og:image\" content=\"https:\/\/portalgrandenorte.com.br\/wp-content\/uploads\/2025\/08\/cropped-cropped-Logotipo-Portal-Grande-Norte-5.png\" \/>\n\t\t<meta property=\"og:image:secure_url\" content=\"https:\/\/portalgrandenorte.com.br\/wp-content\/uploads\/2025\/08\/cropped-cropped-Logotipo-Portal-Grande-Norte-5.png\" \/>\n\t\t<meta property=\"article:published_time\" content=\"2026-09-03T12:31:07+00:00\" \/>\n\t\t<meta property=\"article:modified_time\" content=\"2026-09-03T12:31:07+00:00\" \/>\n\t\t<meta name=\"twitter:card\" content=\"summary_large_image\" \/>\n\t\t<meta name=\"twitter:title\" content=\"Edital do 1\u00ba Processo Seletivo 2027 do IFNMG para cursos t\u00e9cnicos ser\u00e1 publicado na segunda quinzena de setembro - Portal Grande Norte\" \/>\n\t\t<meta name=\"twitter:description\" content=\"Est\u00e3o previstas vagas para cursos presenciais e a dist\u00e2ncia em 20 munic\u00edpios das regi\u00f5es Norte e Noroeste de Minas, Vales do Jequitinhonha e Mucuri, al\u00e9m de um munic\u00edpio de Goi\u00e1s O edital do 1\u00ba Processo Seletivo 2027 para cursos t\u00e9cnicos gratuitos do Instituto Federal do Norte de Minas Gerais (IFNMG) tem publica\u00e7\u00e3o prevista para a\" \/>\n\t\t<meta name=\"twitter:image\" content=\"https:\/\/portalgrandenorte.com.br\/wp-content\/uploads\/2025\/08\/cropped-cropped-Logotipo-Portal-Grande-Norte-5.png\" \/>\n\t\t<script type=\"application\/ld+json\" class=\"aioseo-schema\">\n\t\t\t{\"@context\":\"https:\\\/\\\/schema.org\",\"@graph\":[{\"@type\":\"BlogPosting\",\"@id\":\"https:\\\/\\\/portalgrandenorte.com.br\\\/?p=3312#blogposting\",\"name\":\"Edital do 1\\u00ba Processo Seletivo 2027 do IFNMG para cursos t\\u00e9cnicos ser\\u00e1 publicado na segunda quinzena de setembro - Portal Grande Norte\",\"headline\":\"Edital do 1\\u00ba Processo Seletivo 2027 do IFNMG para cursos t\\u00e9cnicos ser\\u00e1 publicado na segunda quinzena de setembro\",\"author\":{\"@id\":\"https:\\\/\\\/portalgrandenorte.com.br\\\/?author=1#author\"},\"publisher\":{\"@id\":\"https:\\\/\\\/portalgrandenorte.com.br\\\/#organization\"},\"image\":{\"@type\":\"ImageObject\",\"url\":\"https:\\\/\\\/portalgrandenorte.com.br\\\/wp-content\\\/uploads\\\/2026\\\/09\\\/Vagas-IFNMG.jpg\",\"width\":1200,\"height\":800},\"datePublished\":\"2026-09-03T09:31:07-03:00\",\"dateModified\":\"2026-09-03T09:31:07-03:00\",\"inLanguage\":\"pt-BR\",\"mainEntityOfPage\":{\"@id\":\"https:\\\/\\\/portalgrandenorte.com.br\\\/?p=3312#webpage\"},\"isPartOf\":{\"@id\":\"https:\\\/\\\/portalgrandenorte.com.br\\\/?p=3312#webpage\"},\"articleSection\":\"Educa\\u00e7\\u00e3o, Minas Gerais, Norte de Minas, Oportunidade, Regional, Social\"},{\"@type\":\"BreadcrumbList\",\"@id\":\"https:\\\/\\\/portalgrandenorte.com.br\\\/?p=3312#breadcrumblist\",\"itemListElement\":[{\"@type\":\"ListItem\",\"@id\":\"https:\\\/\\\/portalgrandenorte.com.br#listItem\",\"position\":1,\"name\":\"Home\",\"item\":\"https:\\\/\\\/portalgrandenorte.com.br\",\"nextItem\":{\"@type\":\"ListItem\",\"@id\":\"https:\\\/\\\/portalgrandenorte.com.br\\\/?cat=6#listItem\",\"name\":\"Categorias\"}},{\"@type\":\"ListItem\",\"@id\":\"https:\\\/\\\/portalgrandenorte.com.br\\\/?cat=6#listItem\",\"position\":2,\"name\":\"Categorias\",\"item\":\"https:\\\/\\\/portalgrandenorte.com.br\\\/?cat=6\",\"nextItem\":{\"@type\":\"ListItem\",\"@id\":\"https:\\\/\\\/portalgrandenorte.com.br\\\/?cat=9#listItem\",\"name\":\"Educa\\u00e7\\u00e3o\"},\"previousItem\":{\"@type\":\"ListItem\",\"@id\":\"https:\\\/\\\/portalgrandenorte.com.br#listItem\",\"name\":\"Home\"}},{\"@type\":\"ListItem\",\"@id\":\"https:\\\/\\\/portalgrandenorte.com.br\\\/?cat=9#listItem\",\"position\":3,\"name\":\"Educa\\u00e7\\u00e3o\",\"item\":\"https:\\\/\\\/portalgrandenorte.com.br\\\/?cat=9\",\"nextItem\":{\"@type\":\"ListItem\",\"@id\":\"https:\\\/\\\/portalgrandenorte.com.br\\\/?p=3312#listItem\",\"name\":\"Edital do 1\\u00ba Processo Seletivo 2027 do IFNMG para cursos t\\u00e9cnicos ser\\u00e1 publicado na segunda quinzena de setembro\"},\"previousItem\":{\"@type\":\"ListItem\",\"@id\":\"https:\\\/\\\/portalgrandenorte.com.br\\\/?cat=6#listItem\",\"name\":\"Categorias\"}},{\"@type\":\"ListItem\",\"@id\":\"https:\\\/\\\/portalgrandenorte.com.br\\\/?p=3312#listItem\",\"position\":4,\"name\":\"Edital do 1\\u00ba Processo Seletivo 2027 do IFNMG para cursos t\\u00e9cnicos ser\\u00e1 publicado na segunda quinzena de setembro\",\"previousItem\":{\"@type\":\"ListItem\",\"@id\":\"https:\\\/\\\/portalgrandenorte.com.br\\\/?cat=9#listItem\",\"name\":\"Educa\\u00e7\\u00e3o\"}}]},{\"@type\":\"Organization\",\"@id\":\"https:\\\/\\\/portalgrandenorte.com.br\\\/#organization\",\"name\":\"Portal Grande Norte\",\"description\":\"O maior portal de not\\u00edcias do Norte de Minas\",\"url\":\"https:\\\/\\\/portalgrandenorte.com.br\\\/\",\"logo\":{\"@type\":\"ImageObject\",\"url\":\"https:\\\/\\\/portalgrandenorte.com.br\\\/wp-content\\\/uploads\\\/2025\\\/08\\\/cropped-cropped-Logotipo-Portal-Grande-Norte-5.png\",\"@id\":\"https:\\\/\\\/portalgrandenorte.com.br\\\/?p=3312\\\/#organizationLogo\",\"width\":500,\"height\":244},\"image\":{\"@id\":\"https:\\\/\\\/portalgrandenorte.com.br\\\/?p=3312\\\/#organizationLogo\"}},{\"@type\":\"Person\",\"@id\":\"https:\\\/\\\/portalgrandenorte.com.br\\\/?author=1#author\",\"url\":\"https:\\\/\\\/portalgrandenorte.com.br\\\/?author=1\",\"name\":\"Portal Grande Norte\",\"image\":{\"@type\":\"ImageObject\",\"@id\":\"https:\\\/\\\/portalgrandenorte.com.br\\\/?p=3312#authorImage\",\"url\":\"https:\\\/\\\/secure.gravatar.com\\\/avatar\\\/f158a5a9dbb2d0e63533b05d8583976740387b7e0d7a969ed14e84a8e1c8308a?s=96&d=mm&r=g\",\"width\":96,\"height\":96,\"caption\":\"Portal Grande Norte\"}},{\"@type\":\"WebPage\",\"@id\":\"https:\\\/\\\/portalgrandenorte.com.br\\\/?p=3312#webpage\",\"url\":\"https:\\\/\\\/portalgrandenorte.com.br\\\/?p=3312\",\"name\":\"Edital do 1\\u00ba Processo Seletivo 2027 do IFNMG para cursos t\\u00e9cnicos ser\\u00e1 publicado na segunda quinzena de setembro - Portal Grande Norte\",\"description\":\"Est\\u00e3o previstas vagas para cursos presenciais e a dist\\u00e2ncia em 20 munic\\u00edpios das regi\\u00f5es Norte e Noroeste de Minas, Vales do Jequitinhonha e Mucuri, al\\u00e9m de um munic\\u00edpio de Goi\\u00e1s O edital do 1\\u00ba Processo Seletivo 2027 para cursos t\\u00e9cnicos gratuitos do Instituto Federal do Norte de Minas Gerais (IFNMG) tem publica\\u00e7\\u00e3o prevista para a\",\"inLanguage\":\"pt-BR\",\"isPartOf\":{\"@id\":\"https:\\\/\\\/portalgrandenorte.com.br\\\/#website\"},\"breadcrumb\":{\"@id\":\"https:\\\/\\\/portalgrandenorte.com.br\\\/?p=3312#breadcrumblist\"},\"author\":{\"@id\":\"https:\\\/\\\/portalgrandenorte.com.br\\\/?author=1#author\"},\"creator\":{\"@id\":\"https:\\\/\\\/portalgrandenorte.com.br\\\/?author=1#author\"},\"image\":{\"@type\":\"ImageObject\",\"url\":\"https:\\\/\\\/portalgrandenorte.com.br\\\/wp-content\\\/uploads\\\/2026\\\/09\\\/Vagas-IFNMG.jpg\",\"@id\":\"https:\\\/\\\/portalgrandenorte.com.br\\\/?p=3312\\\/#mainImage\",\"width\":1200,\"height\":800},\"primaryImageOfPage\":{\"@id\":\"https:\\\/\\\/portalgrandenorte.com.br\\\/?p=3312#mainImage\"},\"datePublished\":\"2026-09-03T09:31:07-03:00\",\"dateModified\":\"2026-09-03T09:31:07-03:00\"},{\"@type\":\"WebSite\",\"@id\":\"https:\\\/\\\/portalgrandenorte.com.br\\\/#website\",\"url\":\"https:\\\/\\\/portalgrandenorte.com.br\\\/\",\"name\":\"Portal Grande Norte\",\"description\":\"O maior portal de not\\u00edcias do Norte de Minas\",\"inLanguage\":\"pt-BR\",\"publisher\":{\"@id\":\"https:\\\/\\\/portalgrandenorte.com.br\\\/#organization\"}}]}\n\t\t<\/script>\n\t\t<!-- All in One SEO -->\n\n","aioseo_head_json":{"title":"Edital do 1\u00ba Processo Seletivo 2027 do IFNMG para cursos t\u00e9cnicos ser\u00e1 publicado na segunda quinzena de setembro - Portal Grande Norte","description":"Est\u00e3o previstas vagas para cursos presenciais e a dist\u00e2ncia em 20 munic\u00edpios das regi\u00f5es Norte e Noroeste de Minas, Vales do Jequitinhonha e Mucuri, al\u00e9m de um munic\u00edpio de Goi\u00e1s O edital do 1\u00ba Processo Seletivo 2027 para cursos t\u00e9cnicos gratuitos do Instituto Federal do Norte de Minas Gerais (IFNMG) tem publica\u00e7\u00e3o prevista para a","canonical_url":"https:\/\/portalgrandenorte.com.br\/?p=3312","robots":"max-image-preview:large","keywords":"","webmasterTools":{"miscellaneous":""},"schema":{"@context":"https:\/\/schema.org","@graph":[{"@type":"BlogPosting","@id":"https:\/\/portalgrandenorte.com.br\/?p=3312#blogposting","name":"Edital do 1\u00ba Processo Seletivo 2027 do IFNMG para cursos t\u00e9cnicos ser\u00e1 publicado na segunda quinzena de setembro - Portal Grande Norte","headline":"Edital do 1\u00ba Processo Seletivo 2027 do IFNMG para cursos t\u00e9cnicos ser\u00e1 publicado na segunda quinzena de setembro","author":{"@id":"https:\/\/portalgrandenorte.com.br\/?author=1#author"},"publisher":{"@id":"https:\/\/portalgrandenorte.com.br\/#organization"},"image":{"@type":"ImageObject","url":"https:\/\/portalgrandenorte.com.br\/wp-content\/uploads\/2026\/09\/Vagas-IFNMG.jpg","width":1200,"height":800},"datePublished":"2026-09-03T09:31:07-03:00","dateModified":"2026-09-03T09:31:07-03:00","inLanguage":"pt-BR","mainEntityOfPage":{"@id":"https:\/\/portalgrandenorte.com.br\/?p=3312#webpage"},"isPartOf":{"@id":"https:\/\/portalgrandenorte.com.br\/?p=3312#webpage"},"articleSection":"Educa\u00e7\u00e3o, Minas Gerais, Norte de Minas, Oportunidade, Regional, Social"},{"@type":"BreadcrumbList","@id":"https:\/\/portalgrandenorte.com.br\/?p=3312#breadcrumblist","itemListElement":[{"@type":"ListItem","@id":"https:\/\/portalgrandenorte.com.br#listItem","position":1,"name":"Home","item":"https:\/\/portalgrandenorte.com.br","nextItem":{"@type":"ListItem","@id":"https:\/\/portalgrandenorte.com.br\/?cat=6#listItem","name":"Categorias"}},{"@type":"ListItem","@id":"https:\/\/portalgrandenorte.com.br\/?cat=6#listItem","position":2,"name":"Categorias","item":"https:\/\/portalgrandenorte.com.br\/?cat=6","nextItem":{"@type":"ListItem","@id":"https:\/\/portalgrandenorte.com.br\/?cat=9#listItem","name":"Educa\u00e7\u00e3o"},"previousItem":{"@type":"ListItem","@id":"https:\/\/portalgrandenorte.com.br#listItem","name":"Home"}},{"@type":"ListItem","@id":"https:\/\/portalgrandenorte.com.br\/?cat=9#listItem","position":3,"name":"Educa\u00e7\u00e3o","item":"https:\/\/portalgrandenorte.com.br\/?cat=9","nextItem":{"@type":"ListItem","@id":"https:\/\/portalgrandenorte.com.br\/?p=3312#listItem","name":"Edital do 1\u00ba Processo Seletivo 2027 do IFNMG para cursos t\u00e9cnicos ser\u00e1 publicado na segunda quinzena de setembro"},"previousItem":{"@type":"ListItem","@id":"https:\/\/portalgrandenorte.com.br\/?cat=6#listItem","name":"Categorias"}},{"@type":"ListItem","@id":"https:\/\/portalgrandenorte.com.br\/?p=3312#listItem","position":4,"name":"Edital do 1\u00ba Processo Seletivo 2027 do IFNMG para cursos t\u00e9cnicos ser\u00e1 publicado na segunda quinzena de setembro","previousItem":{"@type":"ListItem","@id":"https:\/\/portalgrandenorte.com.br\/?cat=9#listItem","name":"Educa\u00e7\u00e3o"}}]},{"@type":"Organization","@id":"https:\/\/portalgrandenorte.com.br\/#organization","name":"Portal Grande Norte","description":"O maior portal de not\u00edcias do Norte de Minas","url":"https:\/\/portalgrandenorte.com.br\/","logo":{"@type":"ImageObject","url":"https:\/\/portalgrandenorte.com.br\/wp-content\/uploads\/2025\/08\/cropped-cropped-Logotipo-Portal-Grande-Norte-5.png","@id":"https:\/\/portalgrandenorte.com.br\/?p=3312\/#organizationLogo","width":500,"height":244},"image":{"@id":"https:\/\/portalgrandenorte.com.br\/?p=3312\/#organizationLogo"}},{"@type":"Person","@id":"https:\/\/portalgrandenorte.com.br\/?author=1#author","url":"https:\/\/portalgrandenorte.com.br\/?author=1","name":"Portal Grande Norte","image":{"@type":"ImageObject","@id":"https:\/\/portalgrandenorte.com.br\/?p=3312#authorImage","url":"https:\/\/secure.gravatar.com\/avatar\/f158a5a9dbb2d0e63533b05d8583976740387b7e0d7a969ed14e84a8e1c8308a?s=96&d=mm&r=g","width":96,"height":96,"caption":"Portal Grande Norte"}},{"@type":"WebPage","@id":"https:\/\/portalgrandenorte.com.br\/?p=3312#webpage","url":"https:\/\/portalgrandenorte.com.br\/?p=3312","name":"Edital do 1\u00ba Processo Seletivo 2027 do IFNMG para cursos t\u00e9cnicos ser\u00e1 publicado na segunda quinzena de setembro - Portal Grande Norte","description":"Est\u00e3o previstas vagas para cursos presenciais e a dist\u00e2ncia em 20 munic\u00edpios das regi\u00f5es Norte e Noroeste de Minas, Vales do Jequitinhonha e Mucuri, al\u00e9m de um munic\u00edpio de Goi\u00e1s O edital do 1\u00ba Processo Seletivo 2027 para cursos t\u00e9cnicos gratuitos do Instituto Federal do Norte de Minas Gerais (IFNMG) tem publica\u00e7\u00e3o prevista para a","inLanguage":"pt-BR","isPartOf":{"@id":"https:\/\/portalgrandenorte.com.br\/#website"},"breadcrumb":{"@id":"https:\/\/portalgrandenorte.com.br\/?p=3312#breadcrumblist"},"author":{"@id":"https:\/\/portalgrandenorte.com.br\/?author=1#author"},"creator":{"@id":"https:\/\/portalgrandenorte.com.br\/?author=1#author"},"image":{"@type":"ImageObject","url":"https:\/\/portalgrandenorte.com.br\/wp-content\/uploads\/2026\/09\/Vagas-IFNMG.jpg","@id":"https:\/\/portalgrandenorte.com.br\/?p=3312\/#mainImage","width":1200,"height":800},"primaryImageOfPage":{"@id":"https:\/\/portalgrandenorte.com.br\/?p=3312#mainImage"},"datePublished":"2026-09-03T09:31:07-03:00","dateModified":"2026-09-03T09:31:07-03:00"},{"@type":"WebSite","@id":"https:\/\/portalgrandenorte.com.br\/#website","url":"https:\/\/portalgrandenorte.com.br\/","name":"Portal Grande Norte","description":"O maior portal de not\u00edcias do Norte de Minas","inLanguage":"pt-BR","publisher":{"@id":"https:\/\/portalgrandenorte.com.br\/#organization"}}]},"og:locale":"pt_BR","og:site_name":"Portal Grande Norte - O maior portal de not\u00edcias do Norte de Minas","og:type":"article","og:title":"Edital do 1\u00ba Processo Seletivo 2027 do IFNMG para cursos t\u00e9cnicos ser\u00e1 publicado na segunda quinzena de setembro - Portal Grande Norte","og:description":"Est\u00e3o previstas vagas para cursos presenciais e a dist\u00e2ncia em 20 munic\u00edpios das regi\u00f5es Norte e Noroeste de Minas, Vales do Jequitinhonha e Mucuri, al\u00e9m de um munic\u00edpio de Goi\u00e1s O edital do 1\u00ba Processo Seletivo 2027 para cursos t\u00e9cnicos gratuitos do Instituto Federal do Norte de Minas Gerais (IFNMG) tem publica\u00e7\u00e3o prevista para a","og:url":"https:\/\/portalgrandenorte.com.br\/?p=3312","og:image":"https:\/\/portalgrandenorte.com.br\/wp-content\/uploads\/2025\/08\/cropped-cropped-Logotipo-Portal-Grande-Norte-5.png","og:image:secure_url":"https:\/\/portalgrandenorte.com.br\/wp-content\/uploads\/2025\/08\/cropped-cropped-Logotipo-Portal-Grande-Norte-5.png","article:published_time":"2026-09-03T12:31:07+00:00","article:modified_time":"2026-09-03T12:31:07+00:00","twitter:card":"summary_large_image","twitter:title":"Edital do 1\u00ba Processo Seletivo 2027 do IFNMG para cursos t\u00e9cnicos ser\u00e1 publicado na segunda quinzena de setembro - Portal Grande Norte","twitter:description":"Est\u00e3o previstas vagas para cursos presenciais e a dist\u00e2ncia em 20 munic\u00edpios das regi\u00f5es Norte e Noroeste de Minas, Vales do Jequitinhonha e Mucuri, al\u00e9m de um munic\u00edpio de Goi\u00e1s O edital do 1\u00ba Processo Seletivo 2027 para cursos t\u00e9cnicos gratuitos do Instituto Federal do Norte de Minas Gerais (IFNMG) tem publica\u00e7\u00e3o prevista para a","twitter:image":"https:\/\/portalgrandenorte.com.br\/wp-content\/uploads\/2025\/08\/cropped-cropped-Logotipo-Portal-Grande-Norte-5.png"},"aioseo_meta_data":{"post_id":"3312","title":null,"description":null,"keywords":null,"keyphrases":{"focus":{"keyphrase":"","score":0,"analysis":{"keyphraseInTitle":{"score":0,"maxScore":9,"error":1}}},"additional":[]},"primary_term":null,"canonical_url":null,"og_title":null,"og_description":null,"og_object_type":"default","og_image_type":"default","og_image_custom_url":null,"og_image_custom_fields":null,"og_image_url":null,"og_image_width":null,"og_image_height":null,"og_video":"","og_custom_url":null,"og_article_section":null,"og_article_tags":null,"twitter_use_og":true,"twitter_card":"default","twitter_image_type":"default","twitter_image_custom_url":null,"twitter_image_custom_fields":null,"twitter_image_url":null,"twitter_title":null,"twitter_description":null,"schema_type":"default","schema_type_options":null,"schema":{"blockGraphs":[],"customGraphs":[],"default":{"data":{"Article":[],"Course":[],"Dataset":[],"FAQPage":[],"Movie":[],"Person":[],"Product":[],"ProductReview":[],"Car":[],"Recipe":[],"Service":[],"SoftwareApplication":[],"WebPage":[]},"graphName":"BlogPosting","isEnabled":true},"graphs":[]},"pillar_content":false,"robots_default":true,"robots_noindex":false,"robots_noarchive":false,"robots_nosnippet":false,"robots_nofollow":false,"robots_noimageindex":false,"robots_noodp":false,"robots_notranslate":false,"robots_max_snippet":"-1","robots_max_videopreview":"-1","robots_max_imagepreview":"large","priority":null,"frequency":"default","local_seo":null,"limit_modified_date":false,"ai":{"faqs":[],"keyPoints":[],"schemas":[],"titles":[],"descriptions":[],"socialPosts":{"email":{"subject":"","preview":"","content":""},"linkedin":[],"twitter":[],"facebook":[],"instagram":[]}},"breadcrumb_settings":null,"seo_analyzer_scan_date":null,"created":"2026-09-03 12:31:08","updated":"2026-09-03 13:28:50","focus_keyword":null,"additional_keywords":null,"truseo_locale":null},"aioseo_breadcrumb":"<div class=\"aioseo-breadcrumbs\"><span class=\"aioseo-breadcrumb\">\n\t\t\t<a href=\"https:\/\/portalgrandenorte.com.br\" title=\"Home\">Home<\/a>\n\t\t<\/span><span class=\"aioseo-breadcrumb-separator\">&raquo;<\/span><span class=\"aioseo-breadcrumb\">\n\t\t\t<a href=\"https:\/\/portalgrandenorte.com.br\/?cat=6\" title=\"Categorias\">Categorias<\/a>\n\t\t<\/span><span class=\"aioseo-breadcrumb-separator\">&raquo;<\/span><span class=\"aioseo-breadcrumb\">\n\t\t\t<a href=\"https:\/\/portalgrandenorte.com.br\/?cat=9\" title=\"Educa\u00e7\u00e3o\">Educa\u00e7\u00e3o<\/a>\n\t\t<\/span><span class=\"aioseo-breadcrumb-separator\">&raquo;<\/span><span class=\"aioseo-breadcrumb\">\n\t\t\tEdital do 1\u00ba Processo Seletivo 2027 do IFNMG para cursos t\u00e9cnicos ser\u00e1 publicado na segunda quinzena de setembro\n\t\t<\/span><\/div>","aioseo_breadcrumb_json":[{"label":"Home","link":"https:\/\/portalgrandenorte.com.br"},{"label":"Categorias","link":"https:\/\/portalgrandenorte.com.br\/?cat=6"},{"label":"Educa\u00e7\u00e3o","link":"https:\/\/portalgrandenorte.com.br\/?cat=9"},{"label":"Edital do 1\u00ba Processo Seletivo 2027 do IFNMG para cursos t\u00e9cnicos ser\u00e1 publicado na segunda quinzena de setembro","link":"https:\/\/portalgrandenorte.com.br\/?p=3312"}],"_links":{"self":[{"href":"https:\/\/portalgrandenorte.com.br\/index.php?rest_route=\/wp\/v2\/posts\/3312","targetHints":{"allow":["GET"]}}],"collection":[{"href":"https:\/\/portalgrandenorte.com.br\/index.php?rest_route=\/wp\/v2\/posts"}],"about":[{"href":"https:\/\/portalgrandenorte.com.br\/index.php?rest_route=\/wp\/v2\/types\/post"}],"author":[{"embeddable":true,"href":"https:\/\/portalgrandenorte.com.br\/index.php?rest_route=\/wp\/v2\/users\/1"}],"replies":[{"embeddable":true,"href":"https:\/\/portalgrandenorte.com.br\/index.php?rest_route=%2Fwp%2Fv2%2Fcomments&post=3312"}],"version-history":[{"count":1,"href":"https:\/\/portalgrandenorte.com.br\/index.php?rest_route=\/wp\/v2\/posts\/3312\/revisions"}],"predecessor-version":[{"id":3314,"href":"https:\/\/portalgrandenorte.com.br\/index.php?rest_route=\/wp\/v2\/posts\/3312\/revisions\/3314"}],"wp:featuredmedia":[{"embeddable":true,"href":"https:\/\/portalgrandenorte.com.br\/index.php?rest_route=\/wp\/v2\/media\/3313"}],"wp:attachment":[{"href":"https:\/\/portalgrandenorte.com.br\/index.php?rest_route=%2Fwp%2Fv2%2Fmedia&parent=3312"}],"wp:term":[{"taxonomy":"category","embeddable":true,"href":"https:\/\/portalgrandenorte.com.br\/index.php?rest_route=%2Fwp%2Fv2%2Fcategories&post=3312"},{"taxonomy":"post_tag","embeddable":true,"href":"https:\/\/portalgrandenorte.com.br\/index.php?rest_route=%2Fwp%2Fv2%2Ftags&post=3312"}],"curies":[{"name":"wp","href":"https:\/\/api.w.org\/{rel}","templated":true}]}}