{"id":3297,"date":"2026-08-31T10:19:00","date_gmt":"2026-08-31T13:19:00","guid":{"rendered":"https:\/\/portalgrandenorte.com.br\/?p=3297"},"modified":"2026-08-31T10:19:00","modified_gmt":"2026-08-31T13:19:00","slug":"encerra-hoje-o-prazo-para-assegurar-recursos-federais-para-a-educacao","status":"publish","type":"post","link":"https:\/\/portalgrandenorte.com.br\/?p=3297","title":{"rendered":"Encerra hoje o prazo para assegurar recursos federais para a educa\u00e7\u00e3o"},"content":{"rendered":"<p><img fetchpriority=\"high\" decoding=\"async\" class=\" wp-image-3298 alignnone\" src=\"https:\/\/portalgrandenorte.com.br\/wp-content\/uploads\/2026\/08\/Fundeb-300x168.png\" alt=\"\" width=\"1289\" height=\"722\" srcset=\"https:\/\/portalgrandenorte.com.br\/wp-content\/uploads\/2026\/08\/Fundeb-300x168.png 300w, https:\/\/portalgrandenorte.com.br\/wp-content\/uploads\/2026\/08\/Fundeb.png 652w\" sizes=\"(max-width: 1289px) 100vw, 1289px\" \/><\/p>\n<p>Encerra nesta segunda-feira, 31\/8, o prazo para preencher as informa\u00e7\u00f5es referentes \u00e0 Complementa\u00e7\u00e3o-VAAR (Valor Aluno Ano por Resultado) no Sistema Integrado de Monitoramento, Execu\u00e7\u00e3o e Controle (<a href=\"https:\/\/tce.homemurbano.com.br\/campaigns\/xn2249gqa9465\/track-url\/dr020pm1hz1de\/2640b7132c2b3cb73209237bd41dd553605bb97e\" target=\"_blank\" rel=\"noopener\" data-saferedirecturl=\"https:\/\/www.google.com\/url?q=https:\/\/tce.homemurbano.com.br\/campaigns\/xn2249gqa9465\/track-url\/dr020pm1hz1de\/2640b7132c2b3cb73209237bd41dd553605bb97e&amp;source=gmail&amp;ust=1788263016021000&amp;usg=AOvVaw0_PrQP_iippA64LKirLRPX\">Simec<\/a>). Essa complementa\u00e7\u00e3o \u00e9 uma das modalidades de transfer\u00eancia de recursos or\u00e7ament\u00e1rios da Uni\u00e3o para o Fundo de Manuten\u00e7\u00e3o e Desenvolvimento da Educa\u00e7\u00e3o B\u00e1sica e de Valoriza\u00e7\u00e3o dos Profissionais da Educa\u00e7\u00e3o (Fundeb).<\/p>\n<p>O alerta \u00e9 do Gabinete de Articula\u00e7\u00e3o para a Efetividade da Pol\u00edtica da Educa\u00e7\u00e3o (Gaepe) em Minas Gerais, movimento integrado pelo Tribunal de Contas. \u201cA n\u00e3o realiza\u00e7\u00e3o do preenchimento dentro do prazo estabelecido poder\u00e1 resultar na n\u00e3o habilita\u00e7\u00e3o ao recebimento da Complementa\u00e7\u00e3o-VAAR, conforme\u00a0<a href=\"https:\/\/tce.homemurbano.com.br\/campaigns\/xn2249gqa9465\/track-url\/dr020pm1hz1de\/7d508769b1255fd827440474424994c126ef8017\" target=\"_blank\" rel=\"noopener\" data-saferedirecturl=\"https:\/\/www.google.com\/url?q=https:\/\/tce.homemurbano.com.br\/campaigns\/xn2249gqa9465\/track-url\/dr020pm1hz1de\/7d508769b1255fd827440474424994c126ef8017&amp;source=gmail&amp;ust=1788263016021000&amp;usg=AOvVaw14fAELqySyAiWAvn7poBah\">Resolu\u00e7\u00e3o CIF n\u00ba 24, de 15 de junho de 2026<\/a>\u201d, esclarecem os integrantes do Grupo de Articula\u00e7\u00e3o.<\/p>\n<p>\u00c9 pelo Simec que estados, munic\u00edpios e o Distrito Federal devem comprovar o cumprimento de\u00a0<a href=\"https:\/\/tce.homemurbano.com.br\/campaigns\/xn2249gqa9465\/track-url\/dr020pm1hz1de\/bc31af7e524d2fb81fef2d020ec553e9c356d02c\" target=\"_blank\" rel=\"noopener\" data-saferedirecturl=\"https:\/\/www.google.com\/url?q=https:\/\/tce.homemurbano.com.br\/campaigns\/xn2249gqa9465\/track-url\/dr020pm1hz1de\/bc31af7e524d2fb81fef2d020ec553e9c356d02c&amp;source=gmail&amp;ust=1788263016021000&amp;usg=AOvVaw1Q9sIpgYhiP4aYQ2bDl_1g\">condicionalidades<\/a>\u00a0e\u00a0<a href=\"https:\/\/tce.homemurbano.com.br\/campaigns\/xn2249gqa9465\/track-url\/dr020pm1hz1de\/f801e8003827b896c4653c6330feee4ae59d6e3e\" target=\"_blank\" rel=\"noopener\" data-saferedirecturl=\"https:\/\/www.google.com\/url?q=https:\/\/tce.homemurbano.com.br\/campaigns\/xn2249gqa9465\/track-url\/dr020pm1hz1de\/f801e8003827b896c4653c6330feee4ae59d6e3e&amp;source=gmail&amp;ust=1788263016021000&amp;usg=AOvVaw1LkV_SGeTa37iZ_0Pb2hPr\">indicadores<\/a>\u00a0calculados pelo Instituto\u00a0Nacional de Estudos e Pesquisas Educacionais An\u00edsio Teixeira (Inep), com base\u00a0em dados do Censo Escolar e em resultados de avalia\u00e7\u00f5es nacionais.<\/p>\n<p><b>Condicionalidades e indicadores<\/b><br \/>\nA primeira parte do processo \u00e9 a an\u00e1lise de condicionalidades. As redes de ensino devem apresentar evid\u00eancias de melhorias de gest\u00e3o, como a ado\u00e7\u00e3o de processos p\u00fablicos de sele\u00e7\u00e3o para a escolha de diretores e diretoras de escolas, atualiza\u00e7\u00e3o e moderniza\u00e7\u00e3o curricular e, no \u00e2mbito estadual, por exemplo, a defini\u00e7\u00e3o de crit\u00e9rios de premia\u00e7\u00e3o financeira, por meio do\u00a0<a href=\"https:\/\/tce.homemurbano.com.br\/campaigns\/xn2249gqa9465\/track-url\/dr020pm1hz1de\/c05f2c8229e8589a0c38fd3fbab3a41ca225662a\" target=\"_blank\" rel=\"noopener\" data-saferedirecturl=\"https:\/\/www.google.com\/url?q=https:\/\/tce.homemurbano.com.br\/campaigns\/xn2249gqa9465\/track-url\/dr020pm1hz1de\/c05f2c8229e8589a0c38fd3fbab3a41ca225662a&amp;source=gmail&amp;ust=1788263016021000&amp;usg=AOvVaw1mmVLl_RGaLixLyYMhr9ha\">ICMS Educacional<\/a>, para munic\u00edpios que mais aprimoram seus \u00edndices educacionais.<\/p>\n<p>Os gestores p\u00fablicos tamb\u00e9m devem comprovar condicionalidades de redu\u00e7\u00e3o de desigualdades, que garantam a equidade. Isso significa que as redes n\u00e3o podem focar apenas nos \u201cmelhores estudantes&#8221;; elas necessitam elevar o n\u00edvel educacional de alunos e alunas historicamente vulner\u00e1veis, reduzindo a evas\u00e3o escolar em grupos vulner\u00e1veis e a dist\u00e2ncia de aprendizado entre crian\u00e7as e jovens de fam\u00edlias de alta renda e de baix\u00edssima renda (geralmente benefici\u00e1rios de programas sociais).<\/p>\n<p>Al\u00e9m do cumprimento das condicionalidades, as redes educacionais devem demonstrar avan\u00e7os em indicadores de atendimento \u2013 que dizem respeito \u00e0 matr\u00edcula ou \u00e0 presen\u00e7a das crian\u00e7as, adolescentes e jovens nas institui\u00e7\u00f5es de ensino e, a perman\u00eancia desses estudantes nessas institui\u00e7\u00f5es \u2013 e de aprendizagem \u2013 fundamentais para orientar as pol\u00edticas educacionais em dire\u00e7\u00e3o \u00e0 equidade e \u00e0 efic\u00e1cia, mas tamb\u00e9m um progresso significativo na qualidade do ensino e na diminui\u00e7\u00e3o das desigualdades sociais e educacionais.<\/p>\n<p><b>Compromisso institucional<\/b><br \/>\nNa metodologia do Gaepe, o comprometimento das redes estadual e municipais \u00e9 base para alcan\u00e7ar as melhorias e avan\u00e7os na educa\u00e7\u00e3o em Minas Gerais. Desenvolvida pelo Instituto Articule, a metodologia aposta em um movimento horizontal e aberto, no qual todos os participantes debatem e discutem prioridades e a\u00e7\u00f5es em situa\u00e7\u00e3o de igualdade.<\/p>\n<p>O <a href=\"https:\/\/tce.homemurbano.com.br\/campaigns\/xn2249gqa9465\/track-url\/dr020pm1hz1de\/509660290d89ce32e0dc74e9feb7c166c208bff1\" target=\"_blank\" rel=\"noopener\" data-saferedirecturl=\"https:\/\/www.google.com\/url?q=https:\/\/tce.homemurbano.com.br\/campaigns\/xn2249gqa9465\/track-url\/dr020pm1hz1de\/509660290d89ce32e0dc74e9feb7c166c208bff1&amp;source=gmail&amp;ust=1788263016021000&amp;usg=AOvVaw3v7qGh5mDJmYL_vMYtJExE\">tema em pauta<\/a>\u00a0neste momento, que est\u00e1 mobilizando os integrantes do Gaepe em Minas Gerais, \u00e9 o cumprimento do piso nacional, implementa\u00e7\u00e3o de planos de carreira, valoriza\u00e7\u00e3o e aten\u00e7\u00e3o \u00e0 sa\u00fade mental dos profissionais e realiza\u00e7\u00e3o de concursos.<\/p>\n<p>O conselheiro substituto Telmo Passareli \u00e9 o coordenador, no TCEMG, do Gaepe em Minas Gerais. Passareli esteve recentemente na sede do governo do Estado para apresentar o projeto ao novo secret\u00e1rio de Educa\u00e7\u00e3o de Minas Gerais, Daniel Medrado, que estava acompanhado da secret\u00e1ria adjunta, Izabella Cavalcante Martins, e do chefe de gabinete Raphael Rodrigues.<\/p>\n<p>Tamb\u00e9m participaram da visita a a procuradora do Minist\u00e9rio P\u00fablico de Contas junto ao TCEMG, Cristina Andrade, e a secret\u00e1ria executiva do Gabinete de Articula\u00e7\u00e3o para a Efetividade da Pol\u00edtica da Educa\u00e7\u00e3o em Minas Gerais, Naila Mourth\u00e9, que integra o gabinete do conselheiro Telmo Passareli. A visita aconteceu no dia 24\/8, segunda-feira.<\/p>\n<p>O modelo do Gaepe \u00e9 implantado em parceria com a Associa\u00e7\u00e3o dos Membros dos Tribunais de Contas do Brasil (Atricon) e o Instituto Rui Barbosa (IRB), alinhando-se \u00e0 Agenda 2030 da ONU. Em Minas Gerais, a governan\u00e7a ficar\u00e1 a cargo do Tribunal de Contas do Estado (TCEMG), parceiro implementador do projeto.<\/p>\n","protected":false},"excerpt":{"rendered":"<p>Encerra nesta segunda-feira, 31\/8, o prazo para preencher as informa\u00e7\u00f5es referentes \u00e0 Complementa\u00e7\u00e3o-VAAR (Valor Aluno Ano por Resultado) no Sistema Integrado de Monitoramento, Execu\u00e7\u00e3o e Controle (Simec). Essa complementa\u00e7\u00e3o \u00e9 uma das modalidades de transfer\u00eancia de recursos or\u00e7ament\u00e1rios da Uni\u00e3o para o Fundo de Manuten\u00e7\u00e3o e Desenvolvimento da Educa\u00e7\u00e3o B\u00e1sica e de Valoriza\u00e7\u00e3o dos Profissionais da Educa\u00e7\u00e3o (Fundeb). O alerta \u00e9 do Gabinete de Articula\u00e7\u00e3o para a Efetividade da Pol\u00edtica da Educa\u00e7\u00e3o (Gaepe) em Minas Gerais, movimento integrado pelo Tribunal de Contas. \u201cA n\u00e3o realiza\u00e7\u00e3o do preenchimento dentro do prazo estabelecido poder\u00e1 resultar na n\u00e3o habilita\u00e7\u00e3o ao recebimento da Complementa\u00e7\u00e3o-VAAR, conforme\u00a0Resolu\u00e7\u00e3o CIF n\u00ba 24, de 15 de junho de 2026\u201d, esclarecem os integrantes do Grupo de Articula\u00e7\u00e3o. \u00c9 pelo Simec que estados, munic\u00edpios e o Distrito Federal devem comprovar o cumprimento de\u00a0condicionalidades\u00a0e\u00a0indicadores\u00a0calculados pelo Instituto\u00a0Nacional de Estudos e Pesquisas Educacionais An\u00edsio Teixeira (Inep), com base\u00a0em dados do Censo Escolar e em resultados de avalia\u00e7\u00f5es nacionais. Condicionalidades e indicadores A primeira parte do processo \u00e9 a an\u00e1lise de condicionalidades. As redes de ensino devem apresentar evid\u00eancias de melhorias de gest\u00e3o, como a ado\u00e7\u00e3o de processos p\u00fablicos de sele\u00e7\u00e3o para a escolha de diretores e diretoras de escolas, atualiza\u00e7\u00e3o e moderniza\u00e7\u00e3o curricular e, no \u00e2mbito estadual, por exemplo, a defini\u00e7\u00e3o de crit\u00e9rios de premia\u00e7\u00e3o financeira, por meio do\u00a0ICMS Educacional, para munic\u00edpios que mais aprimoram seus \u00edndices educacionais. Os gestores p\u00fablicos tamb\u00e9m devem comprovar condicionalidades de redu\u00e7\u00e3o de desigualdades, que garantam a equidade. Isso significa que as redes n\u00e3o podem focar apenas nos \u201cmelhores estudantes&#8221;; elas necessitam elevar o n\u00edvel educacional de alunos e alunas historicamente vulner\u00e1veis, reduzindo a evas\u00e3o escolar em grupos vulner\u00e1veis e a dist\u00e2ncia de aprendizado entre crian\u00e7as e jovens de fam\u00edlias de alta renda e de baix\u00edssima renda (geralmente benefici\u00e1rios de programas sociais). Al\u00e9m do cumprimento das condicionalidades, as redes educacionais devem demonstrar avan\u00e7os em indicadores de atendimento \u2013 que dizem respeito \u00e0 matr\u00edcula ou \u00e0 presen\u00e7a das crian\u00e7as, adolescentes e jovens nas institui\u00e7\u00f5es de ensino e, a perman\u00eancia desses estudantes nessas institui\u00e7\u00f5es \u2013 e de aprendizagem \u2013 fundamentais para orientar as pol\u00edticas educacionais em dire\u00e7\u00e3o \u00e0 equidade e \u00e0 efic\u00e1cia, mas tamb\u00e9m um progresso significativo na qualidade do ensino e na diminui\u00e7\u00e3o das desigualdades sociais e educacionais. Compromisso institucional Na metodologia do Gaepe, o comprometimento das redes estadual e municipais \u00e9 base para alcan\u00e7ar as melhorias e avan\u00e7os na educa\u00e7\u00e3o em Minas Gerais. Desenvolvida pelo Instituto Articule, a metodologia aposta em um movimento horizontal e aberto, no qual todos os participantes debatem e discutem prioridades e a\u00e7\u00f5es em situa\u00e7\u00e3o de igualdade. O tema em pauta\u00a0neste momento, que est\u00e1 mobilizando os integrantes do Gaepe em Minas Gerais, \u00e9 o cumprimento do piso nacional, implementa\u00e7\u00e3o de planos de carreira, valoriza\u00e7\u00e3o e aten\u00e7\u00e3o \u00e0 sa\u00fade mental dos profissionais e realiza\u00e7\u00e3o de concursos. O conselheiro substituto Telmo Passareli \u00e9 o coordenador, no TCEMG, do Gaepe em Minas Gerais. Passareli esteve recentemente na sede do governo do Estado para apresentar o projeto ao novo secret\u00e1rio de Educa\u00e7\u00e3o de Minas Gerais, Daniel Medrado, que estava acompanhado da secret\u00e1ria adjunta, Izabella Cavalcante Martins, e do chefe de gabinete Raphael Rodrigues. Tamb\u00e9m participaram da visita a a procuradora do Minist\u00e9rio P\u00fablico de Contas junto ao TCEMG, Cristina Andrade, e a secret\u00e1ria executiva do Gabinete de Articula\u00e7\u00e3o para a Efetividade da Pol\u00edtica da Educa\u00e7\u00e3o em Minas Gerais, Naila Mourth\u00e9, que integra o gabinete do conselheiro Telmo Passareli. A visita aconteceu no dia 24\/8, segunda-feira. O modelo do Gaepe \u00e9 implantado em parceria com a Associa\u00e7\u00e3o dos Membros dos Tribunais de Contas do Brasil (Atricon) e o Instituto Rui Barbosa (IRB), alinhando-se \u00e0 Agenda 2030 da ONU. Em Minas Gerais, a governan\u00e7a ficar\u00e1 a cargo do Tribunal de Contas do Estado (TCEMG), parceiro implementador do projeto.<\/p>\n","protected":false},"author":1,"featured_media":3298,"comment_status":"open","ping_status":"open","sticky":false,"template":"","format":"standard","meta":{"_monsterinsights_skip_tracking":false,"footnotes":""},"categories":[9,35,11,12,341],"tags":[734],"class_list":["post-3297","post","type-post","status-publish","format-standard","has-post-thumbnail","hentry","category-educacao","category-minas-gerais","category-politica","category-regional","category-social","tag-fundeb"],"aioseo_notices":[],"aioseo_head":"\n\t\t<!-- All in One SEO 5.0.1.1 - aioseo.com -->\n\t<meta name=\"description\" content=\"Encerra nesta segunda-feira, 31\/8, o prazo para preencher as informa\u00e7\u00f5es referentes \u00e0 Complementa\u00e7\u00e3o-VAAR (Valor Aluno Ano por Resultado) no Sistema Integrado de Monitoramento, Execu\u00e7\u00e3o e Controle (Simec). Essa complementa\u00e7\u00e3o \u00e9 uma das modalidades de transfer\u00eancia de recursos or\u00e7ament\u00e1rios da Uni\u00e3o para o Fundo de Manuten\u00e7\u00e3o e Desenvolvimento da Educa\u00e7\u00e3o B\u00e1sica e de Valoriza\u00e7\u00e3o dos Profissionais\" \/>\n\t<meta name=\"robots\" content=\"max-image-preview:large\" \/>\n\t<meta name=\"author\" content=\"Portal Grande Norte\"\/>\n\t<link rel=\"canonical\" href=\"https:\/\/portalgrandenorte.com.br\/?p=3297\" \/>\n\t<meta name=\"generator\" content=\"All in One SEO (AIOSEO) 5.0.1.1\" \/>\n\t\t<meta property=\"og:locale\" content=\"pt_BR\" \/>\n\t\t<meta property=\"og:site_name\" content=\"Portal Grande Norte - O maior portal de not\u00edcias do Norte de Minas\" \/>\n\t\t<meta property=\"og:type\" content=\"article\" \/>\n\t\t<meta property=\"og:title\" content=\"Encerra hoje o prazo para assegurar recursos federais para a educa\u00e7\u00e3o - Portal Grande Norte\" \/>\n\t\t<meta property=\"og:description\" content=\"Encerra nesta segunda-feira, 31\/8, o prazo para preencher as informa\u00e7\u00f5es referentes \u00e0 Complementa\u00e7\u00e3o-VAAR (Valor Aluno Ano por Resultado) no Sistema Integrado de Monitoramento, Execu\u00e7\u00e3o e Controle (Simec). Essa complementa\u00e7\u00e3o \u00e9 uma das modalidades de transfer\u00eancia de recursos or\u00e7ament\u00e1rios da Uni\u00e3o para o Fundo de Manuten\u00e7\u00e3o e Desenvolvimento da Educa\u00e7\u00e3o B\u00e1sica e de Valoriza\u00e7\u00e3o dos Profissionais\" \/>\n\t\t<meta property=\"og:url\" content=\"https:\/\/portalgrandenorte.com.br\/?p=3297\" \/>\n\t\t<meta property=\"og:image\" content=\"https:\/\/portalgrandenorte.com.br\/wp-content\/uploads\/2025\/08\/cropped-cropped-Logotipo-Portal-Grande-Norte-5.png\" \/>\n\t\t<meta property=\"og:image:secure_url\" content=\"https:\/\/portalgrandenorte.com.br\/wp-content\/uploads\/2025\/08\/cropped-cropped-Logotipo-Portal-Grande-Norte-5.png\" \/>\n\t\t<meta property=\"article:published_time\" content=\"2026-08-31T13:19:00+00:00\" \/>\n\t\t<meta property=\"article:modified_time\" content=\"2026-08-31T13:19:00+00:00\" \/>\n\t\t<meta name=\"twitter:card\" content=\"summary_large_image\" \/>\n\t\t<meta name=\"twitter:title\" content=\"Encerra hoje o prazo para assegurar recursos federais para a educa\u00e7\u00e3o - Portal Grande Norte\" \/>\n\t\t<meta name=\"twitter:description\" content=\"Encerra nesta segunda-feira, 31\/8, o prazo para preencher as informa\u00e7\u00f5es referentes \u00e0 Complementa\u00e7\u00e3o-VAAR (Valor Aluno Ano por Resultado) no Sistema Integrado de Monitoramento, Execu\u00e7\u00e3o e Controle (Simec). Essa complementa\u00e7\u00e3o \u00e9 uma das modalidades de transfer\u00eancia de recursos or\u00e7ament\u00e1rios da Uni\u00e3o para o Fundo de Manuten\u00e7\u00e3o e Desenvolvimento da Educa\u00e7\u00e3o B\u00e1sica e de Valoriza\u00e7\u00e3o dos Profissionais\" \/>\n\t\t<meta name=\"twitter:image\" content=\"https:\/\/portalgrandenorte.com.br\/wp-content\/uploads\/2025\/08\/cropped-cropped-Logotipo-Portal-Grande-Norte-5.png\" \/>\n\t\t<script type=\"application\/ld+json\" class=\"aioseo-schema\">\n\t\t\t{\"@context\":\"https:\\\/\\\/schema.org\",\"@graph\":[{\"@type\":\"BlogPosting\",\"@id\":\"https:\\\/\\\/portalgrandenorte.com.br\\\/?p=3297#blogposting\",\"name\":\"Encerra hoje o prazo para assegurar recursos federais para a educa\\u00e7\\u00e3o - Portal Grande Norte\",\"headline\":\"Encerra hoje o prazo para assegurar recursos federais para a educa\\u00e7\\u00e3o\",\"author\":{\"@id\":\"https:\\\/\\\/portalgrandenorte.com.br\\\/?author=1#author\"},\"publisher\":{\"@id\":\"https:\\\/\\\/portalgrandenorte.com.br\\\/#organization\"},\"image\":{\"@type\":\"ImageObject\",\"url\":\"https:\\\/\\\/portalgrandenorte.com.br\\\/wp-content\\\/uploads\\\/2026\\\/08\\\/Fundeb.png\",\"width\":652,\"height\":366},\"datePublished\":\"2026-08-31T10:19:00-03:00\",\"dateModified\":\"2026-08-31T10:19:00-03:00\",\"inLanguage\":\"pt-BR\",\"mainEntityOfPage\":{\"@id\":\"https:\\\/\\\/portalgrandenorte.com.br\\\/?p=3297#webpage\"},\"isPartOf\":{\"@id\":\"https:\\\/\\\/portalgrandenorte.com.br\\\/?p=3297#webpage\"},\"articleSection\":\"Educa\\u00e7\\u00e3o, Minas Gerais, Pol\\u00edtica, Regional, Social, Fundeb\"},{\"@type\":\"BreadcrumbList\",\"@id\":\"https:\\\/\\\/portalgrandenorte.com.br\\\/?p=3297#breadcrumblist\",\"itemListElement\":[{\"@type\":\"ListItem\",\"@id\":\"https:\\\/\\\/portalgrandenorte.com.br#listItem\",\"position\":1,\"name\":\"Home\",\"item\":\"https:\\\/\\\/portalgrandenorte.com.br\",\"nextItem\":{\"@type\":\"ListItem\",\"@id\":\"https:\\\/\\\/portalgrandenorte.com.br\\\/?cat=6#listItem\",\"name\":\"Categorias\"}},{\"@type\":\"ListItem\",\"@id\":\"https:\\\/\\\/portalgrandenorte.com.br\\\/?cat=6#listItem\",\"position\":2,\"name\":\"Categorias\",\"item\":\"https:\\\/\\\/portalgrandenorte.com.br\\\/?cat=6\",\"nextItem\":{\"@type\":\"ListItem\",\"@id\":\"https:\\\/\\\/portalgrandenorte.com.br\\\/?cat=9#listItem\",\"name\":\"Educa\\u00e7\\u00e3o\"},\"previousItem\":{\"@type\":\"ListItem\",\"@id\":\"https:\\\/\\\/portalgrandenorte.com.br#listItem\",\"name\":\"Home\"}},{\"@type\":\"ListItem\",\"@id\":\"https:\\\/\\\/portalgrandenorte.com.br\\\/?cat=9#listItem\",\"position\":3,\"name\":\"Educa\\u00e7\\u00e3o\",\"item\":\"https:\\\/\\\/portalgrandenorte.com.br\\\/?cat=9\",\"nextItem\":{\"@type\":\"ListItem\",\"@id\":\"https:\\\/\\\/portalgrandenorte.com.br\\\/?p=3297#listItem\",\"name\":\"Encerra hoje o prazo para assegurar recursos federais para a educa\\u00e7\\u00e3o\"},\"previousItem\":{\"@type\":\"ListItem\",\"@id\":\"https:\\\/\\\/portalgrandenorte.com.br\\\/?cat=6#listItem\",\"name\":\"Categorias\"}},{\"@type\":\"ListItem\",\"@id\":\"https:\\\/\\\/portalgrandenorte.com.br\\\/?p=3297#listItem\",\"position\":4,\"name\":\"Encerra hoje o prazo para assegurar recursos federais para a educa\\u00e7\\u00e3o\",\"previousItem\":{\"@type\":\"ListItem\",\"@id\":\"https:\\\/\\\/portalgrandenorte.com.br\\\/?cat=9#listItem\",\"name\":\"Educa\\u00e7\\u00e3o\"}}]},{\"@type\":\"Organization\",\"@id\":\"https:\\\/\\\/portalgrandenorte.com.br\\\/#organization\",\"name\":\"Portal Grande Norte\",\"description\":\"O maior portal de not\\u00edcias do Norte de Minas\",\"url\":\"https:\\\/\\\/portalgrandenorte.com.br\\\/\",\"logo\":{\"@type\":\"ImageObject\",\"url\":\"https:\\\/\\\/portalgrandenorte.com.br\\\/wp-content\\\/uploads\\\/2025\\\/08\\\/cropped-cropped-Logotipo-Portal-Grande-Norte-5.png\",\"@id\":\"https:\\\/\\\/portalgrandenorte.com.br\\\/?p=3297\\\/#organizationLogo\",\"width\":500,\"height\":244},\"image\":{\"@id\":\"https:\\\/\\\/portalgrandenorte.com.br\\\/?p=3297\\\/#organizationLogo\"}},{\"@type\":\"Person\",\"@id\":\"https:\\\/\\\/portalgrandenorte.com.br\\\/?author=1#author\",\"url\":\"https:\\\/\\\/portalgrandenorte.com.br\\\/?author=1\",\"name\":\"Portal Grande Norte\",\"image\":{\"@type\":\"ImageObject\",\"@id\":\"https:\\\/\\\/portalgrandenorte.com.br\\\/?p=3297#authorImage\",\"url\":\"https:\\\/\\\/secure.gravatar.com\\\/avatar\\\/f158a5a9dbb2d0e63533b05d8583976740387b7e0d7a969ed14e84a8e1c8308a?s=96&d=mm&r=g\",\"width\":96,\"height\":96,\"caption\":\"Portal Grande Norte\"}},{\"@type\":\"WebPage\",\"@id\":\"https:\\\/\\\/portalgrandenorte.com.br\\\/?p=3297#webpage\",\"url\":\"https:\\\/\\\/portalgrandenorte.com.br\\\/?p=3297\",\"name\":\"Encerra hoje o prazo para assegurar recursos federais para a educa\\u00e7\\u00e3o - Portal Grande Norte\",\"description\":\"Encerra nesta segunda-feira, 31\\\/8, o prazo para preencher as informa\\u00e7\\u00f5es referentes \\u00e0 Complementa\\u00e7\\u00e3o-VAAR (Valor Aluno Ano por Resultado) no Sistema Integrado de Monitoramento, Execu\\u00e7\\u00e3o e Controle (Simec). Essa complementa\\u00e7\\u00e3o \\u00e9 uma das modalidades de transfer\\u00eancia de recursos or\\u00e7ament\\u00e1rios da Uni\\u00e3o para o Fundo de Manuten\\u00e7\\u00e3o e Desenvolvimento da Educa\\u00e7\\u00e3o B\\u00e1sica e de Valoriza\\u00e7\\u00e3o dos Profissionais\",\"inLanguage\":\"pt-BR\",\"isPartOf\":{\"@id\":\"https:\\\/\\\/portalgrandenorte.com.br\\\/#website\"},\"breadcrumb\":{\"@id\":\"https:\\\/\\\/portalgrandenorte.com.br\\\/?p=3297#breadcrumblist\"},\"author\":{\"@id\":\"https:\\\/\\\/portalgrandenorte.com.br\\\/?author=1#author\"},\"creator\":{\"@id\":\"https:\\\/\\\/portalgrandenorte.com.br\\\/?author=1#author\"},\"image\":{\"@type\":\"ImageObject\",\"url\":\"https:\\\/\\\/portalgrandenorte.com.br\\\/wp-content\\\/uploads\\\/2026\\\/08\\\/Fundeb.png\",\"@id\":\"https:\\\/\\\/portalgrandenorte.com.br\\\/?p=3297\\\/#mainImage\",\"width\":652,\"height\":366},\"primaryImageOfPage\":{\"@id\":\"https:\\\/\\\/portalgrandenorte.com.br\\\/?p=3297#mainImage\"},\"datePublished\":\"2026-08-31T10:19:00-03:00\",\"dateModified\":\"2026-08-31T10:19:00-03:00\"},{\"@type\":\"WebSite\",\"@id\":\"https:\\\/\\\/portalgrandenorte.com.br\\\/#website\",\"url\":\"https:\\\/\\\/portalgrandenorte.com.br\\\/\",\"name\":\"Portal Grande Norte\",\"description\":\"O maior portal de not\\u00edcias do Norte de Minas\",\"inLanguage\":\"pt-BR\",\"publisher\":{\"@id\":\"https:\\\/\\\/portalgrandenorte.com.br\\\/#organization\"}}]}\n\t\t<\/script>\n\t\t<!-- All in One SEO -->\n\n","aioseo_head_json":{"title":"Encerra hoje o prazo para assegurar recursos federais para a educa\u00e7\u00e3o - Portal Grande Norte","description":"Encerra nesta segunda-feira, 31\/8, o prazo para preencher as informa\u00e7\u00f5es referentes \u00e0 Complementa\u00e7\u00e3o-VAAR (Valor Aluno Ano por Resultado) no Sistema Integrado de Monitoramento, Execu\u00e7\u00e3o e Controle (Simec). Essa complementa\u00e7\u00e3o \u00e9 uma das modalidades de transfer\u00eancia de recursos or\u00e7ament\u00e1rios da Uni\u00e3o para o Fundo de Manuten\u00e7\u00e3o e Desenvolvimento da Educa\u00e7\u00e3o B\u00e1sica e de Valoriza\u00e7\u00e3o dos Profissionais","canonical_url":"https:\/\/portalgrandenorte.com.br\/?p=3297","robots":"max-image-preview:large","keywords":"","webmasterTools":{"miscellaneous":""},"schema":{"@context":"https:\/\/schema.org","@graph":[{"@type":"BlogPosting","@id":"https:\/\/portalgrandenorte.com.br\/?p=3297#blogposting","name":"Encerra hoje o prazo para assegurar recursos federais para a educa\u00e7\u00e3o - Portal Grande Norte","headline":"Encerra hoje o prazo para assegurar recursos federais para a educa\u00e7\u00e3o","author":{"@id":"https:\/\/portalgrandenorte.com.br\/?author=1#author"},"publisher":{"@id":"https:\/\/portalgrandenorte.com.br\/#organization"},"image":{"@type":"ImageObject","url":"https:\/\/portalgrandenorte.com.br\/wp-content\/uploads\/2026\/08\/Fundeb.png","width":652,"height":366},"datePublished":"2026-08-31T10:19:00-03:00","dateModified":"2026-08-31T10:19:00-03:00","inLanguage":"pt-BR","mainEntityOfPage":{"@id":"https:\/\/portalgrandenorte.com.br\/?p=3297#webpage"},"isPartOf":{"@id":"https:\/\/portalgrandenorte.com.br\/?p=3297#webpage"},"articleSection":"Educa\u00e7\u00e3o, Minas Gerais, Pol\u00edtica, Regional, Social, Fundeb"},{"@type":"BreadcrumbList","@id":"https:\/\/portalgrandenorte.com.br\/?p=3297#breadcrumblist","itemListElement":[{"@type":"ListItem","@id":"https:\/\/portalgrandenorte.com.br#listItem","position":1,"name":"Home","item":"https:\/\/portalgrandenorte.com.br","nextItem":{"@type":"ListItem","@id":"https:\/\/portalgrandenorte.com.br\/?cat=6#listItem","name":"Categorias"}},{"@type":"ListItem","@id":"https:\/\/portalgrandenorte.com.br\/?cat=6#listItem","position":2,"name":"Categorias","item":"https:\/\/portalgrandenorte.com.br\/?cat=6","nextItem":{"@type":"ListItem","@id":"https:\/\/portalgrandenorte.com.br\/?cat=9#listItem","name":"Educa\u00e7\u00e3o"},"previousItem":{"@type":"ListItem","@id":"https:\/\/portalgrandenorte.com.br#listItem","name":"Home"}},{"@type":"ListItem","@id":"https:\/\/portalgrandenorte.com.br\/?cat=9#listItem","position":3,"name":"Educa\u00e7\u00e3o","item":"https:\/\/portalgrandenorte.com.br\/?cat=9","nextItem":{"@type":"ListItem","@id":"https:\/\/portalgrandenorte.com.br\/?p=3297#listItem","name":"Encerra hoje o prazo para assegurar recursos federais para a educa\u00e7\u00e3o"},"previousItem":{"@type":"ListItem","@id":"https:\/\/portalgrandenorte.com.br\/?cat=6#listItem","name":"Categorias"}},{"@type":"ListItem","@id":"https:\/\/portalgrandenorte.com.br\/?p=3297#listItem","position":4,"name":"Encerra hoje o prazo para assegurar recursos federais para a educa\u00e7\u00e3o","previousItem":{"@type":"ListItem","@id":"https:\/\/portalgrandenorte.com.br\/?cat=9#listItem","name":"Educa\u00e7\u00e3o"}}]},{"@type":"Organization","@id":"https:\/\/portalgrandenorte.com.br\/#organization","name":"Portal Grande Norte","description":"O maior portal de not\u00edcias do Norte de Minas","url":"https:\/\/portalgrandenorte.com.br\/","logo":{"@type":"ImageObject","url":"https:\/\/portalgrandenorte.com.br\/wp-content\/uploads\/2025\/08\/cropped-cropped-Logotipo-Portal-Grande-Norte-5.png","@id":"https:\/\/portalgrandenorte.com.br\/?p=3297\/#organizationLogo","width":500,"height":244},"image":{"@id":"https:\/\/portalgrandenorte.com.br\/?p=3297\/#organizationLogo"}},{"@type":"Person","@id":"https:\/\/portalgrandenorte.com.br\/?author=1#author","url":"https:\/\/portalgrandenorte.com.br\/?author=1","name":"Portal Grande Norte","image":{"@type":"ImageObject","@id":"https:\/\/portalgrandenorte.com.br\/?p=3297#authorImage","url":"https:\/\/secure.gravatar.com\/avatar\/f158a5a9dbb2d0e63533b05d8583976740387b7e0d7a969ed14e84a8e1c8308a?s=96&d=mm&r=g","width":96,"height":96,"caption":"Portal Grande Norte"}},{"@type":"WebPage","@id":"https:\/\/portalgrandenorte.com.br\/?p=3297#webpage","url":"https:\/\/portalgrandenorte.com.br\/?p=3297","name":"Encerra hoje o prazo para assegurar recursos federais para a educa\u00e7\u00e3o - Portal Grande Norte","description":"Encerra nesta segunda-feira, 31\/8, o prazo para preencher as informa\u00e7\u00f5es referentes \u00e0 Complementa\u00e7\u00e3o-VAAR (Valor Aluno Ano por Resultado) no Sistema Integrado de Monitoramento, Execu\u00e7\u00e3o e Controle (Simec). Essa complementa\u00e7\u00e3o \u00e9 uma das modalidades de transfer\u00eancia de recursos or\u00e7ament\u00e1rios da Uni\u00e3o para o Fundo de Manuten\u00e7\u00e3o e Desenvolvimento da Educa\u00e7\u00e3o B\u00e1sica e de Valoriza\u00e7\u00e3o dos Profissionais","inLanguage":"pt-BR","isPartOf":{"@id":"https:\/\/portalgrandenorte.com.br\/#website"},"breadcrumb":{"@id":"https:\/\/portalgrandenorte.com.br\/?p=3297#breadcrumblist"},"author":{"@id":"https:\/\/portalgrandenorte.com.br\/?author=1#author"},"creator":{"@id":"https:\/\/portalgrandenorte.com.br\/?author=1#author"},"image":{"@type":"ImageObject","url":"https:\/\/portalgrandenorte.com.br\/wp-content\/uploads\/2026\/08\/Fundeb.png","@id":"https:\/\/portalgrandenorte.com.br\/?p=3297\/#mainImage","width":652,"height":366},"primaryImageOfPage":{"@id":"https:\/\/portalgrandenorte.com.br\/?p=3297#mainImage"},"datePublished":"2026-08-31T10:19:00-03:00","dateModified":"2026-08-31T10:19:00-03:00"},{"@type":"WebSite","@id":"https:\/\/portalgrandenorte.com.br\/#website","url":"https:\/\/portalgrandenorte.com.br\/","name":"Portal Grande Norte","description":"O maior portal de not\u00edcias do Norte de Minas","inLanguage":"pt-BR","publisher":{"@id":"https:\/\/portalgrandenorte.com.br\/#organization"}}]},"og:locale":"pt_BR","og:site_name":"Portal Grande Norte - O maior portal de not\u00edcias do Norte de Minas","og:type":"article","og:title":"Encerra hoje o prazo para assegurar recursos federais para a educa\u00e7\u00e3o - Portal Grande Norte","og:description":"Encerra nesta segunda-feira, 31\/8, o prazo para preencher as informa\u00e7\u00f5es referentes \u00e0 Complementa\u00e7\u00e3o-VAAR (Valor Aluno Ano por Resultado) no Sistema Integrado de Monitoramento, Execu\u00e7\u00e3o e Controle (Simec). Essa complementa\u00e7\u00e3o \u00e9 uma das modalidades de transfer\u00eancia de recursos or\u00e7ament\u00e1rios da Uni\u00e3o para o Fundo de Manuten\u00e7\u00e3o e Desenvolvimento da Educa\u00e7\u00e3o B\u00e1sica e de Valoriza\u00e7\u00e3o dos Profissionais","og:url":"https:\/\/portalgrandenorte.com.br\/?p=3297","og:image":"https:\/\/portalgrandenorte.com.br\/wp-content\/uploads\/2025\/08\/cropped-cropped-Logotipo-Portal-Grande-Norte-5.png","og:image:secure_url":"https:\/\/portalgrandenorte.com.br\/wp-content\/uploads\/2025\/08\/cropped-cropped-Logotipo-Portal-Grande-Norte-5.png","article:published_time":"2026-08-31T13:19:00+00:00","article:modified_time":"2026-08-31T13:19:00+00:00","twitter:card":"summary_large_image","twitter:title":"Encerra hoje o prazo para assegurar recursos federais para a educa\u00e7\u00e3o - Portal Grande Norte","twitter:description":"Encerra nesta segunda-feira, 31\/8, o prazo para preencher as informa\u00e7\u00f5es referentes \u00e0 Complementa\u00e7\u00e3o-VAAR (Valor Aluno Ano por Resultado) no Sistema Integrado de Monitoramento, Execu\u00e7\u00e3o e Controle (Simec). Essa complementa\u00e7\u00e3o \u00e9 uma das modalidades de transfer\u00eancia de recursos or\u00e7ament\u00e1rios da Uni\u00e3o para o Fundo de Manuten\u00e7\u00e3o e Desenvolvimento da Educa\u00e7\u00e3o B\u00e1sica e de Valoriza\u00e7\u00e3o dos Profissionais","twitter:image":"https:\/\/portalgrandenorte.com.br\/wp-content\/uploads\/2025\/08\/cropped-cropped-Logotipo-Portal-Grande-Norte-5.png"},"aioseo_meta_data":{"post_id":"3297","title":null,"description":null,"keywords":null,"keyphrases":{"focus":{"keyphrase":"","score":0,"analysis":{"keyphraseInTitle":{"score":0,"maxScore":9,"error":1}}},"additional":[]},"primary_term":null,"canonical_url":null,"og_title":null,"og_description":null,"og_object_type":"default","og_image_type":"default","og_image_custom_url":null,"og_image_custom_fields":null,"og_image_url":null,"og_image_width":null,"og_image_height":null,"og_video":"","og_custom_url":null,"og_article_section":null,"og_article_tags":null,"twitter_use_og":true,"twitter_card":"default","twitter_image_type":"default","twitter_image_custom_url":null,"twitter_image_custom_fields":null,"twitter_image_url":null,"twitter_title":null,"twitter_description":null,"schema_type":"default","schema_type_options":null,"schema":{"blockGraphs":[],"customGraphs":[],"default":{"data":{"Article":[],"Course":[],"Dataset":[],"FAQPage":[],"Movie":[],"Person":[],"Product":[],"ProductReview":[],"Car":[],"Recipe":[],"Service":[],"SoftwareApplication":[],"WebPage":[]},"graphName":"BlogPosting","isEnabled":true},"graphs":[]},"pillar_content":false,"robots_default":true,"robots_noindex":false,"robots_noarchive":false,"robots_nosnippet":false,"robots_nofollow":false,"robots_noimageindex":false,"robots_noodp":false,"robots_notranslate":false,"robots_max_snippet":"-1","robots_max_videopreview":"-1","robots_max_imagepreview":"large","priority":null,"frequency":"default","local_seo":null,"limit_modified_date":false,"ai":{"faqs":[],"keyPoints":[],"schemas":[],"titles":[],"descriptions":[],"socialPosts":{"email":{"subject":"","preview":"","content":""},"linkedin":[],"twitter":[],"facebook":[],"instagram":[]}},"breadcrumb_settings":null,"seo_analyzer_scan_date":null,"created":"2026-08-31 13:19:00","updated":"2026-08-31 23:44:26","focus_keyword":null,"additional_keywords":null,"truseo_locale":null},"aioseo_breadcrumb":"<div class=\"aioseo-breadcrumbs\"><span class=\"aioseo-breadcrumb\">\n\t\t\t<a href=\"https:\/\/portalgrandenorte.com.br\" title=\"Home\">Home<\/a>\n\t\t<\/span><span class=\"aioseo-breadcrumb-separator\">&raquo;<\/span><span class=\"aioseo-breadcrumb\">\n\t\t\t<a href=\"https:\/\/portalgrandenorte.com.br\/?cat=6\" title=\"Categorias\">Categorias<\/a>\n\t\t<\/span><span class=\"aioseo-breadcrumb-separator\">&raquo;<\/span><span class=\"aioseo-breadcrumb\">\n\t\t\t<a href=\"https:\/\/portalgrandenorte.com.br\/?cat=9\" title=\"Educa\u00e7\u00e3o\">Educa\u00e7\u00e3o<\/a>\n\t\t<\/span><span class=\"aioseo-breadcrumb-separator\">&raquo;<\/span><span class=\"aioseo-breadcrumb\">\n\t\t\tEncerra hoje o prazo para assegurar recursos federais para a educa\u00e7\u00e3o\n\t\t<\/span><\/div>","aioseo_breadcrumb_json":[{"label":"Home","link":"https:\/\/portalgrandenorte.com.br"},{"label":"Categorias","link":"https:\/\/portalgrandenorte.com.br\/?cat=6"},{"label":"Educa\u00e7\u00e3o","link":"https:\/\/portalgrandenorte.com.br\/?cat=9"},{"label":"Encerra hoje o prazo para assegurar recursos federais para a educa\u00e7\u00e3o","link":"https:\/\/portalgrandenorte.com.br\/?p=3297"}],"_links":{"self":[{"href":"https:\/\/portalgrandenorte.com.br\/index.php?rest_route=\/wp\/v2\/posts\/3297","targetHints":{"allow":["GET"]}}],"collection":[{"href":"https:\/\/portalgrandenorte.com.br\/index.php?rest_route=\/wp\/v2\/posts"}],"about":[{"href":"https:\/\/portalgrandenorte.com.br\/index.php?rest_route=\/wp\/v2\/types\/post"}],"author":[{"embeddable":true,"href":"https:\/\/portalgrandenorte.com.br\/index.php?rest_route=\/wp\/v2\/users\/1"}],"replies":[{"embeddable":true,"href":"https:\/\/portalgrandenorte.com.br\/index.php?rest_route=%2Fwp%2Fv2%2Fcomments&post=3297"}],"version-history":[{"count":1,"href":"https:\/\/portalgrandenorte.com.br\/index.php?rest_route=\/wp\/v2\/posts\/3297\/revisions"}],"predecessor-version":[{"id":3299,"href":"https:\/\/portalgrandenorte.com.br\/index.php?rest_route=\/wp\/v2\/posts\/3297\/revisions\/3299"}],"wp:featuredmedia":[{"embeddable":true,"href":"https:\/\/portalgrandenorte.com.br\/index.php?rest_route=\/wp\/v2\/media\/3298"}],"wp:attachment":[{"href":"https:\/\/portalgrandenorte.com.br\/index.php?rest_route=%2Fwp%2Fv2%2Fmedia&parent=3297"}],"wp:term":[{"taxonomy":"category","embeddable":true,"href":"https:\/\/portalgrandenorte.com.br\/index.php?rest_route=%2Fwp%2Fv2%2Fcategories&post=3297"},{"taxonomy":"post_tag","embeddable":true,"href":"https:\/\/portalgrandenorte.com.br\/index.php?rest_route=%2Fwp%2Fv2%2Ftags&post=3297"}],"curies":[{"name":"wp","href":"https:\/\/api.w.org\/{rel}","templated":true}]}}