{"id":3256,"date":"2026-08-26T09:35:29","date_gmt":"2026-08-26T12:35:29","guid":{"rendered":"https:\/\/portalgrandenorte.com.br\/?p=3256"},"modified":"2026-08-26T10:00:55","modified_gmt":"2026-08-26T13:00:55","slug":"nanuque-participa-de-encontro-nacional-que-debate-fortalecimento-da-educacao-superior-publica","status":"publish","type":"post","link":"https:\/\/portalgrandenorte.com.br\/?p=3256","title":{"rendered":"Nanuque participa de encontro nacional para debater fortalecimento da educa\u00e7\u00e3o superior p\u00fablica"},"content":{"rendered":"<h2 style=\"text-align: center;\">Munic\u00edpio foi representado no I Encontro de F\u00f3runs UAB, realizado em comemora\u00e7\u00e3o aos 20 anos da Universidade Aberta do Brasil; evento discutiu expans\u00e3o do ensino superior p\u00fablico e fortalecimento dos polos presenciais<\/h2>\n<p>&nbsp;<\/p>\n<p><img fetchpriority=\"high\" decoding=\"async\" class=\" wp-image-3257 alignnone\" src=\"https:\/\/portalgrandenorte.com.br\/wp-content\/uploads\/2026\/08\/1-1109-300x220.png\" alt=\"\" width=\"1124\" height=\"824\" srcset=\"https:\/\/portalgrandenorte.com.br\/wp-content\/uploads\/2026\/08\/1-1109-300x220.png 300w, https:\/\/portalgrandenorte.com.br\/wp-content\/uploads\/2026\/08\/1-1109.png 338w\" sizes=\"(max-width: 1124px) 100vw, 1124px\" \/><\/p>\n<p>Nanuque, no Vale do Mucuri, participou do I Encontro de F\u00f3runs UAB, realizado em celebra\u00e7\u00e3o aos 20 anos da Universidade Aberta do Brasil (UAB). O munic\u00edpio foi representado pelo coordenador do Polo UAB Nanuque, professor doutor M\u00e1rcio Miranda Santos.<\/p>\n<p>&nbsp;<\/p>\n<p>O encontro reuniu representantes de diferentes munic\u00edpios e institui\u00e7\u00f5es para discutir estrat\u00e9gias voltadas ao fortalecimento da educa\u00e7\u00e3o superior p\u00fablica, gratuita e de qualidade no pa\u00eds. Entre os temas a\u00a0bordados estiveram a import\u00e2ncia dos polos presenciais, a amplia\u00e7\u00e3o da oferta de cursos, a melhoria da infraestrutura e o fortalecimento da integra\u00e7\u00e3o entre munic\u00edpios e institui\u00e7\u00f5es de ensino.<\/p>\n<p>A participa\u00e7\u00e3o de Nanuque no evento refor\u00e7a o papel do Polo UAB como instrumento de amplia\u00e7\u00e3o do acesso \u00e0 forma\u00e7\u00e3o acad\u00eamica e profissional. or meio da educa\u00e7\u00e3o a dist\u00e2ncia, articulada com os polos presenciais, a iniciativa permite que estudantes de munic\u00edpios fora dos grandes centros tenham acesso a cursos de n\u00edvel superior oferecidos por institui\u00e7\u00f5es p\u00fablicas.<\/p>\n<p><span style=\"background-color: transparent; color: inherit; font-size: inherit; font-weight: inherit; letter-spacing: inherit; text-decoration-line: underline;\">O fortalecimento do Polo UAB representa uma oportunidade de ampliar as possibilidades de qualifica\u00e7\u00e3o da popula\u00e7\u00e3o e, consequentemente, contribuir para o desenvolvimento social e econ\u00f4mico do munic\u00edpio.\u00a0<\/span>A presen\u00e7a do munic\u00edpio no encontro tamb\u00e9m possibilitou a troca de experi\u00eancias com outras localidades que integram a rede da Universidade Aberta do Brasil, al\u00e9m do debate sobre medidas que podem ampliar e aprimorar a oferta de educa\u00e7\u00e3o superior p\u00fablica.<\/p>\n<p>Ao completar duas d\u00e9cadas, a UAB se consolida como uma importante pol\u00edtica de expans\u00e3o do ensino superior, especialmente para regi\u00f5es onde o acesso presencial \u00e0s universidades \u00e9 mais limitado. Nesse contexto, os polos municipais exercem papel estrat\u00e9gico na aproxima\u00e7\u00e3o entre as institui\u00e7\u00f5es de ensino e os estudantes.<\/p>\n","protected":false},"excerpt":{"rendered":"<p>Munic\u00edpio foi representado no I Encontro de F\u00f3runs UAB, realizado em comemora\u00e7\u00e3o aos 20 anos da Universidade Aberta do Brasil; evento discutiu expans\u00e3o do ensino superior p\u00fablico e fortalecimento dos polos presenciais &nbsp; Nanuque, no Vale do Mucuri, participou do I Encontro de F\u00f3runs UAB, realizado em celebra\u00e7\u00e3o aos 20 anos da Universidade Aberta do Brasil (UAB). O munic\u00edpio foi representado pelo coordenador do Polo UAB Nanuque, professor doutor M\u00e1rcio Miranda Santos. &nbsp; O encontro reuniu representantes de diferentes munic\u00edpios e institui\u00e7\u00f5es para discutir estrat\u00e9gias voltadas ao fortalecimento da educa\u00e7\u00e3o superior p\u00fablica, gratuita e de qualidade no pa\u00eds. Entre os temas a\u00a0bordados estiveram a import\u00e2ncia dos polos presenciais, a amplia\u00e7\u00e3o da oferta de cursos, a melhoria da infraestrutura e o fortalecimento da integra\u00e7\u00e3o entre munic\u00edpios e institui\u00e7\u00f5es de ensino. A participa\u00e7\u00e3o de Nanuque no evento refor\u00e7a o papel do Polo UAB como instrumento de amplia\u00e7\u00e3o do acesso \u00e0 forma\u00e7\u00e3o acad\u00eamica e profissional. or meio da educa\u00e7\u00e3o a dist\u00e2ncia, articulada com os polos presenciais, a iniciativa permite que estudantes de munic\u00edpios fora dos grandes centros tenham acesso a cursos de n\u00edvel superior oferecidos por institui\u00e7\u00f5es p\u00fablicas. O fortalecimento do Polo UAB representa uma oportunidade de ampliar as possibilidades de qualifica\u00e7\u00e3o da popula\u00e7\u00e3o e, consequentemente, contribuir para o desenvolvimento social e econ\u00f4mico do munic\u00edpio.\u00a0A presen\u00e7a do munic\u00edpio no encontro tamb\u00e9m possibilitou a troca de experi\u00eancias com outras localidades que integram a rede da Universidade Aberta do Brasil, al\u00e9m do debate sobre medidas que podem ampliar e aprimorar a oferta de educa\u00e7\u00e3o superior p\u00fablica. Ao completar duas d\u00e9cadas, a UAB se consolida como uma importante pol\u00edtica de expans\u00e3o do ensino superior, especialmente para regi\u00f5es onde o acesso presencial \u00e0s universidades \u00e9 mais limitado. Nesse contexto, os polos municipais exercem papel estrat\u00e9gico na aproxima\u00e7\u00e3o entre as institui\u00e7\u00f5es de ensino e os estudantes.<\/p>\n","protected":false},"author":1,"featured_media":3257,"comment_status":"open","ping_status":"open","sticky":false,"template":"","format":"standard","meta":{"_monsterinsights_skip_tracking":false,"footnotes":""},"categories":[9,35,11,12,17],"tags":[724,725],"class_list":["post-3256","post","type-post","status-publish","format-standard","has-post-thumbnail","hentry","category-educacao","category-minas-gerais","category-politica","category-regional","category-vale-do-mucuri","tag-encontro-de-foruns-uab","tag-universidade-aberta-do-brasil"],"aioseo_notices":[],"aioseo_head":"\n\t\t<!-- All in One SEO 5.0.1.1 - aioseo.com -->\n\t<meta name=\"description\" content=\"Munic\u00edpio foi representado no I Encontro de F\u00f3runs UAB, realizado em comemora\u00e7\u00e3o aos 20 anos da Universidade Aberta do Brasil; evento discutiu expans\u00e3o do ensino superior p\u00fablico e fortalecimento dos polos presenciais Nanuque, no Vale do Mucuri, participou do I Encontro de F\u00f3runs UAB, realizado em celebra\u00e7\u00e3o aos 20 anos da Universidade Aberta do\" \/>\n\t<meta name=\"robots\" content=\"max-image-preview:large\" \/>\n\t<meta name=\"author\" content=\"Portal Grande Norte\"\/>\n\t<link rel=\"canonical\" href=\"https:\/\/portalgrandenorte.com.br\/?p=3256\" \/>\n\t<meta name=\"generator\" content=\"All in One SEO (AIOSEO) 5.0.1.1\" \/>\n\t\t<meta property=\"og:locale\" content=\"pt_BR\" \/>\n\t\t<meta property=\"og:site_name\" content=\"Portal Grande Norte - O maior portal de not\u00edcias do Norte de Minas\" \/>\n\t\t<meta property=\"og:type\" content=\"article\" \/>\n\t\t<meta property=\"og:title\" content=\"Nanuque participa de encontro nacional para debater fortalecimento da educa\u00e7\u00e3o superior p\u00fablica - Portal Grande Norte\" \/>\n\t\t<meta property=\"og:description\" content=\"Munic\u00edpio foi representado no I Encontro de F\u00f3runs UAB, realizado em comemora\u00e7\u00e3o aos 20 anos da Universidade Aberta do Brasil; evento discutiu expans\u00e3o do ensino superior p\u00fablico e fortalecimento dos polos presenciais Nanuque, no Vale do Mucuri, participou do I Encontro de F\u00f3runs UAB, realizado em celebra\u00e7\u00e3o aos 20 anos da Universidade Aberta do\" \/>\n\t\t<meta property=\"og:url\" content=\"https:\/\/portalgrandenorte.com.br\/?p=3256\" \/>\n\t\t<meta property=\"og:image\" content=\"https:\/\/portalgrandenorte.com.br\/wp-content\/uploads\/2025\/08\/cropped-cropped-Logotipo-Portal-Grande-Norte-5.png\" \/>\n\t\t<meta property=\"og:image:secure_url\" content=\"https:\/\/portalgrandenorte.com.br\/wp-content\/uploads\/2025\/08\/cropped-cropped-Logotipo-Portal-Grande-Norte-5.png\" \/>\n\t\t<meta property=\"article:published_time\" content=\"2026-08-26T12:35:29+00:00\" \/>\n\t\t<meta property=\"article:modified_time\" content=\"2026-08-26T13:00:55+00:00\" \/>\n\t\t<meta name=\"twitter:card\" content=\"summary_large_image\" \/>\n\t\t<meta name=\"twitter:title\" content=\"Nanuque participa de encontro nacional para debater fortalecimento da educa\u00e7\u00e3o superior p\u00fablica - Portal Grande Norte\" \/>\n\t\t<meta name=\"twitter:description\" content=\"Munic\u00edpio foi representado no I Encontro de F\u00f3runs UAB, realizado em comemora\u00e7\u00e3o aos 20 anos da Universidade Aberta do Brasil; evento discutiu expans\u00e3o do ensino superior p\u00fablico e fortalecimento dos polos presenciais Nanuque, no Vale do Mucuri, participou do I Encontro de F\u00f3runs UAB, realizado em celebra\u00e7\u00e3o aos 20 anos da Universidade Aberta do\" \/>\n\t\t<meta name=\"twitter:image\" content=\"https:\/\/portalgrandenorte.com.br\/wp-content\/uploads\/2025\/08\/cropped-cropped-Logotipo-Portal-Grande-Norte-5.png\" \/>\n\t\t<script type=\"application\/ld+json\" class=\"aioseo-schema\">\n\t\t\t{\"@context\":\"https:\\\/\\\/schema.org\",\"@graph\":[{\"@type\":\"BlogPosting\",\"@id\":\"https:\\\/\\\/portalgrandenorte.com.br\\\/?p=3256#blogposting\",\"name\":\"Nanuque participa de encontro nacional para debater fortalecimento da educa\\u00e7\\u00e3o superior p\\u00fablica - Portal Grande Norte\",\"headline\":\"Nanuque participa de encontro nacional para debater fortalecimento da educa\\u00e7\\u00e3o superior p\\u00fablica\",\"author\":{\"@id\":\"https:\\\/\\\/portalgrandenorte.com.br\\\/?author=1#author\"},\"publisher\":{\"@id\":\"https:\\\/\\\/portalgrandenorte.com.br\\\/#organization\"},\"image\":{\"@type\":\"ImageObject\",\"url\":\"https:\\\/\\\/portalgrandenorte.com.br\\\/wp-content\\\/uploads\\\/2026\\\/08\\\/1-1109.png\",\"width\":338,\"height\":248},\"datePublished\":\"2026-08-26T09:35:29-03:00\",\"dateModified\":\"2026-08-26T10:00:55-03:00\",\"inLanguage\":\"pt-BR\",\"mainEntityOfPage\":{\"@id\":\"https:\\\/\\\/portalgrandenorte.com.br\\\/?p=3256#webpage\"},\"isPartOf\":{\"@id\":\"https:\\\/\\\/portalgrandenorte.com.br\\\/?p=3256#webpage\"},\"articleSection\":\"Educa\\u00e7\\u00e3o, Minas Gerais, Pol\\u00edtica, Regional, Vale do Mucuri, Encontro de F\\u00f3runs UAB, Universidade Aberta do Brasil\"},{\"@type\":\"BreadcrumbList\",\"@id\":\"https:\\\/\\\/portalgrandenorte.com.br\\\/?p=3256#breadcrumblist\",\"itemListElement\":[{\"@type\":\"ListItem\",\"@id\":\"https:\\\/\\\/portalgrandenorte.com.br#listItem\",\"position\":1,\"name\":\"Home\",\"item\":\"https:\\\/\\\/portalgrandenorte.com.br\",\"nextItem\":{\"@type\":\"ListItem\",\"@id\":\"https:\\\/\\\/portalgrandenorte.com.br\\\/?cat=6#listItem\",\"name\":\"Categorias\"}},{\"@type\":\"ListItem\",\"@id\":\"https:\\\/\\\/portalgrandenorte.com.br\\\/?cat=6#listItem\",\"position\":2,\"name\":\"Categorias\",\"item\":\"https:\\\/\\\/portalgrandenorte.com.br\\\/?cat=6\",\"nextItem\":{\"@type\":\"ListItem\",\"@id\":\"https:\\\/\\\/portalgrandenorte.com.br\\\/?cat=9#listItem\",\"name\":\"Educa\\u00e7\\u00e3o\"},\"previousItem\":{\"@type\":\"ListItem\",\"@id\":\"https:\\\/\\\/portalgrandenorte.com.br#listItem\",\"name\":\"Home\"}},{\"@type\":\"ListItem\",\"@id\":\"https:\\\/\\\/portalgrandenorte.com.br\\\/?cat=9#listItem\",\"position\":3,\"name\":\"Educa\\u00e7\\u00e3o\",\"item\":\"https:\\\/\\\/portalgrandenorte.com.br\\\/?cat=9\",\"nextItem\":{\"@type\":\"ListItem\",\"@id\":\"https:\\\/\\\/portalgrandenorte.com.br\\\/?p=3256#listItem\",\"name\":\"Nanuque participa de encontro nacional para debater fortalecimento da educa\\u00e7\\u00e3o superior p\\u00fablica\"},\"previousItem\":{\"@type\":\"ListItem\",\"@id\":\"https:\\\/\\\/portalgrandenorte.com.br\\\/?cat=6#listItem\",\"name\":\"Categorias\"}},{\"@type\":\"ListItem\",\"@id\":\"https:\\\/\\\/portalgrandenorte.com.br\\\/?p=3256#listItem\",\"position\":4,\"name\":\"Nanuque participa de encontro nacional para debater fortalecimento da educa\\u00e7\\u00e3o superior p\\u00fablica\",\"previousItem\":{\"@type\":\"ListItem\",\"@id\":\"https:\\\/\\\/portalgrandenorte.com.br\\\/?cat=9#listItem\",\"name\":\"Educa\\u00e7\\u00e3o\"}}]},{\"@type\":\"Organization\",\"@id\":\"https:\\\/\\\/portalgrandenorte.com.br\\\/#organization\",\"name\":\"Portal Grande Norte\",\"description\":\"O maior portal de not\\u00edcias do Norte de Minas\",\"url\":\"https:\\\/\\\/portalgrandenorte.com.br\\\/\",\"logo\":{\"@type\":\"ImageObject\",\"url\":\"https:\\\/\\\/portalgrandenorte.com.br\\\/wp-content\\\/uploads\\\/2025\\\/08\\\/cropped-cropped-Logotipo-Portal-Grande-Norte-5.png\",\"@id\":\"https:\\\/\\\/portalgrandenorte.com.br\\\/?p=3256\\\/#organizationLogo\",\"width\":500,\"height\":244},\"image\":{\"@id\":\"https:\\\/\\\/portalgrandenorte.com.br\\\/?p=3256\\\/#organizationLogo\"}},{\"@type\":\"Person\",\"@id\":\"https:\\\/\\\/portalgrandenorte.com.br\\\/?author=1#author\",\"url\":\"https:\\\/\\\/portalgrandenorte.com.br\\\/?author=1\",\"name\":\"Portal Grande Norte\",\"image\":{\"@type\":\"ImageObject\",\"@id\":\"https:\\\/\\\/portalgrandenorte.com.br\\\/?p=3256#authorImage\",\"url\":\"https:\\\/\\\/secure.gravatar.com\\\/avatar\\\/f158a5a9dbb2d0e63533b05d8583976740387b7e0d7a969ed14e84a8e1c8308a?s=96&d=mm&r=g\",\"width\":96,\"height\":96,\"caption\":\"Portal Grande Norte\"}},{\"@type\":\"WebPage\",\"@id\":\"https:\\\/\\\/portalgrandenorte.com.br\\\/?p=3256#webpage\",\"url\":\"https:\\\/\\\/portalgrandenorte.com.br\\\/?p=3256\",\"name\":\"Nanuque participa de encontro nacional para debater fortalecimento da educa\\u00e7\\u00e3o superior p\\u00fablica - Portal Grande Norte\",\"description\":\"Munic\\u00edpio foi representado no I Encontro de F\\u00f3runs UAB, realizado em comemora\\u00e7\\u00e3o aos 20 anos da Universidade Aberta do Brasil; evento discutiu expans\\u00e3o do ensino superior p\\u00fablico e fortalecimento dos polos presenciais Nanuque, no Vale do Mucuri, participou do I Encontro de F\\u00f3runs UAB, realizado em celebra\\u00e7\\u00e3o aos 20 anos da Universidade Aberta do\",\"inLanguage\":\"pt-BR\",\"isPartOf\":{\"@id\":\"https:\\\/\\\/portalgrandenorte.com.br\\\/#website\"},\"breadcrumb\":{\"@id\":\"https:\\\/\\\/portalgrandenorte.com.br\\\/?p=3256#breadcrumblist\"},\"author\":{\"@id\":\"https:\\\/\\\/portalgrandenorte.com.br\\\/?author=1#author\"},\"creator\":{\"@id\":\"https:\\\/\\\/portalgrandenorte.com.br\\\/?author=1#author\"},\"image\":{\"@type\":\"ImageObject\",\"url\":\"https:\\\/\\\/portalgrandenorte.com.br\\\/wp-content\\\/uploads\\\/2026\\\/08\\\/1-1109.png\",\"@id\":\"https:\\\/\\\/portalgrandenorte.com.br\\\/?p=3256\\\/#mainImage\",\"width\":338,\"height\":248},\"primaryImageOfPage\":{\"@id\":\"https:\\\/\\\/portalgrandenorte.com.br\\\/?p=3256#mainImage\"},\"datePublished\":\"2026-08-26T09:35:29-03:00\",\"dateModified\":\"2026-08-26T10:00:55-03:00\"},{\"@type\":\"WebSite\",\"@id\":\"https:\\\/\\\/portalgrandenorte.com.br\\\/#website\",\"url\":\"https:\\\/\\\/portalgrandenorte.com.br\\\/\",\"name\":\"Portal Grande Norte\",\"description\":\"O maior portal de not\\u00edcias do Norte de Minas\",\"inLanguage\":\"pt-BR\",\"publisher\":{\"@id\":\"https:\\\/\\\/portalgrandenorte.com.br\\\/#organization\"}}]}\n\t\t<\/script>\n\t\t<!-- All in One SEO -->\n\n","aioseo_head_json":{"title":"Nanuque participa de encontro nacional para debater fortalecimento da educa\u00e7\u00e3o superior p\u00fablica - Portal Grande Norte","description":"Munic\u00edpio foi representado no I Encontro de F\u00f3runs UAB, realizado em comemora\u00e7\u00e3o aos 20 anos da Universidade Aberta do Brasil; evento discutiu expans\u00e3o do ensino superior p\u00fablico e fortalecimento dos polos presenciais Nanuque, no Vale do Mucuri, participou do I Encontro de F\u00f3runs UAB, realizado em celebra\u00e7\u00e3o aos 20 anos da Universidade Aberta do","canonical_url":"https:\/\/portalgrandenorte.com.br\/?p=3256","robots":"max-image-preview:large","keywords":"","webmasterTools":{"miscellaneous":""},"schema":{"@context":"https:\/\/schema.org","@graph":[{"@type":"BlogPosting","@id":"https:\/\/portalgrandenorte.com.br\/?p=3256#blogposting","name":"Nanuque participa de encontro nacional para debater fortalecimento da educa\u00e7\u00e3o superior p\u00fablica - Portal Grande Norte","headline":"Nanuque participa de encontro nacional para debater fortalecimento da educa\u00e7\u00e3o superior p\u00fablica","author":{"@id":"https:\/\/portalgrandenorte.com.br\/?author=1#author"},"publisher":{"@id":"https:\/\/portalgrandenorte.com.br\/#organization"},"image":{"@type":"ImageObject","url":"https:\/\/portalgrandenorte.com.br\/wp-content\/uploads\/2026\/08\/1-1109.png","width":338,"height":248},"datePublished":"2026-08-26T09:35:29-03:00","dateModified":"2026-08-26T10:00:55-03:00","inLanguage":"pt-BR","mainEntityOfPage":{"@id":"https:\/\/portalgrandenorte.com.br\/?p=3256#webpage"},"isPartOf":{"@id":"https:\/\/portalgrandenorte.com.br\/?p=3256#webpage"},"articleSection":"Educa\u00e7\u00e3o, Minas Gerais, Pol\u00edtica, Regional, Vale do Mucuri, Encontro de F\u00f3runs UAB, Universidade Aberta do Brasil"},{"@type":"BreadcrumbList","@id":"https:\/\/portalgrandenorte.com.br\/?p=3256#breadcrumblist","itemListElement":[{"@type":"ListItem","@id":"https:\/\/portalgrandenorte.com.br#listItem","position":1,"name":"Home","item":"https:\/\/portalgrandenorte.com.br","nextItem":{"@type":"ListItem","@id":"https:\/\/portalgrandenorte.com.br\/?cat=6#listItem","name":"Categorias"}},{"@type":"ListItem","@id":"https:\/\/portalgrandenorte.com.br\/?cat=6#listItem","position":2,"name":"Categorias","item":"https:\/\/portalgrandenorte.com.br\/?cat=6","nextItem":{"@type":"ListItem","@id":"https:\/\/portalgrandenorte.com.br\/?cat=9#listItem","name":"Educa\u00e7\u00e3o"},"previousItem":{"@type":"ListItem","@id":"https:\/\/portalgrandenorte.com.br#listItem","name":"Home"}},{"@type":"ListItem","@id":"https:\/\/portalgrandenorte.com.br\/?cat=9#listItem","position":3,"name":"Educa\u00e7\u00e3o","item":"https:\/\/portalgrandenorte.com.br\/?cat=9","nextItem":{"@type":"ListItem","@id":"https:\/\/portalgrandenorte.com.br\/?p=3256#listItem","name":"Nanuque participa de encontro nacional para debater fortalecimento da educa\u00e7\u00e3o superior p\u00fablica"},"previousItem":{"@type":"ListItem","@id":"https:\/\/portalgrandenorte.com.br\/?cat=6#listItem","name":"Categorias"}},{"@type":"ListItem","@id":"https:\/\/portalgrandenorte.com.br\/?p=3256#listItem","position":4,"name":"Nanuque participa de encontro nacional para debater fortalecimento da educa\u00e7\u00e3o superior p\u00fablica","previousItem":{"@type":"ListItem","@id":"https:\/\/portalgrandenorte.com.br\/?cat=9#listItem","name":"Educa\u00e7\u00e3o"}}]},{"@type":"Organization","@id":"https:\/\/portalgrandenorte.com.br\/#organization","name":"Portal Grande Norte","description":"O maior portal de not\u00edcias do Norte de Minas","url":"https:\/\/portalgrandenorte.com.br\/","logo":{"@type":"ImageObject","url":"https:\/\/portalgrandenorte.com.br\/wp-content\/uploads\/2025\/08\/cropped-cropped-Logotipo-Portal-Grande-Norte-5.png","@id":"https:\/\/portalgrandenorte.com.br\/?p=3256\/#organizationLogo","width":500,"height":244},"image":{"@id":"https:\/\/portalgrandenorte.com.br\/?p=3256\/#organizationLogo"}},{"@type":"Person","@id":"https:\/\/portalgrandenorte.com.br\/?author=1#author","url":"https:\/\/portalgrandenorte.com.br\/?author=1","name":"Portal Grande Norte","image":{"@type":"ImageObject","@id":"https:\/\/portalgrandenorte.com.br\/?p=3256#authorImage","url":"https:\/\/secure.gravatar.com\/avatar\/f158a5a9dbb2d0e63533b05d8583976740387b7e0d7a969ed14e84a8e1c8308a?s=96&d=mm&r=g","width":96,"height":96,"caption":"Portal Grande Norte"}},{"@type":"WebPage","@id":"https:\/\/portalgrandenorte.com.br\/?p=3256#webpage","url":"https:\/\/portalgrandenorte.com.br\/?p=3256","name":"Nanuque participa de encontro nacional para debater fortalecimento da educa\u00e7\u00e3o superior p\u00fablica - Portal Grande Norte","description":"Munic\u00edpio foi representado no I Encontro de F\u00f3runs UAB, realizado em comemora\u00e7\u00e3o aos 20 anos da Universidade Aberta do Brasil; evento discutiu expans\u00e3o do ensino superior p\u00fablico e fortalecimento dos polos presenciais Nanuque, no Vale do Mucuri, participou do I Encontro de F\u00f3runs UAB, realizado em celebra\u00e7\u00e3o aos 20 anos da Universidade Aberta do","inLanguage":"pt-BR","isPartOf":{"@id":"https:\/\/portalgrandenorte.com.br\/#website"},"breadcrumb":{"@id":"https:\/\/portalgrandenorte.com.br\/?p=3256#breadcrumblist"},"author":{"@id":"https:\/\/portalgrandenorte.com.br\/?author=1#author"},"creator":{"@id":"https:\/\/portalgrandenorte.com.br\/?author=1#author"},"image":{"@type":"ImageObject","url":"https:\/\/portalgrandenorte.com.br\/wp-content\/uploads\/2026\/08\/1-1109.png","@id":"https:\/\/portalgrandenorte.com.br\/?p=3256\/#mainImage","width":338,"height":248},"primaryImageOfPage":{"@id":"https:\/\/portalgrandenorte.com.br\/?p=3256#mainImage"},"datePublished":"2026-08-26T09:35:29-03:00","dateModified":"2026-08-26T10:00:55-03:00"},{"@type":"WebSite","@id":"https:\/\/portalgrandenorte.com.br\/#website","url":"https:\/\/portalgrandenorte.com.br\/","name":"Portal Grande Norte","description":"O maior portal de not\u00edcias do Norte de Minas","inLanguage":"pt-BR","publisher":{"@id":"https:\/\/portalgrandenorte.com.br\/#organization"}}]},"og:locale":"pt_BR","og:site_name":"Portal Grande Norte - O maior portal de not\u00edcias do Norte de Minas","og:type":"article","og:title":"Nanuque participa de encontro nacional para debater fortalecimento da educa\u00e7\u00e3o superior p\u00fablica - Portal Grande Norte","og:description":"Munic\u00edpio foi representado no I Encontro de F\u00f3runs UAB, realizado em comemora\u00e7\u00e3o aos 20 anos da Universidade Aberta do Brasil; evento discutiu expans\u00e3o do ensino superior p\u00fablico e fortalecimento dos polos presenciais Nanuque, no Vale do Mucuri, participou do I Encontro de F\u00f3runs UAB, realizado em celebra\u00e7\u00e3o aos 20 anos da Universidade Aberta do","og:url":"https:\/\/portalgrandenorte.com.br\/?p=3256","og:image":"https:\/\/portalgrandenorte.com.br\/wp-content\/uploads\/2025\/08\/cropped-cropped-Logotipo-Portal-Grande-Norte-5.png","og:image:secure_url":"https:\/\/portalgrandenorte.com.br\/wp-content\/uploads\/2025\/08\/cropped-cropped-Logotipo-Portal-Grande-Norte-5.png","article:published_time":"2026-08-26T12:35:29+00:00","article:modified_time":"2026-08-26T13:00:55+00:00","twitter:card":"summary_large_image","twitter:title":"Nanuque participa de encontro nacional para debater fortalecimento da educa\u00e7\u00e3o superior p\u00fablica - Portal Grande Norte","twitter:description":"Munic\u00edpio foi representado no I Encontro de F\u00f3runs UAB, realizado em comemora\u00e7\u00e3o aos 20 anos da Universidade Aberta do Brasil; evento discutiu expans\u00e3o do ensino superior p\u00fablico e fortalecimento dos polos presenciais Nanuque, no Vale do Mucuri, participou do I Encontro de F\u00f3runs UAB, realizado em celebra\u00e7\u00e3o aos 20 anos da Universidade Aberta do","twitter:image":"https:\/\/portalgrandenorte.com.br\/wp-content\/uploads\/2025\/08\/cropped-cropped-Logotipo-Portal-Grande-Norte-5.png"},"aioseo_meta_data":{"post_id":"3256","title":null,"description":null,"keywords":null,"keyphrases":{"focus":{"keyphrase":"","score":0,"analysis":{"keyphraseInTitle":{"score":0,"maxScore":9,"error":1}}},"additional":[]},"primary_term":null,"canonical_url":null,"og_title":null,"og_description":null,"og_object_type":"default","og_image_type":"default","og_image_custom_url":null,"og_image_custom_fields":null,"og_image_url":null,"og_image_width":null,"og_image_height":null,"og_video":"","og_custom_url":null,"og_article_section":null,"og_article_tags":null,"twitter_use_og":true,"twitter_card":"default","twitter_image_type":"default","twitter_image_custom_url":null,"twitter_image_custom_fields":null,"twitter_image_url":null,"twitter_title":null,"twitter_description":null,"schema_type":"default","schema_type_options":null,"schema":{"blockGraphs":[],"customGraphs":[],"default":{"data":{"Article":[],"Course":[],"Dataset":[],"FAQPage":[],"Movie":[],"Person":[],"Product":[],"ProductReview":[],"Car":[],"Recipe":[],"Service":[],"SoftwareApplication":[],"WebPage":[]},"graphName":"BlogPosting","isEnabled":true},"graphs":[]},"pillar_content":false,"robots_default":true,"robots_noindex":false,"robots_noarchive":false,"robots_nosnippet":false,"robots_nofollow":false,"robots_noimageindex":false,"robots_noodp":false,"robots_notranslate":false,"robots_max_snippet":"-1","robots_max_videopreview":"-1","robots_max_imagepreview":"large","priority":null,"frequency":"default","local_seo":null,"limit_modified_date":false,"ai":{"faqs":[],"keyPoints":[],"schemas":[],"titles":[],"descriptions":[],"socialPosts":{"email":{"subject":"","preview":"","content":""},"linkedin":[],"twitter":[],"facebook":[],"instagram":[]}},"breadcrumb_settings":null,"seo_analyzer_scan_date":null,"created":"2026-08-26 12:59:07","updated":"2026-08-26 19:42:36","focus_keyword":null,"additional_keywords":null,"truseo_locale":null},"aioseo_breadcrumb":"<div class=\"aioseo-breadcrumbs\"><span class=\"aioseo-breadcrumb\">\n\t\t\t<a href=\"https:\/\/portalgrandenorte.com.br\" title=\"Home\">Home<\/a>\n\t\t<\/span><span class=\"aioseo-breadcrumb-separator\">&raquo;<\/span><span class=\"aioseo-breadcrumb\">\n\t\t\t<a href=\"https:\/\/portalgrandenorte.com.br\/?cat=6\" title=\"Categorias\">Categorias<\/a>\n\t\t<\/span><span class=\"aioseo-breadcrumb-separator\">&raquo;<\/span><span class=\"aioseo-breadcrumb\">\n\t\t\t<a href=\"https:\/\/portalgrandenorte.com.br\/?cat=9\" title=\"Educa\u00e7\u00e3o\">Educa\u00e7\u00e3o<\/a>\n\t\t<\/span><span class=\"aioseo-breadcrumb-separator\">&raquo;<\/span><span class=\"aioseo-breadcrumb\">\n\t\t\tNanuque participa de encontro nacional para debater fortalecimento da educa\u00e7\u00e3o superior p\u00fablica\n\t\t<\/span><\/div>","aioseo_breadcrumb_json":[{"label":"Home","link":"https:\/\/portalgrandenorte.com.br"},{"label":"Categorias","link":"https:\/\/portalgrandenorte.com.br\/?cat=6"},{"label":"Educa\u00e7\u00e3o","link":"https:\/\/portalgrandenorte.com.br\/?cat=9"},{"label":"Nanuque participa de encontro nacional para debater fortalecimento da educa\u00e7\u00e3o superior p\u00fablica","link":"https:\/\/portalgrandenorte.com.br\/?p=3256"}],"_links":{"self":[{"href":"https:\/\/portalgrandenorte.com.br\/index.php?rest_route=\/wp\/v2\/posts\/3256","targetHints":{"allow":["GET"]}}],"collection":[{"href":"https:\/\/portalgrandenorte.com.br\/index.php?rest_route=\/wp\/v2\/posts"}],"about":[{"href":"https:\/\/portalgrandenorte.com.br\/index.php?rest_route=\/wp\/v2\/types\/post"}],"author":[{"embeddable":true,"href":"https:\/\/portalgrandenorte.com.br\/index.php?rest_route=\/wp\/v2\/users\/1"}],"replies":[{"embeddable":true,"href":"https:\/\/portalgrandenorte.com.br\/index.php?rest_route=%2Fwp%2Fv2%2Fcomments&post=3256"}],"version-history":[{"count":2,"href":"https:\/\/portalgrandenorte.com.br\/index.php?rest_route=\/wp\/v2\/posts\/3256\/revisions"}],"predecessor-version":[{"id":3259,"href":"https:\/\/portalgrandenorte.com.br\/index.php?rest_route=\/wp\/v2\/posts\/3256\/revisions\/3259"}],"wp:featuredmedia":[{"embeddable":true,"href":"https:\/\/portalgrandenorte.com.br\/index.php?rest_route=\/wp\/v2\/media\/3257"}],"wp:attachment":[{"href":"https:\/\/portalgrandenorte.com.br\/index.php?rest_route=%2Fwp%2Fv2%2Fmedia&parent=3256"}],"wp:term":[{"taxonomy":"category","embeddable":true,"href":"https:\/\/portalgrandenorte.com.br\/index.php?rest_route=%2Fwp%2Fv2%2Fcategories&post=3256"},{"taxonomy":"post_tag","embeddable":true,"href":"https:\/\/portalgrandenorte.com.br\/index.php?rest_route=%2Fwp%2Fv2%2Ftags&post=3256"}],"curies":[{"name":"wp","href":"https:\/\/api.w.org\/{rel}","templated":true}]}}