{"id":3251,"date":"2026-08-26T09:38:03","date_gmt":"2026-08-26T12:38:03","guid":{"rendered":"https:\/\/portalgrandenorte.com.br\/?p=3251"},"modified":"2026-08-26T09:53:25","modified_gmt":"2026-08-26T12:53:25","slug":"datas-se-prepara-para-a-festa-dos-datenses-ausentes-2026","status":"publish","type":"post","link":"https:\/\/portalgrandenorte.com.br\/?p=3251","title":{"rendered":"Datas se prepara para a Festa dos Datenses Ausentes 2026"},"content":{"rendered":"<h2>Tradicional celebra\u00e7\u00e3o ser\u00e1 realizada de 30 de agosto a 7 de setembro, com shows, atividades culturais, programa\u00e7\u00e3o religiosa e eventos que valorizam as tradi\u00e7\u00f5es do munic\u00edpio<\/h2>\n<p>A cidade de Datas, no <a href=\"https:\/\/portalgrandenorte.com.br\/?cat=16\">Vale do Jequitinhonha<\/a>, se prepara para receber mais uma edi\u00e7\u00e3o da Festa dos Datenses Ausentes, uma das celebra\u00e7\u00f5es tradicionais do munic\u00edpio. Em 2026, o evento ser\u00e1 realizado entre os dias 30 de agosto e 7 de setembro, na Pra\u00e7a P\u00fablica de Datas, com uma programa\u00e7\u00e3o voltada ao reencontro de moradores, visitantes e datenses que vivem fora da cidade.<\/p>\n<p>A festa re\u00fane m\u00fasica, cultura, religiosidade e tradi\u00e7\u00f5es locais em uma programa\u00e7\u00e3o que busca fortalecer os v\u00ednculos entre a popula\u00e7\u00e3o e aqueles que deixaram o munic\u00edpio, mas mant\u00eam a rela\u00e7\u00e3o com suas origens. Durante os dias de celebra\u00e7\u00e3o, Datas tamb\u00e9m deve receber visitantes de diferentes cidades da regi\u00e3o.<\/p>\n<p>Entre as atra\u00e7\u00f5es musicais confirmadas est\u00e3o Di Paullo &amp; Paulino, Falamansa, Igor Ferrari, Matheuzinho, Uh Bloco, DJ Beat Borges, Douglas &amp; Roberta e Tup\u00e3. Outros artistas e apresenta\u00e7\u00f5es tamb\u00e9m est\u00e3o previstos ao longo da programa\u00e7\u00e3o.<\/p>\n<p>Al\u00e9m dos shows, a Festa dos Datenses Ausentes mant\u00e9m atividades que fazem parte da identidade cultural do munic\u00edpio. Entre os destaques est\u00e3o a Feira do Produtor Rural, a Missa e Caf\u00e9 dos Datenses, a programa\u00e7\u00e3o infantil, o Desfile C\u00edvico e a tradicional Maratona da Independ\u00eancia.<\/p>\n<p><strong>Tradi\u00e7\u00e3o e reencontro<\/strong><\/p>\n<p>Mais do que uma programa\u00e7\u00e3o de entretenimento, a festa representa um momento de reencontro para fam\u00edlias e amigos e uma oportunidade de valorizar manifesta\u00e7\u00f5es culturais e tradi\u00e7\u00f5es que fazem parte da hist\u00f3ria de Datas.<\/p>\n<p>A presen\u00e7a dos datenses que vivem em outras cidades e regi\u00f5es do pa\u00eds \u00e9 um dos elementos centrais da celebra\u00e7\u00e3o. O evento cria um ambiente de confraterniza\u00e7\u00e3o entre quem permanece no munic\u00edpio, quem retorna para visitar familiares e aqueles que aproveitam o per\u00edodo festivo para rever amigos e suas ra\u00edzes.<\/p>\n<p>Com a programa\u00e7\u00e3o distribu\u00edda ao longo de nove dias, a Festa dos Datenses Ausentes 2026 pretende movimentar a Pra\u00e7a P\u00fablica e reunir moradores e visitantes em torno de uma agenda que combina atra\u00e7\u00f5es musicais, atividades culturais, religiosas e c\u00edvicas.<\/p>\n<p>A celebra\u00e7\u00e3o tamb\u00e9m contribui para manter vivas as tradi\u00e7\u00f5es locais e refor\u00e7ar a identidade cultural de Datas, transformando o per\u00edodo da festa em um dos momentos de maior integra\u00e7\u00e3o entre a comunidade e os datenses ausentes.<\/p>\n<p><img fetchpriority=\"high\" decoding=\"async\" class=\" wp-image-3252 alignleft\" src=\"https:\/\/portalgrandenorte.com.br\/wp-content\/uploads\/2026\/08\/Datense-Ausente-240x300.jpg\" alt=\"\" width=\"1320\" height=\"1650\" srcset=\"https:\/\/portalgrandenorte.com.br\/wp-content\/uploads\/2026\/08\/Datense-Ausente-240x300.jpg 240w, https:\/\/portalgrandenorte.com.br\/wp-content\/uploads\/2026\/08\/Datense-Ausente.jpg 512w\" sizes=\"(max-width: 1320px) 100vw, 1320px\" \/><\/p>\n","protected":false},"excerpt":{"rendered":"<p>Tradicional celebra\u00e7\u00e3o ser\u00e1 realizada de 30 de agosto a 7 de setembro, com shows, atividades culturais, programa\u00e7\u00e3o religiosa e eventos que valorizam as tradi\u00e7\u00f5es do munic\u00edpio A cidade de Datas, no Vale do Jequitinhonha, se prepara para receber mais uma edi\u00e7\u00e3o da Festa dos Datenses Ausentes, uma das celebra\u00e7\u00f5es tradicionais do munic\u00edpio. Em 2026, o evento ser\u00e1 realizado entre os dias 30 de agosto e 7 de setembro, na Pra\u00e7a P\u00fablica de Datas, com uma programa\u00e7\u00e3o voltada ao reencontro de moradores, visitantes e datenses que vivem fora da cidade. A festa re\u00fane m\u00fasica, cultura, religiosidade e tradi\u00e7\u00f5es locais em uma programa\u00e7\u00e3o que busca fortalecer os v\u00ednculos entre a popula\u00e7\u00e3o e aqueles que deixaram o munic\u00edpio, mas mant\u00eam a rela\u00e7\u00e3o com suas origens. Durante os dias de celebra\u00e7\u00e3o, Datas tamb\u00e9m deve receber visitantes de diferentes cidades da regi\u00e3o. Entre as atra\u00e7\u00f5es musicais confirmadas est\u00e3o Di Paullo &amp; Paulino, Falamansa, Igor Ferrari, Matheuzinho, Uh Bloco, DJ Beat Borges, Douglas &amp; Roberta e Tup\u00e3. Outros artistas e apresenta\u00e7\u00f5es tamb\u00e9m est\u00e3o previstos ao longo da programa\u00e7\u00e3o. Al\u00e9m dos shows, a Festa dos Datenses Ausentes mant\u00e9m atividades que fazem parte da identidade cultural do munic\u00edpio. Entre os destaques est\u00e3o a Feira do Produtor Rural, a Missa e Caf\u00e9 dos Datenses, a programa\u00e7\u00e3o infantil, o Desfile C\u00edvico e a tradicional Maratona da Independ\u00eancia. Tradi\u00e7\u00e3o e reencontro Mais do que uma programa\u00e7\u00e3o de entretenimento, a festa representa um momento de reencontro para fam\u00edlias e amigos e uma oportunidade de valorizar manifesta\u00e7\u00f5es culturais e tradi\u00e7\u00f5es que fazem parte da hist\u00f3ria de Datas. A presen\u00e7a dos datenses que vivem em outras cidades e regi\u00f5es do pa\u00eds \u00e9 um dos elementos centrais da celebra\u00e7\u00e3o. O evento cria um ambiente de confraterniza\u00e7\u00e3o entre quem permanece no munic\u00edpio, quem retorna para visitar familiares e aqueles que aproveitam o per\u00edodo festivo para rever amigos e suas ra\u00edzes. Com a programa\u00e7\u00e3o distribu\u00edda ao longo de nove dias, a Festa dos Datenses Ausentes 2026 pretende movimentar a Pra\u00e7a P\u00fablica e reunir moradores e visitantes em torno de uma agenda que combina atra\u00e7\u00f5es musicais, atividades culturais, religiosas e c\u00edvicas. A celebra\u00e7\u00e3o tamb\u00e9m contribui para manter vivas as tradi\u00e7\u00f5es locais e refor\u00e7ar a identidade cultural de Datas, transformando o per\u00edodo da festa em um dos momentos de maior integra\u00e7\u00e3o entre a comunidade e os datenses ausentes.<\/p>\n","protected":false},"author":1,"featured_media":3253,"comment_status":"open","ping_status":"open","sticky":false,"template":"","format":"standard","meta":{"_monsterinsights_skip_tracking":false,"footnotes":""},"categories":[47,35,12,341,16],"tags":[213,294,79,723,27,323],"class_list":["post-3251","post","type-post","status-publish","format-standard","has-post-thumbnail","hentry","category-cultura","category-minas-gerais","category-regional","category-social","category-vale-do-jequitinhonha","tag-cidadania","tag-cotidiano","tag-cultura","tag-datense-ausente","tag-minas-gerais","tag-vale-do-jequitinhonha"],"aioseo_notices":[],"aioseo_head":"\n\t\t<!-- All in One SEO 5.0.1.1 - aioseo.com -->\n\t<meta name=\"description\" content=\"Tradicional celebra\u00e7\u00e3o ser\u00e1 realizada de 30 de agosto a 7 de setembro, com shows, atividades culturais, programa\u00e7\u00e3o religiosa e eventos que valorizam as tradi\u00e7\u00f5es do munic\u00edpio A cidade de Datas, no Vale do Jequitinhonha, se prepara para receber mais uma edi\u00e7\u00e3o da Festa dos Datenses Ausentes, uma das celebra\u00e7\u00f5es tradicionais do munic\u00edpio. Em 2026, o\" \/>\n\t<meta name=\"robots\" content=\"max-image-preview:large\" \/>\n\t<meta name=\"author\" content=\"Portal Grande Norte\"\/>\n\t<link rel=\"canonical\" href=\"https:\/\/portalgrandenorte.com.br\/?p=3251\" \/>\n\t<meta name=\"generator\" content=\"All in One SEO (AIOSEO) 5.0.1.1\" \/>\n\t\t<meta property=\"og:locale\" content=\"pt_BR\" \/>\n\t\t<meta property=\"og:site_name\" content=\"Portal Grande Norte - O maior portal de not\u00edcias do Norte de Minas\" \/>\n\t\t<meta property=\"og:type\" content=\"article\" \/>\n\t\t<meta property=\"og:title\" content=\"Datas se prepara para a Festa dos Datenses Ausentes 2026 - Portal Grande Norte\" \/>\n\t\t<meta property=\"og:description\" content=\"Tradicional celebra\u00e7\u00e3o ser\u00e1 realizada de 30 de agosto a 7 de setembro, com shows, atividades culturais, programa\u00e7\u00e3o religiosa e eventos que valorizam as tradi\u00e7\u00f5es do munic\u00edpio A cidade de Datas, no Vale do Jequitinhonha, se prepara para receber mais uma edi\u00e7\u00e3o da Festa dos Datenses Ausentes, uma das celebra\u00e7\u00f5es tradicionais do munic\u00edpio. Em 2026, o\" \/>\n\t\t<meta property=\"og:url\" content=\"https:\/\/portalgrandenorte.com.br\/?p=3251\" \/>\n\t\t<meta property=\"og:image\" content=\"https:\/\/portalgrandenorte.com.br\/wp-content\/uploads\/2025\/08\/cropped-cropped-Logotipo-Portal-Grande-Norte-5.png\" \/>\n\t\t<meta property=\"og:image:secure_url\" content=\"https:\/\/portalgrandenorte.com.br\/wp-content\/uploads\/2025\/08\/cropped-cropped-Logotipo-Portal-Grande-Norte-5.png\" \/>\n\t\t<meta property=\"article:published_time\" content=\"2026-08-26T12:38:03+00:00\" \/>\n\t\t<meta property=\"article:modified_time\" content=\"2026-08-26T12:53:25+00:00\" \/>\n\t\t<meta name=\"twitter:card\" content=\"summary_large_image\" \/>\n\t\t<meta name=\"twitter:title\" content=\"Datas se prepara para a Festa dos Datenses Ausentes 2026 - Portal Grande Norte\" \/>\n\t\t<meta name=\"twitter:description\" content=\"Tradicional celebra\u00e7\u00e3o ser\u00e1 realizada de 30 de agosto a 7 de setembro, com shows, atividades culturais, programa\u00e7\u00e3o religiosa e eventos que valorizam as tradi\u00e7\u00f5es do munic\u00edpio A cidade de Datas, no Vale do Jequitinhonha, se prepara para receber mais uma edi\u00e7\u00e3o da Festa dos Datenses Ausentes, uma das celebra\u00e7\u00f5es tradicionais do munic\u00edpio. Em 2026, o\" \/>\n\t\t<meta name=\"twitter:image\" content=\"https:\/\/portalgrandenorte.com.br\/wp-content\/uploads\/2025\/08\/cropped-cropped-Logotipo-Portal-Grande-Norte-5.png\" \/>\n\t\t<script type=\"application\/ld+json\" class=\"aioseo-schema\">\n\t\t\t{\"@context\":\"https:\\\/\\\/schema.org\",\"@graph\":[{\"@type\":\"BlogPosting\",\"@id\":\"https:\\\/\\\/portalgrandenorte.com.br\\\/?p=3251#blogposting\",\"name\":\"Datas se prepara para a Festa dos Datenses Ausentes 2026 - Portal Grande Norte\",\"headline\":\"Datas se prepara para a Festa dos Datenses Ausentes 2026\",\"author\":{\"@id\":\"https:\\\/\\\/portalgrandenorte.com.br\\\/?author=1#author\"},\"publisher\":{\"@id\":\"https:\\\/\\\/portalgrandenorte.com.br\\\/#organization\"},\"image\":{\"@type\":\"ImageObject\",\"url\":\"https:\\\/\\\/portalgrandenorte.com.br\\\/wp-content\\\/uploads\\\/2026\\\/08\\\/Datense-Ausente-1.jpg\",\"width\":509,\"height\":431},\"datePublished\":\"2026-08-26T09:38:03-03:00\",\"dateModified\":\"2026-08-26T09:53:25-03:00\",\"inLanguage\":\"pt-BR\",\"mainEntityOfPage\":{\"@id\":\"https:\\\/\\\/portalgrandenorte.com.br\\\/?p=3251#webpage\"},\"isPartOf\":{\"@id\":\"https:\\\/\\\/portalgrandenorte.com.br\\\/?p=3251#webpage\"},\"articleSection\":\"Cultura, Minas Gerais, Regional, Social, Vale do Jequitinhonha, Cidadania, Cotidiano, Cultura, Datense Ausente, Minas Gerais, Vale do Jequitinhonha\"},{\"@type\":\"BreadcrumbList\",\"@id\":\"https:\\\/\\\/portalgrandenorte.com.br\\\/?p=3251#breadcrumblist\",\"itemListElement\":[{\"@type\":\"ListItem\",\"@id\":\"https:\\\/\\\/portalgrandenorte.com.br#listItem\",\"position\":1,\"name\":\"Home\",\"item\":\"https:\\\/\\\/portalgrandenorte.com.br\",\"nextItem\":{\"@type\":\"ListItem\",\"@id\":\"https:\\\/\\\/portalgrandenorte.com.br\\\/?cat=6#listItem\",\"name\":\"Categorias\"}},{\"@type\":\"ListItem\",\"@id\":\"https:\\\/\\\/portalgrandenorte.com.br\\\/?cat=6#listItem\",\"position\":2,\"name\":\"Categorias\",\"item\":\"https:\\\/\\\/portalgrandenorte.com.br\\\/?cat=6\",\"nextItem\":{\"@type\":\"ListItem\",\"@id\":\"https:\\\/\\\/portalgrandenorte.com.br\\\/?cat=12#listItem\",\"name\":\"Regional\"},\"previousItem\":{\"@type\":\"ListItem\",\"@id\":\"https:\\\/\\\/portalgrandenorte.com.br#listItem\",\"name\":\"Home\"}},{\"@type\":\"ListItem\",\"@id\":\"https:\\\/\\\/portalgrandenorte.com.br\\\/?cat=12#listItem\",\"position\":3,\"name\":\"Regional\",\"item\":\"https:\\\/\\\/portalgrandenorte.com.br\\\/?cat=12\",\"nextItem\":{\"@type\":\"ListItem\",\"@id\":\"https:\\\/\\\/portalgrandenorte.com.br\\\/?p=3251#listItem\",\"name\":\"Datas se prepara para a Festa dos Datenses Ausentes 2026\"},\"previousItem\":{\"@type\":\"ListItem\",\"@id\":\"https:\\\/\\\/portalgrandenorte.com.br\\\/?cat=6#listItem\",\"name\":\"Categorias\"}},{\"@type\":\"ListItem\",\"@id\":\"https:\\\/\\\/portalgrandenorte.com.br\\\/?p=3251#listItem\",\"position\":4,\"name\":\"Datas se prepara para a Festa dos Datenses Ausentes 2026\",\"previousItem\":{\"@type\":\"ListItem\",\"@id\":\"https:\\\/\\\/portalgrandenorte.com.br\\\/?cat=12#listItem\",\"name\":\"Regional\"}}]},{\"@type\":\"Organization\",\"@id\":\"https:\\\/\\\/portalgrandenorte.com.br\\\/#organization\",\"name\":\"Portal Grande Norte\",\"description\":\"O maior portal de not\\u00edcias do Norte de Minas\",\"url\":\"https:\\\/\\\/portalgrandenorte.com.br\\\/\",\"logo\":{\"@type\":\"ImageObject\",\"url\":\"https:\\\/\\\/portalgrandenorte.com.br\\\/wp-content\\\/uploads\\\/2025\\\/08\\\/cropped-cropped-Logotipo-Portal-Grande-Norte-5.png\",\"@id\":\"https:\\\/\\\/portalgrandenorte.com.br\\\/?p=3251\\\/#organizationLogo\",\"width\":500,\"height\":244},\"image\":{\"@id\":\"https:\\\/\\\/portalgrandenorte.com.br\\\/?p=3251\\\/#organizationLogo\"}},{\"@type\":\"Person\",\"@id\":\"https:\\\/\\\/portalgrandenorte.com.br\\\/?author=1#author\",\"url\":\"https:\\\/\\\/portalgrandenorte.com.br\\\/?author=1\",\"name\":\"Portal Grande Norte\",\"image\":{\"@type\":\"ImageObject\",\"@id\":\"https:\\\/\\\/portalgrandenorte.com.br\\\/?p=3251#authorImage\",\"url\":\"https:\\\/\\\/secure.gravatar.com\\\/avatar\\\/f158a5a9dbb2d0e63533b05d8583976740387b7e0d7a969ed14e84a8e1c8308a?s=96&d=mm&r=g\",\"width\":96,\"height\":96,\"caption\":\"Portal Grande Norte\"}},{\"@type\":\"WebPage\",\"@id\":\"https:\\\/\\\/portalgrandenorte.com.br\\\/?p=3251#webpage\",\"url\":\"https:\\\/\\\/portalgrandenorte.com.br\\\/?p=3251\",\"name\":\"Datas se prepara para a Festa dos Datenses Ausentes 2026 - Portal Grande Norte\",\"description\":\"Tradicional celebra\\u00e7\\u00e3o ser\\u00e1 realizada de 30 de agosto a 7 de setembro, com shows, atividades culturais, programa\\u00e7\\u00e3o religiosa e eventos que valorizam as tradi\\u00e7\\u00f5es do munic\\u00edpio A cidade de Datas, no Vale do Jequitinhonha, se prepara para receber mais uma edi\\u00e7\\u00e3o da Festa dos Datenses Ausentes, uma das celebra\\u00e7\\u00f5es tradicionais do munic\\u00edpio. Em 2026, o\",\"inLanguage\":\"pt-BR\",\"isPartOf\":{\"@id\":\"https:\\\/\\\/portalgrandenorte.com.br\\\/#website\"},\"breadcrumb\":{\"@id\":\"https:\\\/\\\/portalgrandenorte.com.br\\\/?p=3251#breadcrumblist\"},\"author\":{\"@id\":\"https:\\\/\\\/portalgrandenorte.com.br\\\/?author=1#author\"},\"creator\":{\"@id\":\"https:\\\/\\\/portalgrandenorte.com.br\\\/?author=1#author\"},\"image\":{\"@type\":\"ImageObject\",\"url\":\"https:\\\/\\\/portalgrandenorte.com.br\\\/wp-content\\\/uploads\\\/2026\\\/08\\\/Datense-Ausente-1.jpg\",\"@id\":\"https:\\\/\\\/portalgrandenorte.com.br\\\/?p=3251\\\/#mainImage\",\"width\":509,\"height\":431},\"primaryImageOfPage\":{\"@id\":\"https:\\\/\\\/portalgrandenorte.com.br\\\/?p=3251#mainImage\"},\"datePublished\":\"2026-08-26T09:38:03-03:00\",\"dateModified\":\"2026-08-26T09:53:25-03:00\"},{\"@type\":\"WebSite\",\"@id\":\"https:\\\/\\\/portalgrandenorte.com.br\\\/#website\",\"url\":\"https:\\\/\\\/portalgrandenorte.com.br\\\/\",\"name\":\"Portal Grande Norte\",\"description\":\"O maior portal de not\\u00edcias do Norte de Minas\",\"inLanguage\":\"pt-BR\",\"publisher\":{\"@id\":\"https:\\\/\\\/portalgrandenorte.com.br\\\/#organization\"}}]}\n\t\t<\/script>\n\t\t<!-- All in One SEO -->\n\n","aioseo_head_json":{"title":"Datas se prepara para a Festa dos Datenses Ausentes 2026 - Portal Grande Norte","description":"Tradicional celebra\u00e7\u00e3o ser\u00e1 realizada de 30 de agosto a 7 de setembro, com shows, atividades culturais, programa\u00e7\u00e3o religiosa e eventos que valorizam as tradi\u00e7\u00f5es do munic\u00edpio A cidade de Datas, no Vale do Jequitinhonha, se prepara para receber mais uma edi\u00e7\u00e3o da Festa dos Datenses Ausentes, uma das celebra\u00e7\u00f5es tradicionais do munic\u00edpio. Em 2026, o","canonical_url":"https:\/\/portalgrandenorte.com.br\/?p=3251","robots":"max-image-preview:large","keywords":"","webmasterTools":{"miscellaneous":""},"schema":{"@context":"https:\/\/schema.org","@graph":[{"@type":"BlogPosting","@id":"https:\/\/portalgrandenorte.com.br\/?p=3251#blogposting","name":"Datas se prepara para a Festa dos Datenses Ausentes 2026 - Portal Grande Norte","headline":"Datas se prepara para a Festa dos Datenses Ausentes 2026","author":{"@id":"https:\/\/portalgrandenorte.com.br\/?author=1#author"},"publisher":{"@id":"https:\/\/portalgrandenorte.com.br\/#organization"},"image":{"@type":"ImageObject","url":"https:\/\/portalgrandenorte.com.br\/wp-content\/uploads\/2026\/08\/Datense-Ausente-1.jpg","width":509,"height":431},"datePublished":"2026-08-26T09:38:03-03:00","dateModified":"2026-08-26T09:53:25-03:00","inLanguage":"pt-BR","mainEntityOfPage":{"@id":"https:\/\/portalgrandenorte.com.br\/?p=3251#webpage"},"isPartOf":{"@id":"https:\/\/portalgrandenorte.com.br\/?p=3251#webpage"},"articleSection":"Cultura, Minas Gerais, Regional, Social, Vale do Jequitinhonha, Cidadania, Cotidiano, Cultura, Datense Ausente, Minas Gerais, Vale do Jequitinhonha"},{"@type":"BreadcrumbList","@id":"https:\/\/portalgrandenorte.com.br\/?p=3251#breadcrumblist","itemListElement":[{"@type":"ListItem","@id":"https:\/\/portalgrandenorte.com.br#listItem","position":1,"name":"Home","item":"https:\/\/portalgrandenorte.com.br","nextItem":{"@type":"ListItem","@id":"https:\/\/portalgrandenorte.com.br\/?cat=6#listItem","name":"Categorias"}},{"@type":"ListItem","@id":"https:\/\/portalgrandenorte.com.br\/?cat=6#listItem","position":2,"name":"Categorias","item":"https:\/\/portalgrandenorte.com.br\/?cat=6","nextItem":{"@type":"ListItem","@id":"https:\/\/portalgrandenorte.com.br\/?cat=12#listItem","name":"Regional"},"previousItem":{"@type":"ListItem","@id":"https:\/\/portalgrandenorte.com.br#listItem","name":"Home"}},{"@type":"ListItem","@id":"https:\/\/portalgrandenorte.com.br\/?cat=12#listItem","position":3,"name":"Regional","item":"https:\/\/portalgrandenorte.com.br\/?cat=12","nextItem":{"@type":"ListItem","@id":"https:\/\/portalgrandenorte.com.br\/?p=3251#listItem","name":"Datas se prepara para a Festa dos Datenses Ausentes 2026"},"previousItem":{"@type":"ListItem","@id":"https:\/\/portalgrandenorte.com.br\/?cat=6#listItem","name":"Categorias"}},{"@type":"ListItem","@id":"https:\/\/portalgrandenorte.com.br\/?p=3251#listItem","position":4,"name":"Datas se prepara para a Festa dos Datenses Ausentes 2026","previousItem":{"@type":"ListItem","@id":"https:\/\/portalgrandenorte.com.br\/?cat=12#listItem","name":"Regional"}}]},{"@type":"Organization","@id":"https:\/\/portalgrandenorte.com.br\/#organization","name":"Portal Grande Norte","description":"O maior portal de not\u00edcias do Norte de Minas","url":"https:\/\/portalgrandenorte.com.br\/","logo":{"@type":"ImageObject","url":"https:\/\/portalgrandenorte.com.br\/wp-content\/uploads\/2025\/08\/cropped-cropped-Logotipo-Portal-Grande-Norte-5.png","@id":"https:\/\/portalgrandenorte.com.br\/?p=3251\/#organizationLogo","width":500,"height":244},"image":{"@id":"https:\/\/portalgrandenorte.com.br\/?p=3251\/#organizationLogo"}},{"@type":"Person","@id":"https:\/\/portalgrandenorte.com.br\/?author=1#author","url":"https:\/\/portalgrandenorte.com.br\/?author=1","name":"Portal Grande Norte","image":{"@type":"ImageObject","@id":"https:\/\/portalgrandenorte.com.br\/?p=3251#authorImage","url":"https:\/\/secure.gravatar.com\/avatar\/f158a5a9dbb2d0e63533b05d8583976740387b7e0d7a969ed14e84a8e1c8308a?s=96&d=mm&r=g","width":96,"height":96,"caption":"Portal Grande Norte"}},{"@type":"WebPage","@id":"https:\/\/portalgrandenorte.com.br\/?p=3251#webpage","url":"https:\/\/portalgrandenorte.com.br\/?p=3251","name":"Datas se prepara para a Festa dos Datenses Ausentes 2026 - Portal Grande Norte","description":"Tradicional celebra\u00e7\u00e3o ser\u00e1 realizada de 30 de agosto a 7 de setembro, com shows, atividades culturais, programa\u00e7\u00e3o religiosa e eventos que valorizam as tradi\u00e7\u00f5es do munic\u00edpio A cidade de Datas, no Vale do Jequitinhonha, se prepara para receber mais uma edi\u00e7\u00e3o da Festa dos Datenses Ausentes, uma das celebra\u00e7\u00f5es tradicionais do munic\u00edpio. Em 2026, o","inLanguage":"pt-BR","isPartOf":{"@id":"https:\/\/portalgrandenorte.com.br\/#website"},"breadcrumb":{"@id":"https:\/\/portalgrandenorte.com.br\/?p=3251#breadcrumblist"},"author":{"@id":"https:\/\/portalgrandenorte.com.br\/?author=1#author"},"creator":{"@id":"https:\/\/portalgrandenorte.com.br\/?author=1#author"},"image":{"@type":"ImageObject","url":"https:\/\/portalgrandenorte.com.br\/wp-content\/uploads\/2026\/08\/Datense-Ausente-1.jpg","@id":"https:\/\/portalgrandenorte.com.br\/?p=3251\/#mainImage","width":509,"height":431},"primaryImageOfPage":{"@id":"https:\/\/portalgrandenorte.com.br\/?p=3251#mainImage"},"datePublished":"2026-08-26T09:38:03-03:00","dateModified":"2026-08-26T09:53:25-03:00"},{"@type":"WebSite","@id":"https:\/\/portalgrandenorte.com.br\/#website","url":"https:\/\/portalgrandenorte.com.br\/","name":"Portal Grande Norte","description":"O maior portal de not\u00edcias do Norte de Minas","inLanguage":"pt-BR","publisher":{"@id":"https:\/\/portalgrandenorte.com.br\/#organization"}}]},"og:locale":"pt_BR","og:site_name":"Portal Grande Norte - O maior portal de not\u00edcias do Norte de Minas","og:type":"article","og:title":"Datas se prepara para a Festa dos Datenses Ausentes 2026 - Portal Grande Norte","og:description":"Tradicional celebra\u00e7\u00e3o ser\u00e1 realizada de 30 de agosto a 7 de setembro, com shows, atividades culturais, programa\u00e7\u00e3o religiosa e eventos que valorizam as tradi\u00e7\u00f5es do munic\u00edpio A cidade de Datas, no Vale do Jequitinhonha, se prepara para receber mais uma edi\u00e7\u00e3o da Festa dos Datenses Ausentes, uma das celebra\u00e7\u00f5es tradicionais do munic\u00edpio. Em 2026, o","og:url":"https:\/\/portalgrandenorte.com.br\/?p=3251","og:image":"https:\/\/portalgrandenorte.com.br\/wp-content\/uploads\/2025\/08\/cropped-cropped-Logotipo-Portal-Grande-Norte-5.png","og:image:secure_url":"https:\/\/portalgrandenorte.com.br\/wp-content\/uploads\/2025\/08\/cropped-cropped-Logotipo-Portal-Grande-Norte-5.png","article:published_time":"2026-08-26T12:38:03+00:00","article:modified_time":"2026-08-26T12:53:25+00:00","twitter:card":"summary_large_image","twitter:title":"Datas se prepara para a Festa dos Datenses Ausentes 2026 - Portal Grande Norte","twitter:description":"Tradicional celebra\u00e7\u00e3o ser\u00e1 realizada de 30 de agosto a 7 de setembro, com shows, atividades culturais, programa\u00e7\u00e3o religiosa e eventos que valorizam as tradi\u00e7\u00f5es do munic\u00edpio A cidade de Datas, no Vale do Jequitinhonha, se prepara para receber mais uma edi\u00e7\u00e3o da Festa dos Datenses Ausentes, uma das celebra\u00e7\u00f5es tradicionais do munic\u00edpio. Em 2026, o","twitter:image":"https:\/\/portalgrandenorte.com.br\/wp-content\/uploads\/2025\/08\/cropped-cropped-Logotipo-Portal-Grande-Norte-5.png"},"aioseo_meta_data":{"post_id":"3251","title":null,"description":null,"keywords":null,"keyphrases":{"focus":{"keyphrase":"","score":0,"analysis":{"keyphraseInTitle":{"score":0,"maxScore":9,"error":1}}},"additional":[]},"primary_term":null,"canonical_url":null,"og_title":null,"og_description":null,"og_object_type":"default","og_image_type":"default","og_image_custom_url":null,"og_image_custom_fields":null,"og_image_url":null,"og_image_width":null,"og_image_height":null,"og_video":"","og_custom_url":null,"og_article_section":null,"og_article_tags":null,"twitter_use_og":true,"twitter_card":"default","twitter_image_type":"default","twitter_image_custom_url":null,"twitter_image_custom_fields":null,"twitter_image_url":null,"twitter_title":null,"twitter_description":null,"schema_type":"default","schema_type_options":null,"schema":{"blockGraphs":[],"customGraphs":[],"default":{"data":{"Article":[],"Course":[],"Dataset":[],"FAQPage":[],"Movie":[],"Person":[],"Product":[],"ProductReview":[],"Car":[],"Recipe":[],"Service":[],"SoftwareApplication":[],"WebPage":[]},"graphName":"BlogPosting","isEnabled":true},"graphs":[]},"pillar_content":false,"robots_default":true,"robots_noindex":false,"robots_noarchive":false,"robots_nosnippet":false,"robots_nofollow":false,"robots_noimageindex":false,"robots_noodp":false,"robots_notranslate":false,"robots_max_snippet":"-1","robots_max_videopreview":"-1","robots_max_imagepreview":"large","priority":null,"frequency":"default","local_seo":null,"limit_modified_date":false,"ai":{"faqs":[],"keyPoints":[],"schemas":[],"titles":[],"descriptions":[],"socialPosts":{"email":{"subject":"","preview":"","content":""},"linkedin":[],"twitter":[],"facebook":[],"instagram":[]}},"breadcrumb_settings":null,"seo_analyzer_scan_date":null,"created":"2026-08-26 12:51:56","updated":"2026-08-26 19:42:36","focus_keyword":null,"additional_keywords":null,"truseo_locale":null},"aioseo_breadcrumb":"<div class=\"aioseo-breadcrumbs\"><span class=\"aioseo-breadcrumb\">\n\t\t\t<a href=\"https:\/\/portalgrandenorte.com.br\" title=\"Home\">Home<\/a>\n\t\t<\/span><span class=\"aioseo-breadcrumb-separator\">&raquo;<\/span><span class=\"aioseo-breadcrumb\">\n\t\t\t<a href=\"https:\/\/portalgrandenorte.com.br\/?cat=6\" title=\"Categorias\">Categorias<\/a>\n\t\t<\/span><span class=\"aioseo-breadcrumb-separator\">&raquo;<\/span><span class=\"aioseo-breadcrumb\">\n\t\t\t<a href=\"https:\/\/portalgrandenorte.com.br\/?cat=12\" title=\"Regional\">Regional<\/a>\n\t\t<\/span><span class=\"aioseo-breadcrumb-separator\">&raquo;<\/span><span class=\"aioseo-breadcrumb\">\n\t\t\tDatas se prepara para a Festa dos Datenses Ausentes 2026\n\t\t<\/span><\/div>","aioseo_breadcrumb_json":[{"label":"Home","link":"https:\/\/portalgrandenorte.com.br"},{"label":"Categorias","link":"https:\/\/portalgrandenorte.com.br\/?cat=6"},{"label":"Regional","link":"https:\/\/portalgrandenorte.com.br\/?cat=12"},{"label":"Datas se prepara para a Festa dos Datenses Ausentes 2026","link":"https:\/\/portalgrandenorte.com.br\/?p=3251"}],"_links":{"self":[{"href":"https:\/\/portalgrandenorte.com.br\/index.php?rest_route=\/wp\/v2\/posts\/3251","targetHints":{"allow":["GET"]}}],"collection":[{"href":"https:\/\/portalgrandenorte.com.br\/index.php?rest_route=\/wp\/v2\/posts"}],"about":[{"href":"https:\/\/portalgrandenorte.com.br\/index.php?rest_route=\/wp\/v2\/types\/post"}],"author":[{"embeddable":true,"href":"https:\/\/portalgrandenorte.com.br\/index.php?rest_route=\/wp\/v2\/users\/1"}],"replies":[{"embeddable":true,"href":"https:\/\/portalgrandenorte.com.br\/index.php?rest_route=%2Fwp%2Fv2%2Fcomments&post=3251"}],"version-history":[{"count":2,"href":"https:\/\/portalgrandenorte.com.br\/index.php?rest_route=\/wp\/v2\/posts\/3251\/revisions"}],"predecessor-version":[{"id":3255,"href":"https:\/\/portalgrandenorte.com.br\/index.php?rest_route=\/wp\/v2\/posts\/3251\/revisions\/3255"}],"wp:featuredmedia":[{"embeddable":true,"href":"https:\/\/portalgrandenorte.com.br\/index.php?rest_route=\/wp\/v2\/media\/3253"}],"wp:attachment":[{"href":"https:\/\/portalgrandenorte.com.br\/index.php?rest_route=%2Fwp%2Fv2%2Fmedia&parent=3251"}],"wp:term":[{"taxonomy":"category","embeddable":true,"href":"https:\/\/portalgrandenorte.com.br\/index.php?rest_route=%2Fwp%2Fv2%2Fcategories&post=3251"},{"taxonomy":"post_tag","embeddable":true,"href":"https:\/\/portalgrandenorte.com.br\/index.php?rest_route=%2Fwp%2Fv2%2Ftags&post=3251"}],"curies":[{"name":"wp","href":"https:\/\/api.w.org\/{rel}","templated":true}]}}