{"id":3241,"date":"2026-08-22T17:10:53","date_gmt":"2026-08-22T20:10:53","guid":{"rendered":"https:\/\/portalgrandenorte.com.br\/?p=3241"},"modified":"2026-08-24T17:13:23","modified_gmt":"2026-08-24T20:13:23","slug":"saudade-tem-cheiro","status":"publish","type":"post","link":"https:\/\/portalgrandenorte.com.br\/?p=3241","title":{"rendered":"Saudade tem cheiro?"},"content":{"rendered":"<div class=\"td-post-content\">\n<div class=\"td-post-featured-image\">\n<figure><a class=\"td-modal-image\" href=\"https:\/\/boasnovasmg.com.br\/wp-content\/uploads\/2026\/08\/4174332-incense-1961430-scaled.jpg\" data-caption=\"Imagem - Pixabay\"><img fetchpriority=\"high\" decoding=\"async\" class=\"entry-thumb td-animation-stack-type0-2\" title=\"Aroma\" src=\"https:\/\/boasnovasmg.com.br\/wp-content\/uploads\/2026\/08\/4174332-incense-1961430-696x464.jpg\" sizes=\"(max-width: 696px) 100vw, 696px\" srcset=\"https:\/\/boasnovasmg.com.br\/wp-content\/uploads\/2026\/08\/4174332-incense-1961430-696x464.jpg 696w, https:\/\/boasnovasmg.com.br\/wp-content\/uploads\/2026\/08\/4174332-incense-1961430-300x200.jpg 300w, https:\/\/boasnovasmg.com.br\/wp-content\/uploads\/2026\/08\/4174332-incense-1961430-1024x683.jpg 1024w, https:\/\/boasnovasmg.com.br\/wp-content\/uploads\/2026\/08\/4174332-incense-1961430-768x512.jpg 768w, https:\/\/boasnovasmg.com.br\/wp-content\/uploads\/2026\/08\/4174332-incense-1961430-1536x1024.jpg 1536w, https:\/\/boasnovasmg.com.br\/wp-content\/uploads\/2026\/08\/4174332-incense-1961430-2048x1365.jpg 2048w, https:\/\/boasnovasmg.com.br\/wp-content\/uploads\/2026\/08\/4174332-incense-1961430-1068x712.jpg 1068w, https:\/\/boasnovasmg.com.br\/wp-content\/uploads\/2026\/08\/4174332-incense-1961430-630x420.jpg 630w, https:\/\/boasnovasmg.com.br\/wp-content\/uploads\/2026\/08\/4174332-incense-1961430-1920x1280.jpg 1920w\" alt=\"Imagem - Pixabay\" width=\"1161\" height=\"774\" \/><\/a><figcaption class=\"wp-caption-text\">Imagem &#8211; Pixabay<\/figcaption><\/figure>\n<\/div>\n<p class=\"wp-block-paragraph\">\u2014 Ah, Gisele, voc\u00ea \u00e9 uma saudosista. Apegada demais ao passado!Vira e mexe eu escuto esse coment\u00e1rio (ou seria queixa?). Dizem que vivo contando fatos da minha inf\u00e2ncia, da adolesc\u00eancia, sempre desfiando mem\u00f3rias de fam\u00edlia.Saudosista? Talvez eu seja mesmo. Um pouquinho, vai. Mas a grande verdade \u00e9 que a minha mem\u00f3ria \u00e9 muito mais olfativa do que visual. Ela n\u00e3o \u00e9 feita s\u00f3 de imagens gravadas na mente; ela \u00e9 despertada por cheiros, tecida por perfumes.<\/p>\n<p class=\"wp-block-paragraph\">Quer um exemplo pr\u00e1tico? Eu nem sou l\u00e1 muito carn\u00edvora. Mas se entro numa cozinha ou me sento \u00e0 mesa e sinto o perfume de uma carne assada, pronto, n\u00e3o tem jeito. \u00c9 imediato. Aquele aroma me arrebata e, num piscar de olhos, me transporta de volta para a cozinha dos meus pais ou dos meus av\u00f3s.<\/p>\n<p class=\"wp-block-paragraph\">O perfume de um bife ou de um lombo chiando na chapa \u00e9 caminho sem volta. \u00c9 bilhete de ida direto para os fartos almo\u00e7os e jantares na casa dos meus av\u00f3s maternos. O cheiro \u00e9 uma m\u00e1quina do tempo t\u00e3o poderosa que a cena se monta sozinha: quase consigo ver minha av\u00f3, com seu insepar\u00e1vel coque no cabelo, comandando as panelas enquanto o cheiro de comida caseira abra\u00e7a a casa inteira.<\/p>\n<p class=\"wp-block-paragraph\">Talvez seja por ter essa raiz t\u00e3o fincada na comida de verdade que h\u00e1 certas atitudes contempor\u00e2neas que me incomodam profundamente. Comprar frutas picadas no supermercado, por exemplo, \u00e9 uma delas. Onde j\u00e1 se viu?<\/p>\n<p class=\"wp-block-paragraph\">Confesso, por\u00e9m, que neste \u00faltimo fim de semana cometi um deslize e quebrei minhas pr\u00f3prias regras. Me rendi a um pacotinho de mix de folhas j\u00e1 lavadas. Elas vieram parar no meu carrinho por pura insist\u00eancia da Gilda. Eu poderia muito bem ter resistido, mas acabei sendo vencida por aquela velha e conhecida pregui\u00e7a domingueira. Uma fraqueza moment\u00e2nea, eu garanto.<\/p>\n<p class=\"wp-block-paragraph\">Agora, de uma saladinha lavada a comprar banana j\u00e1 picada \u00e9 um pulo que eu me recuso a dar. A\u00ed j\u00e1 \u00e9 puro exagero! E por falar em limites da conveni\u00eancia, essa semana fui pega de surpresa por um post aleat\u00f3rio sobre uma banca de ovos numa feira l\u00e1 em S\u00e3o Paulo. A grande \u201cnovidade\u201d do v\u00eddeo era que nessa banca voc\u00ea podia comprar o ovo j\u00e1 sem a casca, dentro de um saco pl\u00e1stico.<br \/>\n\u201cA\u00ed j\u00e1 \u00e9 demais, \u00e9 o fim dos tempos!\u201d, pensei na hora, imaginando a que ponto a pregui\u00e7a humana havia chegado.<\/p>\n<p class=\"wp-block-paragraph\">Mas o instinto jornal\u00edstico apitou e resolvi ir al\u00e9m do lead e do sublead da not\u00edcia. Fui investigar. E n\u00e3o \u00e9 que fui tra\u00edda pela primeira impress\u00e3o? Aparentemente, os tais ovos crus ensacados n\u00e3o est\u00e3o \u00e0 venda para os cozinheiros mais pregui\u00e7osos. Eles servem apenas como um mostru\u00e1rio, uma vitrine inusitada para mostrar aos clientes a variedade da banca: ovos maiores, menores, com gemas mais claras ou mais escuras.<\/p>\n<p class=\"wp-block-paragraph\">\nRespirei aliviada. Parece que ainda h\u00e1 um pouco de esperan\u00e7a na humanidade e na nossa rela\u00e7\u00e3o com a comida. Mas, convenhamos: toda essa praticidade est\u00e9ril dos pl\u00e1sticos de supermercado nunca vai chegar aos p\u00e9s da poesia que \u00e9 o cheiro do lombo na chapa da minha av\u00f3. A saudade, definitivamente, ainda entra pelo nariz.<\/p>\n<\/div>\n<figure id=\"attachment_2467\" aria-describedby=\"caption-attachment-2467\" style=\"width: 1086px\" class=\"wp-caption alignleft\"><img decoding=\"async\" class=\" wp-image-2467\" src=\"https:\/\/portalgrandenorte.com.br\/wp-content\/uploads\/2026\/02\/Gisele-Bicalho-1-e1772286112888-300x140.png\" alt=\"\" width=\"1086\" height=\"507\" srcset=\"https:\/\/portalgrandenorte.com.br\/wp-content\/uploads\/2026\/02\/Gisele-Bicalho-1-e1772286112888-300x140.png 300w, https:\/\/portalgrandenorte.com.br\/wp-content\/uploads\/2026\/02\/Gisele-Bicalho-1-e1772286112888-768x359.png 768w, https:\/\/portalgrandenorte.com.br\/wp-content\/uploads\/2026\/02\/Gisele-Bicalho-1-e1772286112888.png 994w\" sizes=\"(max-width: 1086px) 100vw, 1086px\" \/><figcaption id=\"caption-attachment-2467\" class=\"wp-caption-text\">Gisele Bicalho \u00e9 jornalista e escritora<\/figcaption><\/figure>\n","protected":false},"excerpt":{"rendered":"<p>Imagem &#8211; Pixabay \u2014 Ah, Gisele, voc\u00ea \u00e9 uma saudosista. Apegada demais ao passado!Vira e mexe eu escuto esse coment\u00e1rio (ou seria queixa?). Dizem que vivo contando fatos da minha inf\u00e2ncia, da adolesc\u00eancia, sempre desfiando mem\u00f3rias de fam\u00edlia.Saudosista? Talvez eu seja mesmo. Um pouquinho, vai. Mas a grande verdade \u00e9 que a minha mem\u00f3ria \u00e9 muito mais olfativa do que visual. Ela n\u00e3o \u00e9 feita s\u00f3 de imagens gravadas na mente; ela \u00e9 despertada por cheiros, tecida por perfumes. Quer um exemplo pr\u00e1tico? Eu nem sou l\u00e1 muito carn\u00edvora. Mas se entro numa cozinha ou me sento \u00e0 mesa e sinto o perfume de uma carne assada, pronto, n\u00e3o tem jeito. \u00c9 imediato. Aquele aroma me arrebata e, num piscar de olhos, me transporta de volta para a cozinha dos meus pais ou dos meus av\u00f3s. O perfume de um bife ou de um lombo chiando na chapa \u00e9 caminho sem volta. \u00c9 bilhete de ida direto para os fartos almo\u00e7os e jantares na casa dos meus av\u00f3s maternos. O cheiro \u00e9 uma m\u00e1quina do tempo t\u00e3o poderosa que a cena se monta sozinha: quase consigo ver minha av\u00f3, com seu insepar\u00e1vel coque no cabelo, comandando as panelas enquanto o cheiro de comida caseira abra\u00e7a a casa inteira. Talvez seja por ter essa raiz t\u00e3o fincada na comida de verdade que h\u00e1 certas atitudes contempor\u00e2neas que me incomodam profundamente. Comprar frutas picadas no supermercado, por exemplo, \u00e9 uma delas. Onde j\u00e1 se viu? Confesso, por\u00e9m, que neste \u00faltimo fim de semana cometi um deslize e quebrei minhas pr\u00f3prias regras. Me rendi a um pacotinho de mix de folhas j\u00e1 lavadas. Elas vieram parar no meu carrinho por pura insist\u00eancia da Gilda. Eu poderia muito bem ter resistido, mas acabei sendo vencida por aquela velha e conhecida pregui\u00e7a domingueira. Uma fraqueza moment\u00e2nea, eu garanto. Agora, de uma saladinha lavada a comprar banana j\u00e1 picada \u00e9 um pulo que eu me recuso a dar. A\u00ed j\u00e1 \u00e9 puro exagero! E por falar em limites da conveni\u00eancia, essa semana fui pega de surpresa por um post aleat\u00f3rio sobre uma banca de ovos numa feira l\u00e1 em S\u00e3o Paulo. A grande \u201cnovidade\u201d do v\u00eddeo era que nessa banca voc\u00ea podia comprar o ovo j\u00e1 sem a casca, dentro de um saco pl\u00e1stico. \u201cA\u00ed j\u00e1 \u00e9 demais, \u00e9 o fim dos tempos!\u201d, pensei na hora, imaginando a que ponto a pregui\u00e7a humana havia chegado. Mas o instinto jornal\u00edstico apitou e resolvi ir al\u00e9m do lead e do sublead da not\u00edcia. Fui investigar. E n\u00e3o \u00e9 que fui tra\u00edda pela primeira impress\u00e3o? Aparentemente, os tais ovos crus ensacados n\u00e3o est\u00e3o \u00e0 venda para os cozinheiros mais pregui\u00e7osos. Eles servem apenas como um mostru\u00e1rio, uma vitrine inusitada para mostrar aos clientes a variedade da banca: ovos maiores, menores, com gemas mais claras ou mais escuras. Respirei aliviada. Parece que ainda h\u00e1 um pouco de esperan\u00e7a na humanidade e na nossa rela\u00e7\u00e3o com a comida. Mas, convenhamos: toda essa praticidade est\u00e9ril dos pl\u00e1sticos de supermercado nunca vai chegar aos p\u00e9s da poesia que \u00e9 o cheiro do lombo na chapa da minha av\u00f3. A saudade, definitivamente, ainda entra pelo nariz.<\/p>\n","protected":false},"author":1,"featured_media":2467,"comment_status":"open","ping_status":"open","sticky":false,"template":"","format":"standard","meta":{"_monsterinsights_skip_tracking":false,"footnotes":""},"categories":[167],"tags":[293],"class_list":["post-3241","post","type-post","status-publish","format-standard","has-post-thumbnail","hentry","category-gisele-bicalho","tag-comportamento"],"aioseo_notices":[],"aioseo_head":"\n\t\t<!-- All in One SEO 5.0.1.1 - aioseo.com -->\n\t<meta name=\"description\" content=\"\u2014 Ah, Gisele, voc\u00ea \u00e9 uma saudosista. Apegada demais ao passado!Vira e mexe eu escuto esse coment\u00e1rio (ou seria queixa?). Dizem que vivo contando fatos da minha inf\u00e2ncia, da adolesc\u00eancia, sempre desfiando mem\u00f3rias de fam\u00edlia.Saudosista? Talvez eu seja mesmo. Um pouquinho, vai. Mas a grande verdade \u00e9 que a minha mem\u00f3ria \u00e9 muito mais olfativa\" \/>\n\t<meta name=\"robots\" content=\"max-image-preview:large\" \/>\n\t<meta name=\"author\" content=\"Portal Grande Norte\"\/>\n\t<link rel=\"canonical\" href=\"https:\/\/portalgrandenorte.com.br\/?p=3241\" \/>\n\t<meta name=\"generator\" content=\"All in One SEO (AIOSEO) 5.0.1.1\" \/>\n\t\t<meta property=\"og:locale\" content=\"pt_BR\" \/>\n\t\t<meta property=\"og:site_name\" content=\"Portal Grande Norte - O maior portal de not\u00edcias do Norte de Minas\" \/>\n\t\t<meta property=\"og:type\" content=\"article\" \/>\n\t\t<meta property=\"og:title\" content=\"Saudade tem cheiro? - Portal Grande Norte\" \/>\n\t\t<meta property=\"og:description\" content=\"\u2014 Ah, Gisele, voc\u00ea \u00e9 uma saudosista. Apegada demais ao passado!Vira e mexe eu escuto esse coment\u00e1rio (ou seria queixa?). Dizem que vivo contando fatos da minha inf\u00e2ncia, da adolesc\u00eancia, sempre desfiando mem\u00f3rias de fam\u00edlia.Saudosista? Talvez eu seja mesmo. Um pouquinho, vai. Mas a grande verdade \u00e9 que a minha mem\u00f3ria \u00e9 muito mais olfativa\" \/>\n\t\t<meta property=\"og:url\" content=\"https:\/\/portalgrandenorte.com.br\/?p=3241\" \/>\n\t\t<meta property=\"og:image\" content=\"https:\/\/portalgrandenorte.com.br\/wp-content\/uploads\/2025\/08\/cropped-cropped-Logotipo-Portal-Grande-Norte-5.png\" \/>\n\t\t<meta property=\"og:image:secure_url\" content=\"https:\/\/portalgrandenorte.com.br\/wp-content\/uploads\/2025\/08\/cropped-cropped-Logotipo-Portal-Grande-Norte-5.png\" \/>\n\t\t<meta property=\"article:published_time\" content=\"2026-08-22T20:10:53+00:00\" \/>\n\t\t<meta property=\"article:modified_time\" content=\"2026-08-24T20:13:23+00:00\" \/>\n\t\t<meta name=\"twitter:card\" content=\"summary_large_image\" \/>\n\t\t<meta name=\"twitter:title\" content=\"Saudade tem cheiro? - Portal Grande Norte\" \/>\n\t\t<meta name=\"twitter:description\" content=\"\u2014 Ah, Gisele, voc\u00ea \u00e9 uma saudosista. Apegada demais ao passado!Vira e mexe eu escuto esse coment\u00e1rio (ou seria queixa?). Dizem que vivo contando fatos da minha inf\u00e2ncia, da adolesc\u00eancia, sempre desfiando mem\u00f3rias de fam\u00edlia.Saudosista? Talvez eu seja mesmo. Um pouquinho, vai. Mas a grande verdade \u00e9 que a minha mem\u00f3ria \u00e9 muito mais olfativa\" \/>\n\t\t<meta name=\"twitter:image\" content=\"https:\/\/portalgrandenorte.com.br\/wp-content\/uploads\/2025\/08\/cropped-cropped-Logotipo-Portal-Grande-Norte-5.png\" \/>\n\t\t<script type=\"application\/ld+json\" class=\"aioseo-schema\">\n\t\t\t{\"@context\":\"https:\\\/\\\/schema.org\",\"@graph\":[{\"@type\":\"BlogPosting\",\"@id\":\"https:\\\/\\\/portalgrandenorte.com.br\\\/?p=3241#blogposting\",\"name\":\"Saudade tem cheiro? - Portal Grande Norte\",\"headline\":\"Saudade tem cheiro?\",\"author\":{\"@id\":\"https:\\\/\\\/portalgrandenorte.com.br\\\/?author=1#author\"},\"publisher\":{\"@id\":\"https:\\\/\\\/portalgrandenorte.com.br\\\/#organization\"},\"image\":{\"@type\":\"ImageObject\",\"url\":\"https:\\\/\\\/portalgrandenorte.com.br\\\/wp-content\\\/uploads\\\/2026\\\/02\\\/Gisele-Bicalho-1-e1772286112888.png\",\"width\":994,\"height\":464,\"caption\":\"Gisele Bicalho \\u00e9 jornalista e escritora\"},\"datePublished\":\"2026-08-22T17:10:53-03:00\",\"dateModified\":\"2026-08-24T17:13:23-03:00\",\"inLanguage\":\"pt-BR\",\"mainEntityOfPage\":{\"@id\":\"https:\\\/\\\/portalgrandenorte.com.br\\\/?p=3241#webpage\"},\"isPartOf\":{\"@id\":\"https:\\\/\\\/portalgrandenorte.com.br\\\/?p=3241#webpage\"},\"articleSection\":\"Gisele Bicalho, Comportamento\"},{\"@type\":\"BreadcrumbList\",\"@id\":\"https:\\\/\\\/portalgrandenorte.com.br\\\/?p=3241#breadcrumblist\",\"itemListElement\":[{\"@type\":\"ListItem\",\"@id\":\"https:\\\/\\\/portalgrandenorte.com.br#listItem\",\"position\":1,\"name\":\"Home\",\"item\":\"https:\\\/\\\/portalgrandenorte.com.br\",\"nextItem\":{\"@type\":\"ListItem\",\"@id\":\"https:\\\/\\\/portalgrandenorte.com.br\\\/?cat=150#listItem\",\"name\":\"Colunas\"}},{\"@type\":\"ListItem\",\"@id\":\"https:\\\/\\\/portalgrandenorte.com.br\\\/?cat=150#listItem\",\"position\":2,\"name\":\"Colunas\",\"item\":\"https:\\\/\\\/portalgrandenorte.com.br\\\/?cat=150\",\"nextItem\":{\"@type\":\"ListItem\",\"@id\":\"https:\\\/\\\/portalgrandenorte.com.br\\\/?cat=167#listItem\",\"name\":\"Gisele Bicalho\"},\"previousItem\":{\"@type\":\"ListItem\",\"@id\":\"https:\\\/\\\/portalgrandenorte.com.br#listItem\",\"name\":\"Home\"}},{\"@type\":\"ListItem\",\"@id\":\"https:\\\/\\\/portalgrandenorte.com.br\\\/?cat=167#listItem\",\"position\":3,\"name\":\"Gisele Bicalho\",\"item\":\"https:\\\/\\\/portalgrandenorte.com.br\\\/?cat=167\",\"nextItem\":{\"@type\":\"ListItem\",\"@id\":\"https:\\\/\\\/portalgrandenorte.com.br\\\/?p=3241#listItem\",\"name\":\"Saudade tem cheiro?\"},\"previousItem\":{\"@type\":\"ListItem\",\"@id\":\"https:\\\/\\\/portalgrandenorte.com.br\\\/?cat=150#listItem\",\"name\":\"Colunas\"}},{\"@type\":\"ListItem\",\"@id\":\"https:\\\/\\\/portalgrandenorte.com.br\\\/?p=3241#listItem\",\"position\":4,\"name\":\"Saudade tem cheiro?\",\"previousItem\":{\"@type\":\"ListItem\",\"@id\":\"https:\\\/\\\/portalgrandenorte.com.br\\\/?cat=167#listItem\",\"name\":\"Gisele Bicalho\"}}]},{\"@type\":\"Organization\",\"@id\":\"https:\\\/\\\/portalgrandenorte.com.br\\\/#organization\",\"name\":\"Portal Grande Norte\",\"description\":\"O maior portal de not\\u00edcias do Norte de Minas\",\"url\":\"https:\\\/\\\/portalgrandenorte.com.br\\\/\",\"logo\":{\"@type\":\"ImageObject\",\"url\":\"https:\\\/\\\/portalgrandenorte.com.br\\\/wp-content\\\/uploads\\\/2025\\\/08\\\/cropped-cropped-Logotipo-Portal-Grande-Norte-5.png\",\"@id\":\"https:\\\/\\\/portalgrandenorte.com.br\\\/?p=3241\\\/#organizationLogo\",\"width\":500,\"height\":244},\"image\":{\"@id\":\"https:\\\/\\\/portalgrandenorte.com.br\\\/?p=3241\\\/#organizationLogo\"}},{\"@type\":\"Person\",\"@id\":\"https:\\\/\\\/portalgrandenorte.com.br\\\/?author=1#author\",\"url\":\"https:\\\/\\\/portalgrandenorte.com.br\\\/?author=1\",\"name\":\"Portal Grande Norte\",\"image\":{\"@type\":\"ImageObject\",\"@id\":\"https:\\\/\\\/portalgrandenorte.com.br\\\/?p=3241#authorImage\",\"url\":\"https:\\\/\\\/secure.gravatar.com\\\/avatar\\\/f158a5a9dbb2d0e63533b05d8583976740387b7e0d7a969ed14e84a8e1c8308a?s=96&d=mm&r=g\",\"width\":96,\"height\":96,\"caption\":\"Portal Grande Norte\"}},{\"@type\":\"WebPage\",\"@id\":\"https:\\\/\\\/portalgrandenorte.com.br\\\/?p=3241#webpage\",\"url\":\"https:\\\/\\\/portalgrandenorte.com.br\\\/?p=3241\",\"name\":\"Saudade tem cheiro? - Portal Grande Norte\",\"description\":\"\\u2014 Ah, Gisele, voc\\u00ea \\u00e9 uma saudosista. Apegada demais ao passado!Vira e mexe eu escuto esse coment\\u00e1rio (ou seria queixa?). Dizem que vivo contando fatos da minha inf\\u00e2ncia, da adolesc\\u00eancia, sempre desfiando mem\\u00f3rias de fam\\u00edlia.Saudosista? Talvez eu seja mesmo. Um pouquinho, vai. Mas a grande verdade \\u00e9 que a minha mem\\u00f3ria \\u00e9 muito mais olfativa\",\"inLanguage\":\"pt-BR\",\"isPartOf\":{\"@id\":\"https:\\\/\\\/portalgrandenorte.com.br\\\/#website\"},\"breadcrumb\":{\"@id\":\"https:\\\/\\\/portalgrandenorte.com.br\\\/?p=3241#breadcrumblist\"},\"author\":{\"@id\":\"https:\\\/\\\/portalgrandenorte.com.br\\\/?author=1#author\"},\"creator\":{\"@id\":\"https:\\\/\\\/portalgrandenorte.com.br\\\/?author=1#author\"},\"image\":{\"@type\":\"ImageObject\",\"url\":\"https:\\\/\\\/portalgrandenorte.com.br\\\/wp-content\\\/uploads\\\/2026\\\/02\\\/Gisele-Bicalho-1-e1772286112888.png\",\"@id\":\"https:\\\/\\\/portalgrandenorte.com.br\\\/?p=3241\\\/#mainImage\",\"width\":994,\"height\":464,\"caption\":\"Gisele Bicalho \\u00e9 jornalista e escritora\"},\"primaryImageOfPage\":{\"@id\":\"https:\\\/\\\/portalgrandenorte.com.br\\\/?p=3241#mainImage\"},\"datePublished\":\"2026-08-22T17:10:53-03:00\",\"dateModified\":\"2026-08-24T17:13:23-03:00\"},{\"@type\":\"WebSite\",\"@id\":\"https:\\\/\\\/portalgrandenorte.com.br\\\/#website\",\"url\":\"https:\\\/\\\/portalgrandenorte.com.br\\\/\",\"name\":\"Portal Grande Norte\",\"description\":\"O maior portal de not\\u00edcias do Norte de Minas\",\"inLanguage\":\"pt-BR\",\"publisher\":{\"@id\":\"https:\\\/\\\/portalgrandenorte.com.br\\\/#organization\"}}]}\n\t\t<\/script>\n\t\t<!-- All in One SEO -->\n\n","aioseo_head_json":{"title":"Saudade tem cheiro? - Portal Grande Norte","description":"\u2014 Ah, Gisele, voc\u00ea \u00e9 uma saudosista. Apegada demais ao passado!Vira e mexe eu escuto esse coment\u00e1rio (ou seria queixa?). Dizem que vivo contando fatos da minha inf\u00e2ncia, da adolesc\u00eancia, sempre desfiando mem\u00f3rias de fam\u00edlia.Saudosista? Talvez eu seja mesmo. Um pouquinho, vai. Mas a grande verdade \u00e9 que a minha mem\u00f3ria \u00e9 muito mais olfativa","canonical_url":"https:\/\/portalgrandenorte.com.br\/?p=3241","robots":"max-image-preview:large","keywords":"","webmasterTools":{"miscellaneous":""},"schema":{"@context":"https:\/\/schema.org","@graph":[{"@type":"BlogPosting","@id":"https:\/\/portalgrandenorte.com.br\/?p=3241#blogposting","name":"Saudade tem cheiro? - Portal Grande Norte","headline":"Saudade tem cheiro?","author":{"@id":"https:\/\/portalgrandenorte.com.br\/?author=1#author"},"publisher":{"@id":"https:\/\/portalgrandenorte.com.br\/#organization"},"image":{"@type":"ImageObject","url":"https:\/\/portalgrandenorte.com.br\/wp-content\/uploads\/2026\/02\/Gisele-Bicalho-1-e1772286112888.png","width":994,"height":464,"caption":"Gisele Bicalho \u00e9 jornalista e escritora"},"datePublished":"2026-08-22T17:10:53-03:00","dateModified":"2026-08-24T17:13:23-03:00","inLanguage":"pt-BR","mainEntityOfPage":{"@id":"https:\/\/portalgrandenorte.com.br\/?p=3241#webpage"},"isPartOf":{"@id":"https:\/\/portalgrandenorte.com.br\/?p=3241#webpage"},"articleSection":"Gisele Bicalho, Comportamento"},{"@type":"BreadcrumbList","@id":"https:\/\/portalgrandenorte.com.br\/?p=3241#breadcrumblist","itemListElement":[{"@type":"ListItem","@id":"https:\/\/portalgrandenorte.com.br#listItem","position":1,"name":"Home","item":"https:\/\/portalgrandenorte.com.br","nextItem":{"@type":"ListItem","@id":"https:\/\/portalgrandenorte.com.br\/?cat=150#listItem","name":"Colunas"}},{"@type":"ListItem","@id":"https:\/\/portalgrandenorte.com.br\/?cat=150#listItem","position":2,"name":"Colunas","item":"https:\/\/portalgrandenorte.com.br\/?cat=150","nextItem":{"@type":"ListItem","@id":"https:\/\/portalgrandenorte.com.br\/?cat=167#listItem","name":"Gisele Bicalho"},"previousItem":{"@type":"ListItem","@id":"https:\/\/portalgrandenorte.com.br#listItem","name":"Home"}},{"@type":"ListItem","@id":"https:\/\/portalgrandenorte.com.br\/?cat=167#listItem","position":3,"name":"Gisele Bicalho","item":"https:\/\/portalgrandenorte.com.br\/?cat=167","nextItem":{"@type":"ListItem","@id":"https:\/\/portalgrandenorte.com.br\/?p=3241#listItem","name":"Saudade tem cheiro?"},"previousItem":{"@type":"ListItem","@id":"https:\/\/portalgrandenorte.com.br\/?cat=150#listItem","name":"Colunas"}},{"@type":"ListItem","@id":"https:\/\/portalgrandenorte.com.br\/?p=3241#listItem","position":4,"name":"Saudade tem cheiro?","previousItem":{"@type":"ListItem","@id":"https:\/\/portalgrandenorte.com.br\/?cat=167#listItem","name":"Gisele Bicalho"}}]},{"@type":"Organization","@id":"https:\/\/portalgrandenorte.com.br\/#organization","name":"Portal Grande Norte","description":"O maior portal de not\u00edcias do Norte de Minas","url":"https:\/\/portalgrandenorte.com.br\/","logo":{"@type":"ImageObject","url":"https:\/\/portalgrandenorte.com.br\/wp-content\/uploads\/2025\/08\/cropped-cropped-Logotipo-Portal-Grande-Norte-5.png","@id":"https:\/\/portalgrandenorte.com.br\/?p=3241\/#organizationLogo","width":500,"height":244},"image":{"@id":"https:\/\/portalgrandenorte.com.br\/?p=3241\/#organizationLogo"}},{"@type":"Person","@id":"https:\/\/portalgrandenorte.com.br\/?author=1#author","url":"https:\/\/portalgrandenorte.com.br\/?author=1","name":"Portal Grande Norte","image":{"@type":"ImageObject","@id":"https:\/\/portalgrandenorte.com.br\/?p=3241#authorImage","url":"https:\/\/secure.gravatar.com\/avatar\/f158a5a9dbb2d0e63533b05d8583976740387b7e0d7a969ed14e84a8e1c8308a?s=96&d=mm&r=g","width":96,"height":96,"caption":"Portal Grande Norte"}},{"@type":"WebPage","@id":"https:\/\/portalgrandenorte.com.br\/?p=3241#webpage","url":"https:\/\/portalgrandenorte.com.br\/?p=3241","name":"Saudade tem cheiro? - Portal Grande Norte","description":"\u2014 Ah, Gisele, voc\u00ea \u00e9 uma saudosista. Apegada demais ao passado!Vira e mexe eu escuto esse coment\u00e1rio (ou seria queixa?). Dizem que vivo contando fatos da minha inf\u00e2ncia, da adolesc\u00eancia, sempre desfiando mem\u00f3rias de fam\u00edlia.Saudosista? Talvez eu seja mesmo. Um pouquinho, vai. Mas a grande verdade \u00e9 que a minha mem\u00f3ria \u00e9 muito mais olfativa","inLanguage":"pt-BR","isPartOf":{"@id":"https:\/\/portalgrandenorte.com.br\/#website"},"breadcrumb":{"@id":"https:\/\/portalgrandenorte.com.br\/?p=3241#breadcrumblist"},"author":{"@id":"https:\/\/portalgrandenorte.com.br\/?author=1#author"},"creator":{"@id":"https:\/\/portalgrandenorte.com.br\/?author=1#author"},"image":{"@type":"ImageObject","url":"https:\/\/portalgrandenorte.com.br\/wp-content\/uploads\/2026\/02\/Gisele-Bicalho-1-e1772286112888.png","@id":"https:\/\/portalgrandenorte.com.br\/?p=3241\/#mainImage","width":994,"height":464,"caption":"Gisele Bicalho \u00e9 jornalista e escritora"},"primaryImageOfPage":{"@id":"https:\/\/portalgrandenorte.com.br\/?p=3241#mainImage"},"datePublished":"2026-08-22T17:10:53-03:00","dateModified":"2026-08-24T17:13:23-03:00"},{"@type":"WebSite","@id":"https:\/\/portalgrandenorte.com.br\/#website","url":"https:\/\/portalgrandenorte.com.br\/","name":"Portal Grande Norte","description":"O maior portal de not\u00edcias do Norte de Minas","inLanguage":"pt-BR","publisher":{"@id":"https:\/\/portalgrandenorte.com.br\/#organization"}}]},"og:locale":"pt_BR","og:site_name":"Portal Grande Norte - O maior portal de not\u00edcias do Norte de Minas","og:type":"article","og:title":"Saudade tem cheiro? - Portal Grande Norte","og:description":"\u2014 Ah, Gisele, voc\u00ea \u00e9 uma saudosista. Apegada demais ao passado!Vira e mexe eu escuto esse coment\u00e1rio (ou seria queixa?). Dizem que vivo contando fatos da minha inf\u00e2ncia, da adolesc\u00eancia, sempre desfiando mem\u00f3rias de fam\u00edlia.Saudosista? Talvez eu seja mesmo. Um pouquinho, vai. Mas a grande verdade \u00e9 que a minha mem\u00f3ria \u00e9 muito mais olfativa","og:url":"https:\/\/portalgrandenorte.com.br\/?p=3241","og:image":"https:\/\/portalgrandenorte.com.br\/wp-content\/uploads\/2025\/08\/cropped-cropped-Logotipo-Portal-Grande-Norte-5.png","og:image:secure_url":"https:\/\/portalgrandenorte.com.br\/wp-content\/uploads\/2025\/08\/cropped-cropped-Logotipo-Portal-Grande-Norte-5.png","article:published_time":"2026-08-22T20:10:53+00:00","article:modified_time":"2026-08-24T20:13:23+00:00","twitter:card":"summary_large_image","twitter:title":"Saudade tem cheiro? - Portal Grande Norte","twitter:description":"\u2014 Ah, Gisele, voc\u00ea \u00e9 uma saudosista. Apegada demais ao passado!Vira e mexe eu escuto esse coment\u00e1rio (ou seria queixa?). Dizem que vivo contando fatos da minha inf\u00e2ncia, da adolesc\u00eancia, sempre desfiando mem\u00f3rias de fam\u00edlia.Saudosista? Talvez eu seja mesmo. Um pouquinho, vai. Mas a grande verdade \u00e9 que a minha mem\u00f3ria \u00e9 muito mais olfativa","twitter:image":"https:\/\/portalgrandenorte.com.br\/wp-content\/uploads\/2025\/08\/cropped-cropped-Logotipo-Portal-Grande-Norte-5.png"},"aioseo_meta_data":{"post_id":"3241","title":null,"description":null,"keywords":null,"keyphrases":{"focus":{"keyphrase":"","score":0,"analysis":{"keyphraseInTitle":{"score":0,"maxScore":9,"error":1}}},"additional":[]},"primary_term":null,"canonical_url":null,"og_title":null,"og_description":null,"og_object_type":"default","og_image_type":"default","og_image_custom_url":null,"og_image_custom_fields":null,"og_image_url":null,"og_image_width":null,"og_image_height":null,"og_video":"","og_custom_url":null,"og_article_section":null,"og_article_tags":null,"twitter_use_og":true,"twitter_card":"default","twitter_image_type":"default","twitter_image_custom_url":null,"twitter_image_custom_fields":null,"twitter_image_url":null,"twitter_title":null,"twitter_description":null,"schema_type":"default","schema_type_options":null,"schema":{"blockGraphs":[],"customGraphs":[],"default":{"data":{"Article":[],"Course":[],"Dataset":[],"FAQPage":[],"Movie":[],"Person":[],"Product":[],"ProductReview":[],"Car":[],"Recipe":[],"Service":[],"SoftwareApplication":[],"WebPage":[]},"graphName":"BlogPosting","isEnabled":true},"graphs":[]},"pillar_content":false,"robots_default":true,"robots_noindex":false,"robots_noarchive":false,"robots_nosnippet":false,"robots_nofollow":false,"robots_noimageindex":false,"robots_noodp":false,"robots_notranslate":false,"robots_max_snippet":"-1","robots_max_videopreview":"-1","robots_max_imagepreview":"large","priority":null,"frequency":"default","local_seo":null,"limit_modified_date":false,"ai":{"faqs":[],"keyPoints":[],"schemas":[],"titles":[],"descriptions":[],"socialPosts":{"email":{"subject":"","preview":"","content":""},"linkedin":[],"twitter":[],"facebook":[],"instagram":[]}},"breadcrumb_settings":null,"seo_analyzer_scan_date":null,"created":"2026-08-24 20:13:24","updated":"2026-08-24 23:02:54","focus_keyword":null,"additional_keywords":null,"truseo_locale":null},"aioseo_breadcrumb":"<div class=\"aioseo-breadcrumbs\"><span class=\"aioseo-breadcrumb\">\n\t\t\t<a href=\"https:\/\/portalgrandenorte.com.br\" title=\"Home\">Home<\/a>\n\t\t<\/span><span class=\"aioseo-breadcrumb-separator\">&raquo;<\/span><span class=\"aioseo-breadcrumb\">\n\t\t\t<a href=\"https:\/\/portalgrandenorte.com.br\/?cat=150\" title=\"Colunas\">Colunas<\/a>\n\t\t<\/span><span class=\"aioseo-breadcrumb-separator\">&raquo;<\/span><span class=\"aioseo-breadcrumb\">\n\t\t\t<a href=\"https:\/\/portalgrandenorte.com.br\/?cat=167\" title=\"Gisele Bicalho\">Gisele Bicalho<\/a>\n\t\t<\/span><span class=\"aioseo-breadcrumb-separator\">&raquo;<\/span><span class=\"aioseo-breadcrumb\">\n\t\t\tSaudade tem cheiro?\n\t\t<\/span><\/div>","aioseo_breadcrumb_json":[{"label":"Home","link":"https:\/\/portalgrandenorte.com.br"},{"label":"Colunas","link":"https:\/\/portalgrandenorte.com.br\/?cat=150"},{"label":"Gisele Bicalho","link":"https:\/\/portalgrandenorte.com.br\/?cat=167"},{"label":"Saudade tem cheiro?","link":"https:\/\/portalgrandenorte.com.br\/?p=3241"}],"_links":{"self":[{"href":"https:\/\/portalgrandenorte.com.br\/index.php?rest_route=\/wp\/v2\/posts\/3241","targetHints":{"allow":["GET"]}}],"collection":[{"href":"https:\/\/portalgrandenorte.com.br\/index.php?rest_route=\/wp\/v2\/posts"}],"about":[{"href":"https:\/\/portalgrandenorte.com.br\/index.php?rest_route=\/wp\/v2\/types\/post"}],"author":[{"embeddable":true,"href":"https:\/\/portalgrandenorte.com.br\/index.php?rest_route=\/wp\/v2\/users\/1"}],"replies":[{"embeddable":true,"href":"https:\/\/portalgrandenorte.com.br\/index.php?rest_route=%2Fwp%2Fv2%2Fcomments&post=3241"}],"version-history":[{"count":1,"href":"https:\/\/portalgrandenorte.com.br\/index.php?rest_route=\/wp\/v2\/posts\/3241\/revisions"}],"predecessor-version":[{"id":3242,"href":"https:\/\/portalgrandenorte.com.br\/index.php?rest_route=\/wp\/v2\/posts\/3241\/revisions\/3242"}],"wp:featuredmedia":[{"embeddable":true,"href":"https:\/\/portalgrandenorte.com.br\/index.php?rest_route=\/wp\/v2\/media\/2467"}],"wp:attachment":[{"href":"https:\/\/portalgrandenorte.com.br\/index.php?rest_route=%2Fwp%2Fv2%2Fmedia&parent=3241"}],"wp:term":[{"taxonomy":"category","embeddable":true,"href":"https:\/\/portalgrandenorte.com.br\/index.php?rest_route=%2Fwp%2Fv2%2Fcategories&post=3241"},{"taxonomy":"post_tag","embeddable":true,"href":"https:\/\/portalgrandenorte.com.br\/index.php?rest_route=%2Fwp%2Fv2%2Ftags&post=3241"}],"curies":[{"name":"wp","href":"https:\/\/api.w.org\/{rel}","templated":true}]}}