{"id":3230,"date":"2026-08-24T15:12:57","date_gmt":"2026-08-24T18:12:57","guid":{"rendered":"https:\/\/portalgrandenorte.com.br\/?p=3230"},"modified":"2026-08-24T15:13:18","modified_gmt":"2026-08-24T18:13:18","slug":"diamantina-chega-a-etapa-nacional-de-premio-do-iphan-com-acao-de-valorizacao-das-comunidades-apanhadoras-de-flores-sempre-vivas","status":"publish","type":"post","link":"https:\/\/portalgrandenorte.com.br\/?p=3230","title":{"rendered":"Diamantina chega \u00e0 etapa nacional de pr\u00eamio do Iphan com a\u00e7\u00e3o de valoriza\u00e7\u00e3o das comunidades apanhadoras de flores sempre-vivas"},"content":{"rendered":"<div class=\"ntc_cont_descricao_noticia sw_txteditor\">\n<h2><img fetchpriority=\"high\" decoding=\"async\" class=\" wp-image-3231 alignnone\" src=\"https:\/\/portalgrandenorte.com.br\/wp-content\/uploads\/2026\/08\/diamantina-300x225.png\" alt=\"\" width=\"1205\" height=\"904\" srcset=\"https:\/\/portalgrandenorte.com.br\/wp-content\/uploads\/2026\/08\/diamantina-300x225.png 300w, https:\/\/portalgrandenorte.com.br\/wp-content\/uploads\/2026\/08\/diamantina-768x576.png 768w, https:\/\/portalgrandenorte.com.br\/wp-content\/uploads\/2026\/08\/diamantina-640x480.png 640w, https:\/\/portalgrandenorte.com.br\/wp-content\/uploads\/2026\/08\/diamantina.png 800w\" sizes=\"(max-width: 1205px) 100vw, 1205px\" \/><\/h2>\n<h2><em>Feira Cultural Saberes e Sabores Sempre-vivas reconhece o protagonismo das comunidades tradicionais e fortalece um patrim\u00f4nio de import\u00e2ncia estadual e mundial<\/em><\/h2>\n<p>Diamantina est\u00e1 na Etapa Nacional da 39\u00aa edi\u00e7\u00e3o do\u00a0<strong>Pr\u00eamio Rodrigo Melo Franco de Andrade<\/strong>, uma das mais importantes premia\u00e7\u00f5es brasileiras dedicadas \u00e0 preserva\u00e7\u00e3o e \u00e0 salvaguarda do patrim\u00f4nio cultural.<\/p>\n<p>O munic\u00edpio ser\u00e1 representado pela\u00a0<strong>Feira Cultural Saberes e Sabores Sempre-vivas<\/strong>, a\u00e7\u00e3o apresentada pela Prefeitura Municipal de Diamantina e inclu\u00edda na rela\u00e7\u00e3o definitiva das iniciativas classificadas para a etapa nacional do pr\u00eamio, promovido pelo Instituto do Patrim\u00f4nio Hist\u00f3rico e Art\u00edstico Nacional \u2014 Iphan.<\/p>\n<p>A Feira tem como refer\u00eancia central as\u00a0<strong>comunidades tradicionais apanhadoras de flores sempre-vivas<\/strong>, seus modos de vida, sua rela\u00e7\u00e3o com o territ\u00f3rio e os conhecimentos transmitidos entre gera\u00e7\u00f5es. Mais que um evento de comercializa\u00e7\u00e3o, a iniciativa constitui um espa\u00e7o de encontro, visibilidade e valoriza\u00e7\u00e3o das pessoas que mant\u00eam vivo um dos patrim\u00f4nios mais importantes da Serra do Espinha\u00e7o.<\/p>\n<p>O\u00a0<strong>Sistema Agr\u00edcola Tradicional das Comunidades Apanhadoras de Flores Sempre-vivas<\/strong>\u00a0\u00e9 registrado como patrim\u00f4nio cultural imaterial de Minas Gerais e reconhecido pela Organiza\u00e7\u00e3o das Na\u00e7\u00f5es Unidas para a Alimenta\u00e7\u00e3o e a Agricultura \u2014 FAO\/ONU \u2014 como\u00a0<strong>Sistema Importante do Patrim\u00f4nio Agr\u00edcola Mundial<\/strong>.<\/p>\n<p>Esse reconhecimento internacional contempla um modo de vida constru\u00eddo pelas comunidades a partir do conhecimento profundo dos campos rupestres, do manejo sustent\u00e1vel da biodiversidade, da tradicional panha das flores e da utiliza\u00e7\u00e3o de plantas nativas para diferentes finalidades. S\u00e3o pr\u00e1ticas fundamentais para a reprodu\u00e7\u00e3o cultural, a gera\u00e7\u00e3o de renda, a identidade comunit\u00e1ria e a conserva\u00e7\u00e3o do Cerrado.<\/p>\n<p>\u00c9 nesse contexto que a Feira Cultural Saberes e Sabores Sempre-vivas ganha for\u00e7a e significado. A iniciativa amplia a presen\u00e7a das comunidades nos espa\u00e7os p\u00fablicos, aproxima seus produtos e conhecimentos da popula\u00e7\u00e3o e contribui para que o patrim\u00f4nio cultural seja reconhecido n\u00e3o apenas como mem\u00f3ria, mas tamb\u00e9m como fonte de dignidade, trabalho, renda e perman\u00eancia nos territ\u00f3rios.<\/p>\n<p>A proposta dialoga diretamente com o tema da edi\u00e7\u00e3o de 2026 do pr\u00eamio,\u00a0<strong>\u201cPatrim\u00f4nio Criativo: Inclus\u00e3o Produtiva, Trabalho e Renda\u201d<\/strong>, que reconhece a\u00e7\u00f5es relacionadas \u00e0 valoriza\u00e7\u00e3o de of\u00edcios, \u00e0s atividades criativas e \u00e0s formas justas de comercializa\u00e7\u00e3o e remunera\u00e7\u00e3o.<\/p>\n<p>A classifica\u00e7\u00e3o nacional representa o reconhecimento de uma pol\u00edtica constru\u00edda a partir do patrim\u00f4nio vivo e, sobretudo, das pessoas que o guardam, praticam e transmitem. Ao chegar a essa etapa, Diamantina ajuda a projetar nacionalmente a luta, a resist\u00eancia e a riqueza cultural das comunidades apanhadoras de flores sempre-vivas.<\/p>\n<\/div>\n","protected":false},"excerpt":{"rendered":"<p>Feira Cultural Saberes e Sabores Sempre-vivas reconhece o protagonismo das comunidades tradicionais e fortalece um patrim\u00f4nio de import\u00e2ncia estadual e mundial Diamantina est\u00e1 na Etapa Nacional da 39\u00aa edi\u00e7\u00e3o do\u00a0Pr\u00eamio Rodrigo Melo Franco de Andrade, uma das mais importantes premia\u00e7\u00f5es brasileiras dedicadas \u00e0 preserva\u00e7\u00e3o e \u00e0 salvaguarda do patrim\u00f4nio cultural. O munic\u00edpio ser\u00e1 representado pela\u00a0Feira Cultural Saberes e Sabores Sempre-vivas, a\u00e7\u00e3o apresentada pela Prefeitura Municipal de Diamantina e inclu\u00edda na rela\u00e7\u00e3o definitiva das iniciativas classificadas para a etapa nacional do pr\u00eamio, promovido pelo Instituto do Patrim\u00f4nio Hist\u00f3rico e Art\u00edstico Nacional \u2014 Iphan. A Feira tem como refer\u00eancia central as\u00a0comunidades tradicionais apanhadoras de flores sempre-vivas, seus modos de vida, sua rela\u00e7\u00e3o com o territ\u00f3rio e os conhecimentos transmitidos entre gera\u00e7\u00f5es. Mais que um evento de comercializa\u00e7\u00e3o, a iniciativa constitui um espa\u00e7o de encontro, visibilidade e valoriza\u00e7\u00e3o das pessoas que mant\u00eam vivo um dos patrim\u00f4nios mais importantes da Serra do Espinha\u00e7o. O\u00a0Sistema Agr\u00edcola Tradicional das Comunidades Apanhadoras de Flores Sempre-vivas\u00a0\u00e9 registrado como patrim\u00f4nio cultural imaterial de Minas Gerais e reconhecido pela Organiza\u00e7\u00e3o das Na\u00e7\u00f5es Unidas para a Alimenta\u00e7\u00e3o e a Agricultura \u2014 FAO\/ONU \u2014 como\u00a0Sistema Importante do Patrim\u00f4nio Agr\u00edcola Mundial. Esse reconhecimento internacional contempla um modo de vida constru\u00eddo pelas comunidades a partir do conhecimento profundo dos campos rupestres, do manejo sustent\u00e1vel da biodiversidade, da tradicional panha das flores e da utiliza\u00e7\u00e3o de plantas nativas para diferentes finalidades. S\u00e3o pr\u00e1ticas fundamentais para a reprodu\u00e7\u00e3o cultural, a gera\u00e7\u00e3o de renda, a identidade comunit\u00e1ria e a conserva\u00e7\u00e3o do Cerrado. \u00c9 nesse contexto que a Feira Cultural Saberes e Sabores Sempre-vivas ganha for\u00e7a e significado. A iniciativa amplia a presen\u00e7a das comunidades nos espa\u00e7os p\u00fablicos, aproxima seus produtos e conhecimentos da popula\u00e7\u00e3o e contribui para que o patrim\u00f4nio cultural seja reconhecido n\u00e3o apenas como mem\u00f3ria, mas tamb\u00e9m como fonte de dignidade, trabalho, renda e perman\u00eancia nos territ\u00f3rios. A proposta dialoga diretamente com o tema da edi\u00e7\u00e3o de 2026 do pr\u00eamio,\u00a0\u201cPatrim\u00f4nio Criativo: Inclus\u00e3o Produtiva, Trabalho e Renda\u201d, que reconhece a\u00e7\u00f5es relacionadas \u00e0 valoriza\u00e7\u00e3o de of\u00edcios, \u00e0s atividades criativas e \u00e0s formas justas de comercializa\u00e7\u00e3o e remunera\u00e7\u00e3o. A classifica\u00e7\u00e3o nacional representa o reconhecimento de uma pol\u00edtica constru\u00edda a partir do patrim\u00f4nio vivo e, sobretudo, das pessoas que o guardam, praticam e transmitem. Ao chegar a essa etapa, Diamantina ajuda a projetar nacionalmente a luta, a resist\u00eancia e a riqueza cultural das comunidades apanhadoras de flores sempre-vivas.<\/p>\n","protected":false},"author":1,"featured_media":3231,"comment_status":"open","ping_status":"open","sticky":false,"template":"","format":"standard","meta":{"_monsterinsights_skip_tracking":false,"footnotes":""},"categories":[47,342,35,11,12,341,16],"tags":[],"class_list":["post-3230","post","type-post","status-publish","format-standard","has-post-thumbnail","hentry","category-cultura","category-meio-ambiente","category-minas-gerais","category-politica","category-regional","category-social","category-vale-do-jequitinhonha"],"aioseo_notices":[],"aioseo_head":"\n\t\t<!-- All in One SEO 5.0.1.1 - aioseo.com -->\n\t<meta name=\"description\" content=\"Feira Cultural Saberes e Sabores Sempre-vivas reconhece o protagonismo das comunidades tradicionais e fortalece um patrim\u00f4nio de import\u00e2ncia estadual e mundial Diamantina est\u00e1 na Etapa Nacional da 39\u00aa edi\u00e7\u00e3o do Pr\u00eamio Rodrigo Melo Franco de Andrade, uma das mais importantes premia\u00e7\u00f5es brasileiras dedicadas \u00e0 preserva\u00e7\u00e3o e \u00e0 salvaguarda do patrim\u00f4nio cultural. O munic\u00edpio ser\u00e1 representado pela Feira\" \/>\n\t<meta name=\"robots\" content=\"max-image-preview:large\" \/>\n\t<meta name=\"author\" content=\"Portal Grande Norte\"\/>\n\t<link rel=\"canonical\" href=\"https:\/\/portalgrandenorte.com.br\/?p=3230\" \/>\n\t<meta name=\"generator\" content=\"All in One SEO (AIOSEO) 5.0.1.1\" \/>\n\t\t<meta property=\"og:locale\" content=\"pt_BR\" \/>\n\t\t<meta property=\"og:site_name\" content=\"Portal Grande Norte - O maior portal de not\u00edcias do Norte de Minas\" \/>\n\t\t<meta property=\"og:type\" content=\"article\" \/>\n\t\t<meta property=\"og:title\" content=\"Diamantina chega \u00e0 etapa nacional de pr\u00eamio do Iphan com a\u00e7\u00e3o de valoriza\u00e7\u00e3o das comunidades apanhadoras de flores sempre-vivas - Portal Grande Norte\" \/>\n\t\t<meta property=\"og:description\" content=\"Feira Cultural Saberes e Sabores Sempre-vivas reconhece o protagonismo das comunidades tradicionais e fortalece um patrim\u00f4nio de import\u00e2ncia estadual e mundial Diamantina est\u00e1 na Etapa Nacional da 39\u00aa edi\u00e7\u00e3o do Pr\u00eamio Rodrigo Melo Franco de Andrade, uma das mais importantes premia\u00e7\u00f5es brasileiras dedicadas \u00e0 preserva\u00e7\u00e3o e \u00e0 salvaguarda do patrim\u00f4nio cultural. O munic\u00edpio ser\u00e1 representado pela Feira\" \/>\n\t\t<meta property=\"og:url\" content=\"https:\/\/portalgrandenorte.com.br\/?p=3230\" \/>\n\t\t<meta property=\"og:image\" content=\"https:\/\/portalgrandenorte.com.br\/wp-content\/uploads\/2025\/08\/cropped-cropped-Logotipo-Portal-Grande-Norte-5.png\" \/>\n\t\t<meta property=\"og:image:secure_url\" content=\"https:\/\/portalgrandenorte.com.br\/wp-content\/uploads\/2025\/08\/cropped-cropped-Logotipo-Portal-Grande-Norte-5.png\" \/>\n\t\t<meta property=\"article:published_time\" content=\"2026-08-24T18:12:57+00:00\" \/>\n\t\t<meta property=\"article:modified_time\" content=\"2026-08-24T18:13:18+00:00\" \/>\n\t\t<meta name=\"twitter:card\" content=\"summary_large_image\" \/>\n\t\t<meta name=\"twitter:title\" content=\"Diamantina chega \u00e0 etapa nacional de pr\u00eamio do Iphan com a\u00e7\u00e3o de valoriza\u00e7\u00e3o das comunidades apanhadoras de flores sempre-vivas - Portal Grande Norte\" \/>\n\t\t<meta name=\"twitter:description\" content=\"Feira Cultural Saberes e Sabores Sempre-vivas reconhece o protagonismo das comunidades tradicionais e fortalece um patrim\u00f4nio de import\u00e2ncia estadual e mundial Diamantina est\u00e1 na Etapa Nacional da 39\u00aa edi\u00e7\u00e3o do Pr\u00eamio Rodrigo Melo Franco de Andrade, uma das mais importantes premia\u00e7\u00f5es brasileiras dedicadas \u00e0 preserva\u00e7\u00e3o e \u00e0 salvaguarda do patrim\u00f4nio cultural. O munic\u00edpio ser\u00e1 representado pela Feira\" \/>\n\t\t<meta name=\"twitter:image\" content=\"https:\/\/portalgrandenorte.com.br\/wp-content\/uploads\/2025\/08\/cropped-cropped-Logotipo-Portal-Grande-Norte-5.png\" \/>\n\t\t<script type=\"application\/ld+json\" class=\"aioseo-schema\">\n\t\t\t{\"@context\":\"https:\\\/\\\/schema.org\",\"@graph\":[{\"@type\":\"BlogPosting\",\"@id\":\"https:\\\/\\\/portalgrandenorte.com.br\\\/?p=3230#blogposting\",\"name\":\"Diamantina chega \\u00e0 etapa nacional de pr\\u00eamio do Iphan com a\\u00e7\\u00e3o de valoriza\\u00e7\\u00e3o das comunidades apanhadoras de flores sempre-vivas - Portal Grande Norte\",\"headline\":\"Diamantina chega \\u00e0 etapa nacional de pr\\u00eamio do Iphan com a\\u00e7\\u00e3o de valoriza\\u00e7\\u00e3o das comunidades apanhadoras de flores sempre-vivas\",\"author\":{\"@id\":\"https:\\\/\\\/portalgrandenorte.com.br\\\/?author=1#author\"},\"publisher\":{\"@id\":\"https:\\\/\\\/portalgrandenorte.com.br\\\/#organization\"},\"image\":{\"@type\":\"ImageObject\",\"url\":\"https:\\\/\\\/portalgrandenorte.com.br\\\/wp-content\\\/uploads\\\/2026\\\/08\\\/diamantina.png\",\"width\":800,\"height\":600},\"datePublished\":\"2026-08-24T15:12:57-03:00\",\"dateModified\":\"2026-08-24T15:13:18-03:00\",\"inLanguage\":\"pt-BR\",\"mainEntityOfPage\":{\"@id\":\"https:\\\/\\\/portalgrandenorte.com.br\\\/?p=3230#webpage\"},\"isPartOf\":{\"@id\":\"https:\\\/\\\/portalgrandenorte.com.br\\\/?p=3230#webpage\"},\"articleSection\":\"Cultura, Meio Ambiente, Minas Gerais, Pol\\u00edtica, Regional, Social, Vale do Jequitinhonha\"},{\"@type\":\"BreadcrumbList\",\"@id\":\"https:\\\/\\\/portalgrandenorte.com.br\\\/?p=3230#breadcrumblist\",\"itemListElement\":[{\"@type\":\"ListItem\",\"@id\":\"https:\\\/\\\/portalgrandenorte.com.br#listItem\",\"position\":1,\"name\":\"Home\",\"item\":\"https:\\\/\\\/portalgrandenorte.com.br\",\"nextItem\":{\"@type\":\"ListItem\",\"@id\":\"https:\\\/\\\/portalgrandenorte.com.br\\\/?cat=6#listItem\",\"name\":\"Categorias\"}},{\"@type\":\"ListItem\",\"@id\":\"https:\\\/\\\/portalgrandenorte.com.br\\\/?cat=6#listItem\",\"position\":2,\"name\":\"Categorias\",\"item\":\"https:\\\/\\\/portalgrandenorte.com.br\\\/?cat=6\",\"nextItem\":{\"@type\":\"ListItem\",\"@id\":\"https:\\\/\\\/portalgrandenorte.com.br\\\/?cat=11#listItem\",\"name\":\"Pol\\u00edtica\"},\"previousItem\":{\"@type\":\"ListItem\",\"@id\":\"https:\\\/\\\/portalgrandenorte.com.br#listItem\",\"name\":\"Home\"}},{\"@type\":\"ListItem\",\"@id\":\"https:\\\/\\\/portalgrandenorte.com.br\\\/?cat=11#listItem\",\"position\":3,\"name\":\"Pol\\u00edtica\",\"item\":\"https:\\\/\\\/portalgrandenorte.com.br\\\/?cat=11\",\"nextItem\":{\"@type\":\"ListItem\",\"@id\":\"https:\\\/\\\/portalgrandenorte.com.br\\\/?p=3230#listItem\",\"name\":\"Diamantina chega \\u00e0 etapa nacional de pr\\u00eamio do Iphan com a\\u00e7\\u00e3o de valoriza\\u00e7\\u00e3o das comunidades apanhadoras de flores sempre-vivas\"},\"previousItem\":{\"@type\":\"ListItem\",\"@id\":\"https:\\\/\\\/portalgrandenorte.com.br\\\/?cat=6#listItem\",\"name\":\"Categorias\"}},{\"@type\":\"ListItem\",\"@id\":\"https:\\\/\\\/portalgrandenorte.com.br\\\/?p=3230#listItem\",\"position\":4,\"name\":\"Diamantina chega \\u00e0 etapa nacional de pr\\u00eamio do Iphan com a\\u00e7\\u00e3o de valoriza\\u00e7\\u00e3o das comunidades apanhadoras de flores sempre-vivas\",\"previousItem\":{\"@type\":\"ListItem\",\"@id\":\"https:\\\/\\\/portalgrandenorte.com.br\\\/?cat=11#listItem\",\"name\":\"Pol\\u00edtica\"}}]},{\"@type\":\"Organization\",\"@id\":\"https:\\\/\\\/portalgrandenorte.com.br\\\/#organization\",\"name\":\"Portal Grande Norte\",\"description\":\"O maior portal de not\\u00edcias do Norte de Minas\",\"url\":\"https:\\\/\\\/portalgrandenorte.com.br\\\/\",\"logo\":{\"@type\":\"ImageObject\",\"url\":\"https:\\\/\\\/portalgrandenorte.com.br\\\/wp-content\\\/uploads\\\/2025\\\/08\\\/cropped-cropped-Logotipo-Portal-Grande-Norte-5.png\",\"@id\":\"https:\\\/\\\/portalgrandenorte.com.br\\\/?p=3230\\\/#organizationLogo\",\"width\":500,\"height\":244},\"image\":{\"@id\":\"https:\\\/\\\/portalgrandenorte.com.br\\\/?p=3230\\\/#organizationLogo\"}},{\"@type\":\"Person\",\"@id\":\"https:\\\/\\\/portalgrandenorte.com.br\\\/?author=1#author\",\"url\":\"https:\\\/\\\/portalgrandenorte.com.br\\\/?author=1\",\"name\":\"Portal Grande Norte\",\"image\":{\"@type\":\"ImageObject\",\"@id\":\"https:\\\/\\\/portalgrandenorte.com.br\\\/?p=3230#authorImage\",\"url\":\"https:\\\/\\\/secure.gravatar.com\\\/avatar\\\/f158a5a9dbb2d0e63533b05d8583976740387b7e0d7a969ed14e84a8e1c8308a?s=96&d=mm&r=g\",\"width\":96,\"height\":96,\"caption\":\"Portal Grande Norte\"}},{\"@type\":\"WebPage\",\"@id\":\"https:\\\/\\\/portalgrandenorte.com.br\\\/?p=3230#webpage\",\"url\":\"https:\\\/\\\/portalgrandenorte.com.br\\\/?p=3230\",\"name\":\"Diamantina chega \\u00e0 etapa nacional de pr\\u00eamio do Iphan com a\\u00e7\\u00e3o de valoriza\\u00e7\\u00e3o das comunidades apanhadoras de flores sempre-vivas - Portal Grande Norte\",\"description\":\"Feira Cultural Saberes e Sabores Sempre-vivas reconhece o protagonismo das comunidades tradicionais e fortalece um patrim\\u00f4nio de import\\u00e2ncia estadual e mundial Diamantina est\\u00e1 na Etapa Nacional da 39\\u00aa edi\\u00e7\\u00e3o do Pr\\u00eamio Rodrigo Melo Franco de Andrade, uma das mais importantes premia\\u00e7\\u00f5es brasileiras dedicadas \\u00e0 preserva\\u00e7\\u00e3o e \\u00e0 salvaguarda do patrim\\u00f4nio cultural. O munic\\u00edpio ser\\u00e1 representado pela Feira\",\"inLanguage\":\"pt-BR\",\"isPartOf\":{\"@id\":\"https:\\\/\\\/portalgrandenorte.com.br\\\/#website\"},\"breadcrumb\":{\"@id\":\"https:\\\/\\\/portalgrandenorte.com.br\\\/?p=3230#breadcrumblist\"},\"author\":{\"@id\":\"https:\\\/\\\/portalgrandenorte.com.br\\\/?author=1#author\"},\"creator\":{\"@id\":\"https:\\\/\\\/portalgrandenorte.com.br\\\/?author=1#author\"},\"image\":{\"@type\":\"ImageObject\",\"url\":\"https:\\\/\\\/portalgrandenorte.com.br\\\/wp-content\\\/uploads\\\/2026\\\/08\\\/diamantina.png\",\"@id\":\"https:\\\/\\\/portalgrandenorte.com.br\\\/?p=3230\\\/#mainImage\",\"width\":800,\"height\":600},\"primaryImageOfPage\":{\"@id\":\"https:\\\/\\\/portalgrandenorte.com.br\\\/?p=3230#mainImage\"},\"datePublished\":\"2026-08-24T15:12:57-03:00\",\"dateModified\":\"2026-08-24T15:13:18-03:00\"},{\"@type\":\"WebSite\",\"@id\":\"https:\\\/\\\/portalgrandenorte.com.br\\\/#website\",\"url\":\"https:\\\/\\\/portalgrandenorte.com.br\\\/\",\"name\":\"Portal Grande Norte\",\"description\":\"O maior portal de not\\u00edcias do Norte de Minas\",\"inLanguage\":\"pt-BR\",\"publisher\":{\"@id\":\"https:\\\/\\\/portalgrandenorte.com.br\\\/#organization\"}}]}\n\t\t<\/script>\n\t\t<!-- All in One SEO -->\n\n","aioseo_head_json":{"title":"Diamantina chega \u00e0 etapa nacional de pr\u00eamio do Iphan com a\u00e7\u00e3o de valoriza\u00e7\u00e3o das comunidades apanhadoras de flores sempre-vivas - Portal Grande Norte","description":"Feira Cultural Saberes e Sabores Sempre-vivas reconhece o protagonismo das comunidades tradicionais e fortalece um patrim\u00f4nio de import\u00e2ncia estadual e mundial Diamantina est\u00e1 na Etapa Nacional da 39\u00aa edi\u00e7\u00e3o do Pr\u00eamio Rodrigo Melo Franco de Andrade, uma das mais importantes premia\u00e7\u00f5es brasileiras dedicadas \u00e0 preserva\u00e7\u00e3o e \u00e0 salvaguarda do patrim\u00f4nio cultural. O munic\u00edpio ser\u00e1 representado pela Feira","canonical_url":"https:\/\/portalgrandenorte.com.br\/?p=3230","robots":"max-image-preview:large","keywords":"","webmasterTools":{"miscellaneous":""},"schema":{"@context":"https:\/\/schema.org","@graph":[{"@type":"BlogPosting","@id":"https:\/\/portalgrandenorte.com.br\/?p=3230#blogposting","name":"Diamantina chega \u00e0 etapa nacional de pr\u00eamio do Iphan com a\u00e7\u00e3o de valoriza\u00e7\u00e3o das comunidades apanhadoras de flores sempre-vivas - Portal Grande Norte","headline":"Diamantina chega \u00e0 etapa nacional de pr\u00eamio do Iphan com a\u00e7\u00e3o de valoriza\u00e7\u00e3o das comunidades apanhadoras de flores sempre-vivas","author":{"@id":"https:\/\/portalgrandenorte.com.br\/?author=1#author"},"publisher":{"@id":"https:\/\/portalgrandenorte.com.br\/#organization"},"image":{"@type":"ImageObject","url":"https:\/\/portalgrandenorte.com.br\/wp-content\/uploads\/2026\/08\/diamantina.png","width":800,"height":600},"datePublished":"2026-08-24T15:12:57-03:00","dateModified":"2026-08-24T15:13:18-03:00","inLanguage":"pt-BR","mainEntityOfPage":{"@id":"https:\/\/portalgrandenorte.com.br\/?p=3230#webpage"},"isPartOf":{"@id":"https:\/\/portalgrandenorte.com.br\/?p=3230#webpage"},"articleSection":"Cultura, Meio Ambiente, Minas Gerais, Pol\u00edtica, Regional, Social, Vale do Jequitinhonha"},{"@type":"BreadcrumbList","@id":"https:\/\/portalgrandenorte.com.br\/?p=3230#breadcrumblist","itemListElement":[{"@type":"ListItem","@id":"https:\/\/portalgrandenorte.com.br#listItem","position":1,"name":"Home","item":"https:\/\/portalgrandenorte.com.br","nextItem":{"@type":"ListItem","@id":"https:\/\/portalgrandenorte.com.br\/?cat=6#listItem","name":"Categorias"}},{"@type":"ListItem","@id":"https:\/\/portalgrandenorte.com.br\/?cat=6#listItem","position":2,"name":"Categorias","item":"https:\/\/portalgrandenorte.com.br\/?cat=6","nextItem":{"@type":"ListItem","@id":"https:\/\/portalgrandenorte.com.br\/?cat=11#listItem","name":"Pol\u00edtica"},"previousItem":{"@type":"ListItem","@id":"https:\/\/portalgrandenorte.com.br#listItem","name":"Home"}},{"@type":"ListItem","@id":"https:\/\/portalgrandenorte.com.br\/?cat=11#listItem","position":3,"name":"Pol\u00edtica","item":"https:\/\/portalgrandenorte.com.br\/?cat=11","nextItem":{"@type":"ListItem","@id":"https:\/\/portalgrandenorte.com.br\/?p=3230#listItem","name":"Diamantina chega \u00e0 etapa nacional de pr\u00eamio do Iphan com a\u00e7\u00e3o de valoriza\u00e7\u00e3o das comunidades apanhadoras de flores sempre-vivas"},"previousItem":{"@type":"ListItem","@id":"https:\/\/portalgrandenorte.com.br\/?cat=6#listItem","name":"Categorias"}},{"@type":"ListItem","@id":"https:\/\/portalgrandenorte.com.br\/?p=3230#listItem","position":4,"name":"Diamantina chega \u00e0 etapa nacional de pr\u00eamio do Iphan com a\u00e7\u00e3o de valoriza\u00e7\u00e3o das comunidades apanhadoras de flores sempre-vivas","previousItem":{"@type":"ListItem","@id":"https:\/\/portalgrandenorte.com.br\/?cat=11#listItem","name":"Pol\u00edtica"}}]},{"@type":"Organization","@id":"https:\/\/portalgrandenorte.com.br\/#organization","name":"Portal Grande Norte","description":"O maior portal de not\u00edcias do Norte de Minas","url":"https:\/\/portalgrandenorte.com.br\/","logo":{"@type":"ImageObject","url":"https:\/\/portalgrandenorte.com.br\/wp-content\/uploads\/2025\/08\/cropped-cropped-Logotipo-Portal-Grande-Norte-5.png","@id":"https:\/\/portalgrandenorte.com.br\/?p=3230\/#organizationLogo","width":500,"height":244},"image":{"@id":"https:\/\/portalgrandenorte.com.br\/?p=3230\/#organizationLogo"}},{"@type":"Person","@id":"https:\/\/portalgrandenorte.com.br\/?author=1#author","url":"https:\/\/portalgrandenorte.com.br\/?author=1","name":"Portal Grande Norte","image":{"@type":"ImageObject","@id":"https:\/\/portalgrandenorte.com.br\/?p=3230#authorImage","url":"https:\/\/secure.gravatar.com\/avatar\/f158a5a9dbb2d0e63533b05d8583976740387b7e0d7a969ed14e84a8e1c8308a?s=96&d=mm&r=g","width":96,"height":96,"caption":"Portal Grande Norte"}},{"@type":"WebPage","@id":"https:\/\/portalgrandenorte.com.br\/?p=3230#webpage","url":"https:\/\/portalgrandenorte.com.br\/?p=3230","name":"Diamantina chega \u00e0 etapa nacional de pr\u00eamio do Iphan com a\u00e7\u00e3o de valoriza\u00e7\u00e3o das comunidades apanhadoras de flores sempre-vivas - Portal Grande Norte","description":"Feira Cultural Saberes e Sabores Sempre-vivas reconhece o protagonismo das comunidades tradicionais e fortalece um patrim\u00f4nio de import\u00e2ncia estadual e mundial Diamantina est\u00e1 na Etapa Nacional da 39\u00aa edi\u00e7\u00e3o do Pr\u00eamio Rodrigo Melo Franco de Andrade, uma das mais importantes premia\u00e7\u00f5es brasileiras dedicadas \u00e0 preserva\u00e7\u00e3o e \u00e0 salvaguarda do patrim\u00f4nio cultural. O munic\u00edpio ser\u00e1 representado pela Feira","inLanguage":"pt-BR","isPartOf":{"@id":"https:\/\/portalgrandenorte.com.br\/#website"},"breadcrumb":{"@id":"https:\/\/portalgrandenorte.com.br\/?p=3230#breadcrumblist"},"author":{"@id":"https:\/\/portalgrandenorte.com.br\/?author=1#author"},"creator":{"@id":"https:\/\/portalgrandenorte.com.br\/?author=1#author"},"image":{"@type":"ImageObject","url":"https:\/\/portalgrandenorte.com.br\/wp-content\/uploads\/2026\/08\/diamantina.png","@id":"https:\/\/portalgrandenorte.com.br\/?p=3230\/#mainImage","width":800,"height":600},"primaryImageOfPage":{"@id":"https:\/\/portalgrandenorte.com.br\/?p=3230#mainImage"},"datePublished":"2026-08-24T15:12:57-03:00","dateModified":"2026-08-24T15:13:18-03:00"},{"@type":"WebSite","@id":"https:\/\/portalgrandenorte.com.br\/#website","url":"https:\/\/portalgrandenorte.com.br\/","name":"Portal Grande Norte","description":"O maior portal de not\u00edcias do Norte de Minas","inLanguage":"pt-BR","publisher":{"@id":"https:\/\/portalgrandenorte.com.br\/#organization"}}]},"og:locale":"pt_BR","og:site_name":"Portal Grande Norte - O maior portal de not\u00edcias do Norte de Minas","og:type":"article","og:title":"Diamantina chega \u00e0 etapa nacional de pr\u00eamio do Iphan com a\u00e7\u00e3o de valoriza\u00e7\u00e3o das comunidades apanhadoras de flores sempre-vivas - Portal Grande Norte","og:description":"Feira Cultural Saberes e Sabores Sempre-vivas reconhece o protagonismo das comunidades tradicionais e fortalece um patrim\u00f4nio de import\u00e2ncia estadual e mundial Diamantina est\u00e1 na Etapa Nacional da 39\u00aa edi\u00e7\u00e3o do Pr\u00eamio Rodrigo Melo Franco de Andrade, uma das mais importantes premia\u00e7\u00f5es brasileiras dedicadas \u00e0 preserva\u00e7\u00e3o e \u00e0 salvaguarda do patrim\u00f4nio cultural. O munic\u00edpio ser\u00e1 representado pela Feira","og:url":"https:\/\/portalgrandenorte.com.br\/?p=3230","og:image":"https:\/\/portalgrandenorte.com.br\/wp-content\/uploads\/2025\/08\/cropped-cropped-Logotipo-Portal-Grande-Norte-5.png","og:image:secure_url":"https:\/\/portalgrandenorte.com.br\/wp-content\/uploads\/2025\/08\/cropped-cropped-Logotipo-Portal-Grande-Norte-5.png","article:published_time":"2026-08-24T18:12:57+00:00","article:modified_time":"2026-08-24T18:13:18+00:00","twitter:card":"summary_large_image","twitter:title":"Diamantina chega \u00e0 etapa nacional de pr\u00eamio do Iphan com a\u00e7\u00e3o de valoriza\u00e7\u00e3o das comunidades apanhadoras de flores sempre-vivas - Portal Grande Norte","twitter:description":"Feira Cultural Saberes e Sabores Sempre-vivas reconhece o protagonismo das comunidades tradicionais e fortalece um patrim\u00f4nio de import\u00e2ncia estadual e mundial Diamantina est\u00e1 na Etapa Nacional da 39\u00aa edi\u00e7\u00e3o do Pr\u00eamio Rodrigo Melo Franco de Andrade, uma das mais importantes premia\u00e7\u00f5es brasileiras dedicadas \u00e0 preserva\u00e7\u00e3o e \u00e0 salvaguarda do patrim\u00f4nio cultural. O munic\u00edpio ser\u00e1 representado pela Feira","twitter:image":"https:\/\/portalgrandenorte.com.br\/wp-content\/uploads\/2025\/08\/cropped-cropped-Logotipo-Portal-Grande-Norte-5.png"},"aioseo_meta_data":{"post_id":"3230","title":null,"description":null,"keywords":null,"keyphrases":{"focus":{"keyphrase":"","score":0,"analysis":{"keyphraseInTitle":{"score":0,"maxScore":9,"error":1}}},"additional":[]},"primary_term":null,"canonical_url":null,"og_title":null,"og_description":null,"og_object_type":"default","og_image_type":"default","og_image_custom_url":null,"og_image_custom_fields":null,"og_image_url":null,"og_image_width":null,"og_image_height":null,"og_video":"","og_custom_url":null,"og_article_section":null,"og_article_tags":null,"twitter_use_og":true,"twitter_card":"default","twitter_image_type":"default","twitter_image_custom_url":null,"twitter_image_custom_fields":null,"twitter_image_url":null,"twitter_title":null,"twitter_description":null,"schema_type":"default","schema_type_options":null,"schema":{"blockGraphs":[],"customGraphs":[],"default":{"data":{"Article":[],"Course":[],"Dataset":[],"FAQPage":[],"Movie":[],"Person":[],"Product":[],"ProductReview":[],"Car":[],"Recipe":[],"Service":[],"SoftwareApplication":[],"WebPage":[]},"graphName":"BlogPosting","isEnabled":true},"graphs":[]},"pillar_content":false,"robots_default":true,"robots_noindex":false,"robots_noarchive":false,"robots_nosnippet":false,"robots_nofollow":false,"robots_noimageindex":false,"robots_noodp":false,"robots_notranslate":false,"robots_max_snippet":"-1","robots_max_videopreview":"-1","robots_max_imagepreview":"large","priority":null,"frequency":"default","local_seo":null,"limit_modified_date":false,"ai":{"faqs":[],"keyPoints":[],"schemas":[],"titles":[],"descriptions":[],"socialPosts":{"email":{"subject":"","preview":"","content":""},"linkedin":[],"twitter":[],"facebook":[],"instagram":[]}},"breadcrumb_settings":null,"seo_analyzer_scan_date":null,"created":"2026-08-24 18:12:58","updated":"2026-08-24 20:10:45","focus_keyword":null,"additional_keywords":null,"truseo_locale":null},"aioseo_breadcrumb":"<div class=\"aioseo-breadcrumbs\"><span class=\"aioseo-breadcrumb\">\n\t\t\t<a href=\"https:\/\/portalgrandenorte.com.br\" title=\"Home\">Home<\/a>\n\t\t<\/span><span class=\"aioseo-breadcrumb-separator\">&raquo;<\/span><span class=\"aioseo-breadcrumb\">\n\t\t\t<a href=\"https:\/\/portalgrandenorte.com.br\/?cat=6\" title=\"Categorias\">Categorias<\/a>\n\t\t<\/span><span class=\"aioseo-breadcrumb-separator\">&raquo;<\/span><span class=\"aioseo-breadcrumb\">\n\t\t\t<a href=\"https:\/\/portalgrandenorte.com.br\/?cat=11\" title=\"Pol\u00edtica\">Pol\u00edtica<\/a>\n\t\t<\/span><span class=\"aioseo-breadcrumb-separator\">&raquo;<\/span><span class=\"aioseo-breadcrumb\">\n\t\t\tDiamantina chega \u00e0 etapa nacional de pr\u00eamio do Iphan com a\u00e7\u00e3o de valoriza\u00e7\u00e3o das comunidades apanhadoras de flores sempre-vivas\n\t\t<\/span><\/div>","aioseo_breadcrumb_json":[{"label":"Home","link":"https:\/\/portalgrandenorte.com.br"},{"label":"Categorias","link":"https:\/\/portalgrandenorte.com.br\/?cat=6"},{"label":"Pol\u00edtica","link":"https:\/\/portalgrandenorte.com.br\/?cat=11"},{"label":"Diamantina chega \u00e0 etapa nacional de pr\u00eamio do Iphan com a\u00e7\u00e3o de valoriza\u00e7\u00e3o das comunidades apanhadoras de flores sempre-vivas","link":"https:\/\/portalgrandenorte.com.br\/?p=3230"}],"_links":{"self":[{"href":"https:\/\/portalgrandenorte.com.br\/index.php?rest_route=\/wp\/v2\/posts\/3230","targetHints":{"allow":["GET"]}}],"collection":[{"href":"https:\/\/portalgrandenorte.com.br\/index.php?rest_route=\/wp\/v2\/posts"}],"about":[{"href":"https:\/\/portalgrandenorte.com.br\/index.php?rest_route=\/wp\/v2\/types\/post"}],"author":[{"embeddable":true,"href":"https:\/\/portalgrandenorte.com.br\/index.php?rest_route=\/wp\/v2\/users\/1"}],"replies":[{"embeddable":true,"href":"https:\/\/portalgrandenorte.com.br\/index.php?rest_route=%2Fwp%2Fv2%2Fcomments&post=3230"}],"version-history":[{"count":2,"href":"https:\/\/portalgrandenorte.com.br\/index.php?rest_route=\/wp\/v2\/posts\/3230\/revisions"}],"predecessor-version":[{"id":3233,"href":"https:\/\/portalgrandenorte.com.br\/index.php?rest_route=\/wp\/v2\/posts\/3230\/revisions\/3233"}],"wp:featuredmedia":[{"embeddable":true,"href":"https:\/\/portalgrandenorte.com.br\/index.php?rest_route=\/wp\/v2\/media\/3231"}],"wp:attachment":[{"href":"https:\/\/portalgrandenorte.com.br\/index.php?rest_route=%2Fwp%2Fv2%2Fmedia&parent=3230"}],"wp:term":[{"taxonomy":"category","embeddable":true,"href":"https:\/\/portalgrandenorte.com.br\/index.php?rest_route=%2Fwp%2Fv2%2Fcategories&post=3230"},{"taxonomy":"post_tag","embeddable":true,"href":"https:\/\/portalgrandenorte.com.br\/index.php?rest_route=%2Fwp%2Fv2%2Ftags&post=3230"}],"curies":[{"name":"wp","href":"https:\/\/api.w.org\/{rel}","templated":true}]}}