{"id":3166,"date":"2026-08-10T08:18:03","date_gmt":"2026-08-10T11:18:03","guid":{"rendered":"https:\/\/portalgrandenorte.com.br\/?p=3166"},"modified":"2026-08-10T08:18:25","modified_gmt":"2026-08-10T11:18:25","slug":"estao-abertas-as-inscricoes-para-o-encontro-tecnico-do-tcemg-em-diamantina","status":"publish","type":"post","link":"https:\/\/portalgrandenorte.com.br\/?p=3166","title":{"rendered":"Est\u00e3o abertas as inscri\u00e7\u00f5es para o Encontro T\u00e9cnico do TCEMG em Diamantina"},"content":{"rendered":"<p>Est\u00e3o abertas as inscri\u00e7\u00f5es para o Encontro T\u00e9cnico TCEMG e os Munic\u00edpios em Diamantina, que ocorre na sexta-feira (14\/8). Promovido pelo Tribunal de Contas do Estado de Minas Gerais (TCEMG), por meio da Escola de Contas Professor Pedro Aleixo e em parceria com a Prefeitura Municipal, o evento abordar\u00e1 o tema &#8220;Planejamento, gest\u00e3o e controle social&#8221;, oferecendo palestras e oficinas voltadas ao aprimoramento do trabalho e da presta\u00e7\u00e3o de servi\u00e7os p\u00fablicos.<\/p>\n<p>A capacita\u00e7\u00e3o \u00e9 voltada para prefeitos, vereadores, gestores, secret\u00e1rios e servidores p\u00fablicos em geral, al\u00e9m de diretores escolares, advogados, conselheiros, estudantes e profissionais das \u00e1reas de controle interno, contabilidade, engenharia, compras e licita\u00e7\u00f5es.<\/p>\n<p>A programa\u00e7\u00e3o da manh\u00e3 tem in\u00edcio \u00e0s 8h com o credenciamento e um caf\u00e9 de boas-vindas. A cerim\u00f4nia de abertura oficial acontece \u00e0s 9h, conduzida pelo presidente do TCEMG, conselheiro Durval \u00c2ngelo, seguida pela fala do presidente da Associa\u00e7\u00e3o Mineira de Munic\u00edpios (AMM), Lucas Vieira Lopes, \u00e0s 9h30. \u00c0s 9h40, Allan Gon\u00e7alves e Cristiano Magalh\u00e3es apresentam o atendimento da Caixa Econ\u00f4mica Federal e, em seguida, \u00e0s 9h50, St\u00e9lcio M\u00e9ssias faz a apresenta\u00e7\u00e3o &#8220;Voc\u00ea no Controle&#8221;.<\/p>\n<p>A partir das 10h, come\u00e7am as palestras do dia: Anderson Sampaio aborda o tema &#8220;Planejamento Estrat\u00e9gico Municipal: Da Vis\u00e3o \u00e0 Execu\u00e7\u00e3o&#8221;; \u00e0s 10h50, Filipi Assun\u00e7\u00e3o ministra a palestra &#8220;Caravana de Combate \u00e0 Fome: Homenagem a Dom Mauro Morelli&#8221;; e, \u00e0s 11h10, Renato Queiroz apresenta &#8220;Controle Social e Transpar\u00eancia: Fortalecendo a Democracia Local&#8221;. Encerrando as atividades da manh\u00e3, Tatiana Luzia apresenta o painel &#8220;Conhecendo o Minist\u00e9rio P\u00fablico de Contas&#8221; \u00e0s 12h, antecedendo o intervalo previsto para as 12h30.<\/p>\n<p>O segundo momento do evento, das 14h30 \u00e0s 17h30, ser\u00e1 dedicado \u00e0s oficinas tem\u00e1ticas pr\u00e1ticas:<\/p>\n<p>Oficina 1 | Gest\u00e3o Fiscal Respons\u00e1vel \u2013 Planejamento e Transpar\u00eancia: Ane Marla e Marl\u00facio Torres<\/p>\n<p>Oficina 2 | Licita\u00e7\u00f5es, Contratos e Pesquisa de Pre\u00e7os: Tatiana Rosmaninho e Gustavo Paschoalini<\/p>\n<p>Oficina 3 | Controle Interno, Transpar\u00eancia e Participa\u00e7\u00e3o Social: Henrique Quites, Walkson Batista e Luciana Raso<\/p>\n<p>Oficina 4 | Cons\u00f3rcios P\u00fablicos: L\u00e9o Grandinetti e Gabriel Castro<\/p>\n<p>Oficina 5 | Previd\u00eancia e Regimes Pr\u00f3prios (RPPS): Karen Nadolny<\/p>\n<p>Oficina 6 | Compliance Eleitoral e Veda\u00e7\u00f5es Legais (Responsabiliza\u00e7\u00e3o dos Agentes): Rodrigo Marzano e Thiago Morais<\/p>\n<p>&nbsp;<\/p>\n<p><strong>SERVI\u00c7O:<\/strong><\/p>\n<p>Evento: Encontro T\u00e9cnico<\/p>\n<p>Data: 14 de agosto (sexta-feira)<\/p>\n<p>Local: Campus da UEMG (Rua da Gl\u00f3ria, 394, Diamantina &#8211; MG)<\/p>\n<p>Clique\u00a0<a href=\"https:\/\/tce.homemurbano.com.br\/campaigns\/tz972avr1w681\/track-url\/ks0383o42913f\/11700651d3261e1dd6546b3eaced4986bdbc647e\" target=\"_blank\" rel=\"noopener\" data-saferedirecturl=\"https:\/\/www.google.com\/url?q=https:\/\/tce.homemurbano.com.br\/campaigns\/tz972avr1w681\/track-url\/ks0383o42913f\/11700651d3261e1dd6546b3eaced4986bdbc647e&amp;source=gmail&amp;ust=1786444069094000&amp;usg=AOvVaw0h1kIbo7vumsuRcNzERiz4\">aqui<\/a>\u00a0 para obter mais informa\u00e7\u00f5es e garantir a sua inscri\u00e7\u00e3o.<\/p>\n<p>&nbsp;<\/p>\n<p>&nbsp;<\/p>\n","protected":false},"excerpt":{"rendered":"<p>Est\u00e3o abertas as inscri\u00e7\u00f5es para o Encontro T\u00e9cnico TCEMG e os Munic\u00edpios em Diamantina, que ocorre na sexta-feira (14\/8). Promovido pelo Tribunal de Contas do Estado de Minas Gerais (TCEMG), por meio da Escola de Contas Professor Pedro Aleixo e em parceria com a Prefeitura Municipal, o evento abordar\u00e1 o tema &#8220;Planejamento, gest\u00e3o e controle social&#8221;, oferecendo palestras e oficinas voltadas ao aprimoramento do trabalho e da presta\u00e7\u00e3o de servi\u00e7os p\u00fablicos. A capacita\u00e7\u00e3o \u00e9 voltada para prefeitos, vereadores, gestores, secret\u00e1rios e servidores p\u00fablicos em geral, al\u00e9m de diretores escolares, advogados, conselheiros, estudantes e profissionais das \u00e1reas de controle interno, contabilidade, engenharia, compras e licita\u00e7\u00f5es. A programa\u00e7\u00e3o da manh\u00e3 tem in\u00edcio \u00e0s 8h com o credenciamento e um caf\u00e9 de boas-vindas. A cerim\u00f4nia de abertura oficial acontece \u00e0s 9h, conduzida pelo presidente do TCEMG, conselheiro Durval \u00c2ngelo, seguida pela fala do presidente da Associa\u00e7\u00e3o Mineira de Munic\u00edpios (AMM), Lucas Vieira Lopes, \u00e0s 9h30. \u00c0s 9h40, Allan Gon\u00e7alves e Cristiano Magalh\u00e3es apresentam o atendimento da Caixa Econ\u00f4mica Federal e, em seguida, \u00e0s 9h50, St\u00e9lcio M\u00e9ssias faz a apresenta\u00e7\u00e3o &#8220;Voc\u00ea no Controle&#8221;. A partir das 10h, come\u00e7am as palestras do dia: Anderson Sampaio aborda o tema &#8220;Planejamento Estrat\u00e9gico Municipal: Da Vis\u00e3o \u00e0 Execu\u00e7\u00e3o&#8221;; \u00e0s 10h50, Filipi Assun\u00e7\u00e3o ministra a palestra &#8220;Caravana de Combate \u00e0 Fome: Homenagem a Dom Mauro Morelli&#8221;; e, \u00e0s 11h10, Renato Queiroz apresenta &#8220;Controle Social e Transpar\u00eancia: Fortalecendo a Democracia Local&#8221;. Encerrando as atividades da manh\u00e3, Tatiana Luzia apresenta o painel &#8220;Conhecendo o Minist\u00e9rio P\u00fablico de Contas&#8221; \u00e0s 12h, antecedendo o intervalo previsto para as 12h30. O segundo momento do evento, das 14h30 \u00e0s 17h30, ser\u00e1 dedicado \u00e0s oficinas tem\u00e1ticas pr\u00e1ticas: Oficina 1 | Gest\u00e3o Fiscal Respons\u00e1vel \u2013 Planejamento e Transpar\u00eancia: Ane Marla e Marl\u00facio Torres Oficina 2 | Licita\u00e7\u00f5es, Contratos e Pesquisa de Pre\u00e7os: Tatiana Rosmaninho e Gustavo Paschoalini Oficina 3 | Controle Interno, Transpar\u00eancia e Participa\u00e7\u00e3o Social: Henrique Quites, Walkson Batista e Luciana Raso Oficina 4 | Cons\u00f3rcios P\u00fablicos: L\u00e9o Grandinetti e Gabriel Castro Oficina 5 | Previd\u00eancia e Regimes Pr\u00f3prios (RPPS): Karen Nadolny Oficina 6 | Compliance Eleitoral e Veda\u00e7\u00f5es Legais (Responsabiliza\u00e7\u00e3o dos Agentes): Rodrigo Marzano e Thiago Morais &nbsp; SERVI\u00c7O: Evento: Encontro T\u00e9cnico Data: 14 de agosto (sexta-feira) Local: Campus da UEMG (Rua da Gl\u00f3ria, 394, Diamantina &#8211; MG) Clique\u00a0aqui\u00a0 para obter mais informa\u00e7\u00f5es e garantir a sua inscri\u00e7\u00e3o. &nbsp; &nbsp;<\/p>\n","protected":false},"author":1,"featured_media":3167,"comment_status":"open","ping_status":"open","sticky":false,"template":"","format":"standard","meta":{"_monsterinsights_skip_tracking":false,"footnotes":""},"categories":[35,49,11,12,16],"tags":[],"class_list":["post-3166","post","type-post","status-publish","format-standard","has-post-thumbnail","hentry","category-minas-gerais","category-negocios","category-politica","category-regional","category-vale-do-jequitinhonha"],"aioseo_notices":[],"aioseo_head":"\n\t\t<!-- All in One SEO 5.0.1.1 - aioseo.com -->\n\t<meta name=\"description\" content=\"Est\u00e3o abertas as inscri\u00e7\u00f5es para o Encontro T\u00e9cnico TCEMG e os Munic\u00edpios em Diamantina, que ocorre na sexta-feira (14\/8). Promovido pelo Tribunal de Contas do Estado de Minas Gerais (TCEMG), por meio da Escola de Contas Professor Pedro Aleixo e em parceria com a Prefeitura Municipal, o evento abordar\u00e1 o tema &quot;Planejamento, gest\u00e3o e controle\" \/>\n\t<meta name=\"robots\" content=\"max-image-preview:large\" \/>\n\t<meta name=\"author\" content=\"Portal Grande Norte\"\/>\n\t<link rel=\"canonical\" href=\"https:\/\/portalgrandenorte.com.br\/?p=3166\" \/>\n\t<meta name=\"generator\" content=\"All in One SEO (AIOSEO) 5.0.1.1\" \/>\n\t\t<meta property=\"og:locale\" content=\"pt_BR\" \/>\n\t\t<meta property=\"og:site_name\" content=\"Portal Grande Norte - O maior portal de not\u00edcias do Norte de Minas\" \/>\n\t\t<meta property=\"og:type\" content=\"article\" \/>\n\t\t<meta property=\"og:title\" content=\"Est\u00e3o abertas as inscri\u00e7\u00f5es para o Encontro T\u00e9cnico do TCEMG em Diamantina - Portal Grande Norte\" \/>\n\t\t<meta property=\"og:description\" content=\"Est\u00e3o abertas as inscri\u00e7\u00f5es para o Encontro T\u00e9cnico TCEMG e os Munic\u00edpios em Diamantina, que ocorre na sexta-feira (14\/8). Promovido pelo Tribunal de Contas do Estado de Minas Gerais (TCEMG), por meio da Escola de Contas Professor Pedro Aleixo e em parceria com a Prefeitura Municipal, o evento abordar\u00e1 o tema &quot;Planejamento, gest\u00e3o e controle\" \/>\n\t\t<meta property=\"og:url\" content=\"https:\/\/portalgrandenorte.com.br\/?p=3166\" \/>\n\t\t<meta property=\"og:image\" content=\"https:\/\/portalgrandenorte.com.br\/wp-content\/uploads\/2025\/08\/cropped-cropped-Logotipo-Portal-Grande-Norte-5.png\" \/>\n\t\t<meta property=\"og:image:secure_url\" content=\"https:\/\/portalgrandenorte.com.br\/wp-content\/uploads\/2025\/08\/cropped-cropped-Logotipo-Portal-Grande-Norte-5.png\" \/>\n\t\t<meta property=\"article:published_time\" content=\"2026-08-10T11:18:03+00:00\" \/>\n\t\t<meta property=\"article:modified_time\" content=\"2026-08-10T11:18:25+00:00\" \/>\n\t\t<meta name=\"twitter:card\" content=\"summary_large_image\" \/>\n\t\t<meta name=\"twitter:title\" content=\"Est\u00e3o abertas as inscri\u00e7\u00f5es para o Encontro T\u00e9cnico do TCEMG em Diamantina - Portal Grande Norte\" \/>\n\t\t<meta name=\"twitter:description\" content=\"Est\u00e3o abertas as inscri\u00e7\u00f5es para o Encontro T\u00e9cnico TCEMG e os Munic\u00edpios em Diamantina, que ocorre na sexta-feira (14\/8). Promovido pelo Tribunal de Contas do Estado de Minas Gerais (TCEMG), por meio da Escola de Contas Professor Pedro Aleixo e em parceria com a Prefeitura Municipal, o evento abordar\u00e1 o tema &quot;Planejamento, gest\u00e3o e controle\" \/>\n\t\t<meta name=\"twitter:image\" content=\"https:\/\/portalgrandenorte.com.br\/wp-content\/uploads\/2025\/08\/cropped-cropped-Logotipo-Portal-Grande-Norte-5.png\" \/>\n\t\t<script type=\"application\/ld+json\" class=\"aioseo-schema\">\n\t\t\t{\"@context\":\"https:\\\/\\\/schema.org\",\"@graph\":[{\"@type\":\"BlogPosting\",\"@id\":\"https:\\\/\\\/portalgrandenorte.com.br\\\/?p=3166#blogposting\",\"name\":\"Est\\u00e3o abertas as inscri\\u00e7\\u00f5es para o Encontro T\\u00e9cnico do TCEMG em Diamantina - Portal Grande Norte\",\"headline\":\"Est\\u00e3o abertas as inscri\\u00e7\\u00f5es para o Encontro T\\u00e9cnico do TCEMG em Diamantina\",\"author\":{\"@id\":\"https:\\\/\\\/portalgrandenorte.com.br\\\/?author=1#author\"},\"publisher\":{\"@id\":\"https:\\\/\\\/portalgrandenorte.com.br\\\/#organization\"},\"image\":{\"@type\":\"ImageObject\",\"url\":\"https:\\\/\\\/portalgrandenorte.com.br\\\/wp-content\\\/uploads\\\/2026\\\/08\\\/Diamantina.jpg\",\"width\":684,\"height\":513},\"datePublished\":\"2026-08-10T08:18:03-03:00\",\"dateModified\":\"2026-08-10T08:18:25-03:00\",\"inLanguage\":\"pt-BR\",\"mainEntityOfPage\":{\"@id\":\"https:\\\/\\\/portalgrandenorte.com.br\\\/?p=3166#webpage\"},\"isPartOf\":{\"@id\":\"https:\\\/\\\/portalgrandenorte.com.br\\\/?p=3166#webpage\"},\"articleSection\":\"Minas Gerais, Neg\\u00f3cios, Pol\\u00edtica, Regional, Vale do Jequitinhonha\"},{\"@type\":\"BreadcrumbList\",\"@id\":\"https:\\\/\\\/portalgrandenorte.com.br\\\/?p=3166#breadcrumblist\",\"itemListElement\":[{\"@type\":\"ListItem\",\"@id\":\"https:\\\/\\\/portalgrandenorte.com.br#listItem\",\"position\":1,\"name\":\"Home\",\"item\":\"https:\\\/\\\/portalgrandenorte.com.br\",\"nextItem\":{\"@type\":\"ListItem\",\"@id\":\"https:\\\/\\\/portalgrandenorte.com.br\\\/?cat=6#listItem\",\"name\":\"Categorias\"}},{\"@type\":\"ListItem\",\"@id\":\"https:\\\/\\\/portalgrandenorte.com.br\\\/?cat=6#listItem\",\"position\":2,\"name\":\"Categorias\",\"item\":\"https:\\\/\\\/portalgrandenorte.com.br\\\/?cat=6\",\"nextItem\":{\"@type\":\"ListItem\",\"@id\":\"https:\\\/\\\/portalgrandenorte.com.br\\\/?cat=11#listItem\",\"name\":\"Pol\\u00edtica\"},\"previousItem\":{\"@type\":\"ListItem\",\"@id\":\"https:\\\/\\\/portalgrandenorte.com.br#listItem\",\"name\":\"Home\"}},{\"@type\":\"ListItem\",\"@id\":\"https:\\\/\\\/portalgrandenorte.com.br\\\/?cat=11#listItem\",\"position\":3,\"name\":\"Pol\\u00edtica\",\"item\":\"https:\\\/\\\/portalgrandenorte.com.br\\\/?cat=11\",\"nextItem\":{\"@type\":\"ListItem\",\"@id\":\"https:\\\/\\\/portalgrandenorte.com.br\\\/?p=3166#listItem\",\"name\":\"Est\\u00e3o abertas as inscri\\u00e7\\u00f5es para o Encontro T\\u00e9cnico do TCEMG em Diamantina\"},\"previousItem\":{\"@type\":\"ListItem\",\"@id\":\"https:\\\/\\\/portalgrandenorte.com.br\\\/?cat=6#listItem\",\"name\":\"Categorias\"}},{\"@type\":\"ListItem\",\"@id\":\"https:\\\/\\\/portalgrandenorte.com.br\\\/?p=3166#listItem\",\"position\":4,\"name\":\"Est\\u00e3o abertas as inscri\\u00e7\\u00f5es para o Encontro T\\u00e9cnico do TCEMG em Diamantina\",\"previousItem\":{\"@type\":\"ListItem\",\"@id\":\"https:\\\/\\\/portalgrandenorte.com.br\\\/?cat=11#listItem\",\"name\":\"Pol\\u00edtica\"}}]},{\"@type\":\"Organization\",\"@id\":\"https:\\\/\\\/portalgrandenorte.com.br\\\/#organization\",\"name\":\"Portal Grande Norte\",\"description\":\"O maior portal de not\\u00edcias do Norte de Minas\",\"url\":\"https:\\\/\\\/portalgrandenorte.com.br\\\/\",\"logo\":{\"@type\":\"ImageObject\",\"url\":\"https:\\\/\\\/portalgrandenorte.com.br\\\/wp-content\\\/uploads\\\/2025\\\/08\\\/cropped-cropped-Logotipo-Portal-Grande-Norte-5.png\",\"@id\":\"https:\\\/\\\/portalgrandenorte.com.br\\\/?p=3166\\\/#organizationLogo\",\"width\":500,\"height\":244},\"image\":{\"@id\":\"https:\\\/\\\/portalgrandenorte.com.br\\\/?p=3166\\\/#organizationLogo\"}},{\"@type\":\"Person\",\"@id\":\"https:\\\/\\\/portalgrandenorte.com.br\\\/?author=1#author\",\"url\":\"https:\\\/\\\/portalgrandenorte.com.br\\\/?author=1\",\"name\":\"Portal Grande Norte\",\"image\":{\"@type\":\"ImageObject\",\"@id\":\"https:\\\/\\\/portalgrandenorte.com.br\\\/?p=3166#authorImage\",\"url\":\"https:\\\/\\\/secure.gravatar.com\\\/avatar\\\/f158a5a9dbb2d0e63533b05d8583976740387b7e0d7a969ed14e84a8e1c8308a?s=96&d=mm&r=g\",\"width\":96,\"height\":96,\"caption\":\"Portal Grande Norte\"}},{\"@type\":\"WebPage\",\"@id\":\"https:\\\/\\\/portalgrandenorte.com.br\\\/?p=3166#webpage\",\"url\":\"https:\\\/\\\/portalgrandenorte.com.br\\\/?p=3166\",\"name\":\"Est\\u00e3o abertas as inscri\\u00e7\\u00f5es para o Encontro T\\u00e9cnico do TCEMG em Diamantina - Portal Grande Norte\",\"description\":\"Est\\u00e3o abertas as inscri\\u00e7\\u00f5es para o Encontro T\\u00e9cnico TCEMG e os Munic\\u00edpios em Diamantina, que ocorre na sexta-feira (14\\\/8). Promovido pelo Tribunal de Contas do Estado de Minas Gerais (TCEMG), por meio da Escola de Contas Professor Pedro Aleixo e em parceria com a Prefeitura Municipal, o evento abordar\\u00e1 o tema \\\"Planejamento, gest\\u00e3o e controle\",\"inLanguage\":\"pt-BR\",\"isPartOf\":{\"@id\":\"https:\\\/\\\/portalgrandenorte.com.br\\\/#website\"},\"breadcrumb\":{\"@id\":\"https:\\\/\\\/portalgrandenorte.com.br\\\/?p=3166#breadcrumblist\"},\"author\":{\"@id\":\"https:\\\/\\\/portalgrandenorte.com.br\\\/?author=1#author\"},\"creator\":{\"@id\":\"https:\\\/\\\/portalgrandenorte.com.br\\\/?author=1#author\"},\"image\":{\"@type\":\"ImageObject\",\"url\":\"https:\\\/\\\/portalgrandenorte.com.br\\\/wp-content\\\/uploads\\\/2026\\\/08\\\/Diamantina.jpg\",\"@id\":\"https:\\\/\\\/portalgrandenorte.com.br\\\/?p=3166\\\/#mainImage\",\"width\":684,\"height\":513},\"primaryImageOfPage\":{\"@id\":\"https:\\\/\\\/portalgrandenorte.com.br\\\/?p=3166#mainImage\"},\"datePublished\":\"2026-08-10T08:18:03-03:00\",\"dateModified\":\"2026-08-10T08:18:25-03:00\"},{\"@type\":\"WebSite\",\"@id\":\"https:\\\/\\\/portalgrandenorte.com.br\\\/#website\",\"url\":\"https:\\\/\\\/portalgrandenorte.com.br\\\/\",\"name\":\"Portal Grande Norte\",\"description\":\"O maior portal de not\\u00edcias do Norte de Minas\",\"inLanguage\":\"pt-BR\",\"publisher\":{\"@id\":\"https:\\\/\\\/portalgrandenorte.com.br\\\/#organization\"}}]}\n\t\t<\/script>\n\t\t<!-- All in One SEO -->\n\n","aioseo_head_json":{"title":"Est\u00e3o abertas as inscri\u00e7\u00f5es para o Encontro T\u00e9cnico do TCEMG em Diamantina - Portal Grande Norte","description":"Est\u00e3o abertas as inscri\u00e7\u00f5es para o Encontro T\u00e9cnico TCEMG e os Munic\u00edpios em Diamantina, que ocorre na sexta-feira (14\/8). Promovido pelo Tribunal de Contas do Estado de Minas Gerais (TCEMG), por meio da Escola de Contas Professor Pedro Aleixo e em parceria com a Prefeitura Municipal, o evento abordar\u00e1 o tema \"Planejamento, gest\u00e3o e controle","canonical_url":"https:\/\/portalgrandenorte.com.br\/?p=3166","robots":"max-image-preview:large","keywords":"","webmasterTools":{"miscellaneous":""},"schema":{"@context":"https:\/\/schema.org","@graph":[{"@type":"BlogPosting","@id":"https:\/\/portalgrandenorte.com.br\/?p=3166#blogposting","name":"Est\u00e3o abertas as inscri\u00e7\u00f5es para o Encontro T\u00e9cnico do TCEMG em Diamantina - Portal Grande Norte","headline":"Est\u00e3o abertas as inscri\u00e7\u00f5es para o Encontro T\u00e9cnico do TCEMG em Diamantina","author":{"@id":"https:\/\/portalgrandenorte.com.br\/?author=1#author"},"publisher":{"@id":"https:\/\/portalgrandenorte.com.br\/#organization"},"image":{"@type":"ImageObject","url":"https:\/\/portalgrandenorte.com.br\/wp-content\/uploads\/2026\/08\/Diamantina.jpg","width":684,"height":513},"datePublished":"2026-08-10T08:18:03-03:00","dateModified":"2026-08-10T08:18:25-03:00","inLanguage":"pt-BR","mainEntityOfPage":{"@id":"https:\/\/portalgrandenorte.com.br\/?p=3166#webpage"},"isPartOf":{"@id":"https:\/\/portalgrandenorte.com.br\/?p=3166#webpage"},"articleSection":"Minas Gerais, Neg\u00f3cios, Pol\u00edtica, Regional, Vale do Jequitinhonha"},{"@type":"BreadcrumbList","@id":"https:\/\/portalgrandenorte.com.br\/?p=3166#breadcrumblist","itemListElement":[{"@type":"ListItem","@id":"https:\/\/portalgrandenorte.com.br#listItem","position":1,"name":"Home","item":"https:\/\/portalgrandenorte.com.br","nextItem":{"@type":"ListItem","@id":"https:\/\/portalgrandenorte.com.br\/?cat=6#listItem","name":"Categorias"}},{"@type":"ListItem","@id":"https:\/\/portalgrandenorte.com.br\/?cat=6#listItem","position":2,"name":"Categorias","item":"https:\/\/portalgrandenorte.com.br\/?cat=6","nextItem":{"@type":"ListItem","@id":"https:\/\/portalgrandenorte.com.br\/?cat=11#listItem","name":"Pol\u00edtica"},"previousItem":{"@type":"ListItem","@id":"https:\/\/portalgrandenorte.com.br#listItem","name":"Home"}},{"@type":"ListItem","@id":"https:\/\/portalgrandenorte.com.br\/?cat=11#listItem","position":3,"name":"Pol\u00edtica","item":"https:\/\/portalgrandenorte.com.br\/?cat=11","nextItem":{"@type":"ListItem","@id":"https:\/\/portalgrandenorte.com.br\/?p=3166#listItem","name":"Est\u00e3o abertas as inscri\u00e7\u00f5es para o Encontro T\u00e9cnico do TCEMG em Diamantina"},"previousItem":{"@type":"ListItem","@id":"https:\/\/portalgrandenorte.com.br\/?cat=6#listItem","name":"Categorias"}},{"@type":"ListItem","@id":"https:\/\/portalgrandenorte.com.br\/?p=3166#listItem","position":4,"name":"Est\u00e3o abertas as inscri\u00e7\u00f5es para o Encontro T\u00e9cnico do TCEMG em Diamantina","previousItem":{"@type":"ListItem","@id":"https:\/\/portalgrandenorte.com.br\/?cat=11#listItem","name":"Pol\u00edtica"}}]},{"@type":"Organization","@id":"https:\/\/portalgrandenorte.com.br\/#organization","name":"Portal Grande Norte","description":"O maior portal de not\u00edcias do Norte de Minas","url":"https:\/\/portalgrandenorte.com.br\/","logo":{"@type":"ImageObject","url":"https:\/\/portalgrandenorte.com.br\/wp-content\/uploads\/2025\/08\/cropped-cropped-Logotipo-Portal-Grande-Norte-5.png","@id":"https:\/\/portalgrandenorte.com.br\/?p=3166\/#organizationLogo","width":500,"height":244},"image":{"@id":"https:\/\/portalgrandenorte.com.br\/?p=3166\/#organizationLogo"}},{"@type":"Person","@id":"https:\/\/portalgrandenorte.com.br\/?author=1#author","url":"https:\/\/portalgrandenorte.com.br\/?author=1","name":"Portal Grande Norte","image":{"@type":"ImageObject","@id":"https:\/\/portalgrandenorte.com.br\/?p=3166#authorImage","url":"https:\/\/secure.gravatar.com\/avatar\/f158a5a9dbb2d0e63533b05d8583976740387b7e0d7a969ed14e84a8e1c8308a?s=96&d=mm&r=g","width":96,"height":96,"caption":"Portal Grande Norte"}},{"@type":"WebPage","@id":"https:\/\/portalgrandenorte.com.br\/?p=3166#webpage","url":"https:\/\/portalgrandenorte.com.br\/?p=3166","name":"Est\u00e3o abertas as inscri\u00e7\u00f5es para o Encontro T\u00e9cnico do TCEMG em Diamantina - Portal Grande Norte","description":"Est\u00e3o abertas as inscri\u00e7\u00f5es para o Encontro T\u00e9cnico TCEMG e os Munic\u00edpios em Diamantina, que ocorre na sexta-feira (14\/8). Promovido pelo Tribunal de Contas do Estado de Minas Gerais (TCEMG), por meio da Escola de Contas Professor Pedro Aleixo e em parceria com a Prefeitura Municipal, o evento abordar\u00e1 o tema \"Planejamento, gest\u00e3o e controle","inLanguage":"pt-BR","isPartOf":{"@id":"https:\/\/portalgrandenorte.com.br\/#website"},"breadcrumb":{"@id":"https:\/\/portalgrandenorte.com.br\/?p=3166#breadcrumblist"},"author":{"@id":"https:\/\/portalgrandenorte.com.br\/?author=1#author"},"creator":{"@id":"https:\/\/portalgrandenorte.com.br\/?author=1#author"},"image":{"@type":"ImageObject","url":"https:\/\/portalgrandenorte.com.br\/wp-content\/uploads\/2026\/08\/Diamantina.jpg","@id":"https:\/\/portalgrandenorte.com.br\/?p=3166\/#mainImage","width":684,"height":513},"primaryImageOfPage":{"@id":"https:\/\/portalgrandenorte.com.br\/?p=3166#mainImage"},"datePublished":"2026-08-10T08:18:03-03:00","dateModified":"2026-08-10T08:18:25-03:00"},{"@type":"WebSite","@id":"https:\/\/portalgrandenorte.com.br\/#website","url":"https:\/\/portalgrandenorte.com.br\/","name":"Portal Grande Norte","description":"O maior portal de not\u00edcias do Norte de Minas","inLanguage":"pt-BR","publisher":{"@id":"https:\/\/portalgrandenorte.com.br\/#organization"}}]},"og:locale":"pt_BR","og:site_name":"Portal Grande Norte - O maior portal de not\u00edcias do Norte de Minas","og:type":"article","og:title":"Est\u00e3o abertas as inscri\u00e7\u00f5es para o Encontro T\u00e9cnico do TCEMG em Diamantina - Portal Grande Norte","og:description":"Est\u00e3o abertas as inscri\u00e7\u00f5es para o Encontro T\u00e9cnico TCEMG e os Munic\u00edpios em Diamantina, que ocorre na sexta-feira (14\/8). Promovido pelo Tribunal de Contas do Estado de Minas Gerais (TCEMG), por meio da Escola de Contas Professor Pedro Aleixo e em parceria com a Prefeitura Municipal, o evento abordar\u00e1 o tema &quot;Planejamento, gest\u00e3o e controle","og:url":"https:\/\/portalgrandenorte.com.br\/?p=3166","og:image":"https:\/\/portalgrandenorte.com.br\/wp-content\/uploads\/2025\/08\/cropped-cropped-Logotipo-Portal-Grande-Norte-5.png","og:image:secure_url":"https:\/\/portalgrandenorte.com.br\/wp-content\/uploads\/2025\/08\/cropped-cropped-Logotipo-Portal-Grande-Norte-5.png","article:published_time":"2026-08-10T11:18:03+00:00","article:modified_time":"2026-08-10T11:18:25+00:00","twitter:card":"summary_large_image","twitter:title":"Est\u00e3o abertas as inscri\u00e7\u00f5es para o Encontro T\u00e9cnico do TCEMG em Diamantina - Portal Grande Norte","twitter:description":"Est\u00e3o abertas as inscri\u00e7\u00f5es para o Encontro T\u00e9cnico TCEMG e os Munic\u00edpios em Diamantina, que ocorre na sexta-feira (14\/8). Promovido pelo Tribunal de Contas do Estado de Minas Gerais (TCEMG), por meio da Escola de Contas Professor Pedro Aleixo e em parceria com a Prefeitura Municipal, o evento abordar\u00e1 o tema &quot;Planejamento, gest\u00e3o e controle","twitter:image":"https:\/\/portalgrandenorte.com.br\/wp-content\/uploads\/2025\/08\/cropped-cropped-Logotipo-Portal-Grande-Norte-5.png"},"aioseo_meta_data":{"post_id":"3166","title":null,"description":null,"keywords":null,"keyphrases":{"focus":{"keyphrase":"","score":0,"analysis":{"keyphraseInTitle":{"score":0,"maxScore":9,"error":1}}},"additional":[]},"primary_term":null,"canonical_url":null,"og_title":null,"og_description":null,"og_object_type":"default","og_image_type":"default","og_image_custom_url":null,"og_image_custom_fields":null,"og_image_url":null,"og_image_width":null,"og_image_height":null,"og_video":"","og_custom_url":null,"og_article_section":null,"og_article_tags":null,"twitter_use_og":true,"twitter_card":"default","twitter_image_type":"default","twitter_image_custom_url":null,"twitter_image_custom_fields":null,"twitter_image_url":null,"twitter_title":null,"twitter_description":null,"schema_type":"default","schema_type_options":null,"schema":{"blockGraphs":[],"customGraphs":[],"default":{"data":{"Article":[],"Course":[],"Dataset":[],"FAQPage":[],"Movie":[],"Person":[],"Product":[],"ProductReview":[],"Car":[],"Recipe":[],"Service":[],"SoftwareApplication":[],"WebPage":[]},"graphName":"BlogPosting","isEnabled":true},"graphs":[]},"pillar_content":false,"robots_default":true,"robots_noindex":false,"robots_noarchive":false,"robots_nosnippet":false,"robots_nofollow":false,"robots_noimageindex":false,"robots_noodp":false,"robots_notranslate":false,"robots_max_snippet":"-1","robots_max_videopreview":"-1","robots_max_imagepreview":"large","priority":null,"frequency":"default","local_seo":null,"limit_modified_date":false,"ai":{"faqs":[],"keyPoints":[],"schemas":[],"titles":[],"descriptions":[],"socialPosts":{"email":{"subject":"","preview":"","content":""},"linkedin":[],"twitter":[],"facebook":[],"instagram":[]}},"breadcrumb_settings":null,"seo_analyzer_scan_date":null,"created":"2026-08-10 11:03:04","updated":"2026-08-10 17:09:35","focus_keyword":null,"additional_keywords":null,"truseo_locale":null},"aioseo_breadcrumb":"<div class=\"aioseo-breadcrumbs\"><span class=\"aioseo-breadcrumb\">\n\t\t\t<a href=\"https:\/\/portalgrandenorte.com.br\" title=\"Home\">Home<\/a>\n\t\t<\/span><span class=\"aioseo-breadcrumb-separator\">&raquo;<\/span><span class=\"aioseo-breadcrumb\">\n\t\t\t<a href=\"https:\/\/portalgrandenorte.com.br\/?cat=6\" title=\"Categorias\">Categorias<\/a>\n\t\t<\/span><span class=\"aioseo-breadcrumb-separator\">&raquo;<\/span><span class=\"aioseo-breadcrumb\">\n\t\t\t<a href=\"https:\/\/portalgrandenorte.com.br\/?cat=11\" title=\"Pol\u00edtica\">Pol\u00edtica<\/a>\n\t\t<\/span><span class=\"aioseo-breadcrumb-separator\">&raquo;<\/span><span class=\"aioseo-breadcrumb\">\n\t\t\tEst\u00e3o abertas as inscri\u00e7\u00f5es para o Encontro T\u00e9cnico do TCEMG em Diamantina\n\t\t<\/span><\/div>","aioseo_breadcrumb_json":[{"label":"Home","link":"https:\/\/portalgrandenorte.com.br"},{"label":"Categorias","link":"https:\/\/portalgrandenorte.com.br\/?cat=6"},{"label":"Pol\u00edtica","link":"https:\/\/portalgrandenorte.com.br\/?cat=11"},{"label":"Est\u00e3o abertas as inscri\u00e7\u00f5es para o Encontro T\u00e9cnico do TCEMG em Diamantina","link":"https:\/\/portalgrandenorte.com.br\/?p=3166"}],"_links":{"self":[{"href":"https:\/\/portalgrandenorte.com.br\/index.php?rest_route=\/wp\/v2\/posts\/3166","targetHints":{"allow":["GET"]}}],"collection":[{"href":"https:\/\/portalgrandenorte.com.br\/index.php?rest_route=\/wp\/v2\/posts"}],"about":[{"href":"https:\/\/portalgrandenorte.com.br\/index.php?rest_route=\/wp\/v2\/types\/post"}],"author":[{"embeddable":true,"href":"https:\/\/portalgrandenorte.com.br\/index.php?rest_route=\/wp\/v2\/users\/1"}],"replies":[{"embeddable":true,"href":"https:\/\/portalgrandenorte.com.br\/index.php?rest_route=%2Fwp%2Fv2%2Fcomments&post=3166"}],"version-history":[{"count":2,"href":"https:\/\/portalgrandenorte.com.br\/index.php?rest_route=\/wp\/v2\/posts\/3166\/revisions"}],"predecessor-version":[{"id":3172,"href":"https:\/\/portalgrandenorte.com.br\/index.php?rest_route=\/wp\/v2\/posts\/3166\/revisions\/3172"}],"wp:featuredmedia":[{"embeddable":true,"href":"https:\/\/portalgrandenorte.com.br\/index.php?rest_route=\/wp\/v2\/media\/3167"}],"wp:attachment":[{"href":"https:\/\/portalgrandenorte.com.br\/index.php?rest_route=%2Fwp%2Fv2%2Fmedia&parent=3166"}],"wp:term":[{"taxonomy":"category","embeddable":true,"href":"https:\/\/portalgrandenorte.com.br\/index.php?rest_route=%2Fwp%2Fv2%2Fcategories&post=3166"},{"taxonomy":"post_tag","embeddable":true,"href":"https:\/\/portalgrandenorte.com.br\/index.php?rest_route=%2Fwp%2Fv2%2Ftags&post=3166"}],"curies":[{"name":"wp","href":"https:\/\/api.w.org\/{rel}","templated":true}]}}