{"id":3149,"date":"2026-08-07T08:14:29","date_gmt":"2026-08-07T11:14:29","guid":{"rendered":"https:\/\/portalgrandenorte.com.br\/?p=3149"},"modified":"2026-08-07T08:33:45","modified_gmt":"2026-08-07T11:33:45","slug":"comite-jus-povos-apura-denuncias-de-crise-humanitaria-em-aldeias-do-povo-tikmuun-maxakali","status":"publish","type":"post","link":"https:\/\/portalgrandenorte.com.br\/?p=3149","title":{"rendered":"Comit\u00ea JUS-POVOS apura den\u00fancias de crise humanit\u00e1ria em aldeias do povo Tikm\u0169&#8217;\u0169n Maxakali"},"content":{"rendered":"<div class=\"page-header\">\n<div id=\"div_block-66-1463\" class=\"ct-div-block\">\n<div id=\"code_block-67-1463\" class=\"ct-code-block\">\n<div class=\"oxy-post\">\n<div class=\"oxy-post-meta\">\n<div class=\"oxy-post-meta-date oxy-post-meta-item\"><img decoding=\"async\" class=\"wp-image-137464\" src=\"https:\/\/portal.trf6.jus.br\/wp-content\/uploads\/2026\/07\/Aldeia-Maxakali-Credito-Cecilia-Perdezoli-da-ASCOMTJMG-1-edited.jpeg\" alt=\"\" \/><\/div>\n<\/div>\n<\/div>\n<\/div>\n<\/div>\n<div class=\"wp-block-image\"><em>Fonte: https:\/\/sjmg.trf6.jus.br\/<br \/>\nCr\u00e9dito das fotos: Cec\u00edlia Pederzoli \/ TJMG<\/em><\/div>\n<div id=\"inner_content-48-1277\" class=\"ct-inner-content\">\n<p class=\"wp-block-paragraph\">O Comit\u00ea Interinstitucional JUS-POVOS esteve, nos dias 22 e 23 de julho, nas aldeias do povo ind\u00edgena Tikm\u0169&#8217;\u0169n Maxakali, no Vale do Mucuri, para apurar den\u00fancias de crise humanit\u00e1ria enfrentada pelas comunidades. A comitiva visitou as aldeias de Pradinho e \u00c1gua Boa.<\/p>\n<p class=\"wp-block-paragraph\">A comitiva reuniu representantes de mais de 40 institui\u00e7\u00f5es dos tr\u00eas poderes, das esferas municipal, estadual e federal, al\u00e9m de organiza\u00e7\u00f5es da sociedade civil voltadas \u00e0 defesa dos direitos humanos, do meio ambiente e dos povos tradicionais.<\/p>\n<p class=\"wp-block-paragraph\">O Tribunal Regional Federal da 6\u00aa Regi\u00e3o (TRF6), integrante do Comit\u00ea Interinstitucional JUS-POVOS, foi representado pelo membro do Comit\u00ea de Igualdade Racial do Tribunal, juiz federal Paulo Alkimin Costa J\u00fanior, que participou do encontro em nome do presidente do TRF6 e do Comit\u00ea JUS-POVOS, desembargador federal Vallisney Oliveira. Tamb\u00e9m participaram da comitiva do Tribunal o chefe de gabinete da Presid\u00eancia, Jos\u00e9 Fernando Barros e Silva, e o chefe da Assessoria Especial da Presid\u00eancia, Ant\u00f4nio Enoque Neto.<\/p>\n<p class=\"wp-block-paragraph\"><strong>Escuta qualificada aproxima institui\u00e7\u00f5es da realidade ind\u00edgena\u00a0<\/strong><\/p>\n<p class=\"wp-block-paragraph\">O membro do Comit\u00ea de Igualdade Racial do TRF6, juiz federal Paulo Alkimin Costa J\u00fanior, ressaltou a import\u00e2ncia da escuta das comunidades para aproximar o Tribunal da realidade vivida pelo povo Tikm\u0169&#8217;\u0169n-Maxakali.<\/p>\n<figure class=\"wp-block-gallery aligncenter has-nested-images columns-default is-cropped wp-block-gallery-1 is-layout-flex wp-block-gallery-is-layout-flex\">\n<figure class=\"wp-block-image size-full\"><img decoding=\"async\" class=\"wp-image-137466\" src=\"https:\/\/portal.trf6.jus.br\/wp-content\/uploads\/2026\/07\/Aldeia-Maxakali-Credito-Cecilia-Perdezoli-da-ASCOMTJMG-7.jpeg\" alt=\"\" data-id=\"137466\" \/><\/figure>\n<figure class=\"wp-block-image size-large\"><img decoding=\"async\" class=\"wp-image-137467\" src=\"https:\/\/portal.trf6.jus.br\/wp-content\/uploads\/2026\/07\/Aldeia-Maxakali-Credito-Cecilia-Perdezoli-da-ASCOMTJMG-10.jpeg\" alt=\"\" data-id=\"137467\" \/><\/figure>\n<p>\u201cO encontro possibilitou a aproxima\u00e7\u00e3o do Tribunal com o jurisdicionado. Promoveu um espa\u00e7o de escuta e deu ao povo Maxakali a oportunidade de falar sobre sua realidade e os problemas que o afligem. Isso permitiu a todas as autoridades envolvidas compreender melhor o que \u00e9 necess\u00e1rio fazer para, de fato, atender e proteger os direitos dessa comunidade, especialmente nas \u00e1reas da sa\u00fade, da locomo\u00e7\u00e3o e da educa\u00e7\u00e3o.\u201d<\/figure>\n<p class=\"wp-block-paragraph\">O magistrado tamb\u00e9m destacou a visita ao projeto H\u00e3mhi \u2013 Terra Viva, iniciativa de reflorestamento e restaura\u00e7\u00e3o ecol\u00f3gica voltada \u00e0 recupera\u00e7\u00e3o de \u00e1reas degradadas e ao fortalecimento da seguran\u00e7a alimentar das comunidades.<\/p>\n<p class=\"wp-block-paragraph\">\u201cNo primeiro dia, al\u00e9m de irmos \u00e0s aldeias e promovermos essa atividade de escuta, visitamos o projeto H\u00e3mhi \u2013 Terra Viva. Esse projeto de reflorestamento est\u00e1 sendo desenvolvido nas terras Maxakali para recuperar \u00e1reas degradadas. Ap\u00f3s uma resist\u00eancia inicial, eles compreenderam a import\u00e2ncia da iniciativa. Hoje, est\u00e3o integrados ao projeto n\u00e3o apenas nas a\u00e7\u00f5es de reflorestamento, mas tamb\u00e9m no trabalho das brigadas de combate a inc\u00eandios e na prote\u00e7\u00e3o das \u00e1reas rec\u00e9m-reflorestadas\u201d, afirmou.<\/p>\n<figure class=\"wp-block-gallery aligncenter has-nested-images columns-default is-cropped wp-block-gallery-2 is-layout-flex wp-block-gallery-is-layout-flex\">\n<figure class=\"wp-block-image size-large is-resized\"><img decoding=\"async\" class=\"wp-image-137477\" src=\"https:\/\/portal.trf6.jus.br\/wp-content\/uploads\/2026\/07\/Aldeia-Maxakali-Credito-Cecilia-Perdezoli-da-ASCOMTJMG-3-edited-1024x576.jpeg\" alt=\"\" data-id=\"137477\" \/><\/figure>\n<figure class=\"wp-block-image size-large\"><img decoding=\"async\" class=\"wp-image-137489\" src=\"https:\/\/portal.trf6.jus.br\/wp-content\/uploads\/2026\/07\/Aldeia-Maxakali-Credito-Cecilia-Perdezoli-da-ASCOMTJMG-30-1.jpeg\" alt=\"\" data-id=\"137489\" \/><\/figure>\n<p><strong>Vulnerabilidade preocupa institui\u00e7\u00f5es<\/strong><\/figure>\n<p class=\"wp-block-paragraph\">O procurador da Rep\u00fablica Edmundo Ant\u00f4nio Dias chamou a aten\u00e7\u00e3o para a situa\u00e7\u00e3o de vulnerabilidade vivida pelo povo Tikm\u0169&#8217;\u0169n Maxakali. Segundo ele, estudos e indicadores demogr\u00e1ficos evidenciam a gravidade do cen\u00e1rio e refor\u00e7am a necessidade de atua\u00e7\u00e3o integrada dos \u00f3rg\u00e3os p\u00fablicos para enfrentar a crise humanit\u00e1ria.<\/p>\n<p class=\"wp-block-paragraph\">\u201cUm estudo da Universidade Federal de S\u00e3o Paulo demonstrou um dado grav\u00edssimo, no qual, na faixa et\u00e1ria de 1 a 4 anos, a mortalidade infantil entre os Maxakalis \u00e9 30 vezes superior \u00e0 da popula\u00e7\u00e3o n\u00e3o ind\u00edgena nos mesmos munic\u00edpios onde se encontram as terras ind\u00edgenas Maxakali. A expectativa de vida, em geral, \u00e9 baix\u00edssima: apenas 2,4% dos Maxakalis chegam aos 60 anos. O MPF ajuizou uma a\u00e7\u00e3o civil p\u00fablica levando essa ser\u00edssima distor\u00e7\u00e3o da pir\u00e2mide demogr\u00e1fica, que mostra n\u00e3o apenas essa mortalidade infantil alt\u00edssima e desproporcional, como tamb\u00e9m demonstra que h\u00e1 uma abrupta redu\u00e7\u00e3o da popula\u00e7\u00e3o. \u00c9 preciso, de fato, um esfor\u00e7o de v\u00e1rios \u00f3rg\u00e3os e institui\u00e7\u00f5es para mudar o mais brevemente poss\u00edvel essa realidade\u201d, destacou o procurador.<\/p>\n<p class=\"wp-block-paragraph\"><strong>Sa\u00fade, saneamento e abastecimento est\u00e3o entre as principais demandas<\/strong><\/p>\n<p class=\"wp-block-paragraph\">O paj\u00e9 Joviel Maxakali relatou as dificuldades para garantir atendimento de sa\u00fade nas aldeias. Segundo ele, a demora no atendimento aos chamados pode agravar o estado de sa\u00fade das crian\u00e7as. Para o l\u00edder ind\u00edgena, a presen\u00e7a permanente de profissionais de sa\u00fade nas comunidades permitiria uma avalia\u00e7\u00e3o inicial dos pacientes e, quando necess\u00e1rio, o encaminhamento aos hospitais da regi\u00e3o.<\/p>\n<p class=\"wp-block-paragraph\">\u201cQuando a crian\u00e7a passa mal, demora para levar para o hospital. \u00c9 ruim pra n\u00f3s. N\u00f3s ligamos com o celular e demora a atender. Tem que ter o enfermeiro aqui dentro e olhar as crian\u00e7as. Se n\u00e3o der para melhorar, a\u00ed leva para o hospital. Eu acho que devia ser assim\u201d, afirmou o paj\u00e9.<\/p>\n<p class=\"wp-block-paragraph\">As lideran\u00e7as tamb\u00e9m relataram problemas relacionados ao abastecimento de \u00e1gua, ao saneamento b\u00e1sico e ao acesso a itens essenciais. O l\u00edder e professor da aldeia de Pradinho, Marilton Maxakali, afirmou que a qualidade da \u00e1gua consumida pelas fam\u00edlias tem provocado problemas de sa\u00fade e defendeu investimentos em saneamento b\u00e1sico.<\/p>\n<figure class=\"wp-block-gallery aligncenter has-nested-images columns-default is-cropped wp-block-gallery-3 is-layout-flex wp-block-gallery-is-layout-flex\">\n<figure class=\"wp-block-image size-full\"><img decoding=\"async\" class=\"wp-image-137491\" src=\"https:\/\/portal.trf6.jus.br\/wp-content\/uploads\/2026\/07\/WhatsApp-Image-2026-07-24-at-13.11.46.jpeg\" alt=\"\" data-id=\"137491\" \/><\/figure>\n<figure class=\"wp-block-image size-full\"><img decoding=\"async\" class=\"wp-image-137479\" src=\"https:\/\/portal.trf6.jus.br\/wp-content\/uploads\/2026\/07\/Aldeia-Maxakali-Credito-Cecilia-Perdezoli-da-ASCOMTJMG-13.jpeg\" alt=\"\" data-id=\"137479\" \/><\/figure>\n<p>\u201cA \u00e1gua vem do po\u00e7o e vai para as casas. Ela fica amarelada por causa do ferro e a gente toma essa \u00e1gua e d\u00e1 dor de barriga em toda a aldeia. As crian\u00e7as tamb\u00e9m adoecem por causa da \u00e1gua. Precisamos tamb\u00e9m melhorar o saneamento. Na aldeia tem muito lixo, perto das casas, das torneiras e isso cria doen\u00e7as para n\u00f3s\u201d, disse.<\/figure>\n<p class=\"wp-block-paragraph\">Marilton afirmou ainda que comerciantes da regi\u00e3o cobrariam pre\u00e7os mais altos dos moradores das aldeias por produtos b\u00e1sicos, como o leite. O l\u00edder tamb\u00e9m chamou aten\u00e7\u00e3o para a necessidade de ampliar o atendimento psicol\u00f3gico, especialmente entre os jovens, como forma de prevenir casos de suic\u00eddio.<\/p>\n<p class=\"wp-block-paragraph\"><strong>Carta de \u00c1guas Formosas consolida compromissos institucionais<\/strong><\/p>\n<p class=\"wp-block-paragraph\">Na reuni\u00e3o p\u00fablica realizada em \u00c1guas Formosas, no dia 23 de julho, o Comit\u00ea Interinstitucional JUS-POVOS aprovou a Carta de \u00c1guas Formosas, documento que consolida compromissos institucionais para a atua\u00e7\u00e3o conjunta em defesa dos direitos dos povos ind\u00edgenas.<\/p>\n<p class=\"wp-block-paragraph\">O documento estabelece compromissos nas \u00e1reas de educa\u00e7\u00e3o ind\u00edgena, seguran\u00e7a alimentar, primeira inf\u00e2ncia e fortalecimento da atua\u00e7\u00e3o institucional.<\/p>\n<figure class=\"wp-block-gallery aligncenter has-nested-images columns-default is-cropped wp-block-gallery-4 is-layout-flex wp-block-gallery-is-layout-flex\">\n<figure class=\"wp-block-image size-full\"><img decoding=\"async\" class=\"wp-image-137474\" src=\"https:\/\/portal.trf6.jus.br\/wp-content\/uploads\/2026\/07\/WhatsApp-Image-2026-07-24-at-13.11.39.jpeg\" alt=\"\" data-id=\"137474\" \/><\/figure>\n<figure class=\"wp-block-image size-large\"><img decoding=\"async\" class=\"wp-image-137475\" src=\"https:\/\/portal.trf6.jus.br\/wp-content\/uploads\/2026\/07\/WhatsApp-Image-2026-07-24-at-13.11.45.jpeg\" alt=\"\" data-id=\"137475\" \/><\/figure>\n<p>Entre as medidas previstas est\u00e3o a amplia\u00e7\u00e3o ou reforma das escolas ind\u00edgenas, a implementa\u00e7\u00e3o do Programa de Aquisi\u00e7\u00e3o de Alimentos (PAA Estadual), o monitoramento dos indicadores da primeira inf\u00e2ncia e o fortalecimento da articula\u00e7\u00e3o entre os \u00f3rg\u00e3os p\u00fablicos para garantir maior efetividade \u00e0s pol\u00edticas voltadas aos povos ind\u00edgenas.<\/figure>\n<p class=\"wp-block-paragraph\"><strong>Comit\u00ea define encaminhamentos imediatos<\/strong><\/p>\n<p class=\"wp-block-paragraph\">Durante o encontro, as institui\u00e7\u00f5es integrantes do Comit\u00ea Interinstitucional JUS-POVOS reafirmaram os princ\u00edpios e as diretrizes estabelecidos na Carta de Valadares, elaborada durante o\u00a0<a href=\"https:\/\/portal.trf6.jus.br\/jus-povos-promove-debate-sobre-desafios-enfrentados-por-povos-tradicionais-no-vale-do-rio-doce\/\" target=\"_blank\" rel=\"noreferrer noopener\">III Encontro do Comit\u00ea<\/a>, e definiram uma s\u00e9rie de encaminhamentos imediatos.<\/p>\n<p class=\"wp-block-paragraph\">Entre as delibera\u00e7\u00f5es est\u00e3o o envio da Carta de \u00c1guas Formosas aos \u00f3rg\u00e3os e institui\u00e7\u00f5es participantes do IV Encontro JUS-POVOS, para manifesta\u00e7\u00e3o sobre suas diretrizes, e o encaminhamento de of\u00edcio \u00e0 Secretaria-Geral da Presid\u00eancia da Rep\u00fablica propondo o reconhecimento da grave crise humanit\u00e1ria e sanit\u00e1ria enfrentada pelo povo Tikm\u0169&#8217;\u0169n Maxakali, bem como a elabora\u00e7\u00e3o de um Plano Emergencial Maxakali.<\/p>\n<p class=\"wp-block-paragraph\">Na \u00e1rea da seguran\u00e7a p\u00fablica, o Comit\u00ea recomendou a atua\u00e7\u00e3o integrada das pol\u00edcias Federal, Civil e Militar para fortalecer a prote\u00e7\u00e3o dos territ\u00f3rios Maxakali, compartilhar informa\u00e7\u00f5es e elaborar um plano espec\u00edfico de seguran\u00e7a, que dever\u00e1 ser apresentado na pr\u00f3xima reuni\u00e3o do JUS-POVOS.<\/p>\n<p class=\"wp-block-paragraph\"><strong>Sobre o Comit\u00ea JUS-POVOS<\/strong><\/p>\n<p class=\"wp-block-paragraph\">O Comit\u00ea Interinstitucional JUS-POVOS tem como objetivo promover a articula\u00e7\u00e3o entre institui\u00e7\u00f5es e fortalecer pol\u00edticas judici\u00e1rias voltadas \u00e0 efetiva\u00e7\u00e3o dos direitos de povos e comunidades tradicionais como ind\u00edgenas, quilombolas, geraizeiros, apanhadores de flores sempre-vivas e ciganos em Minas Gerais.<\/p>\n<p class=\"wp-block-paragraph\">A iniciativa integra o Projeto JUS-POVOS, criado pelo TRF6, para mapear e estudar essas comunidades, estimular o di\u00e1logo entre \u00f3rg\u00e3os p\u00fablicos e representantes dos povos tradicionais e propor a\u00e7\u00f5es que ampliem o acesso \u00e0 Justi\u00e7a e promovam a sustentabilidade social, cultural e ambiental.<\/p>\n<p class=\"wp-block-paragraph\">O Comit\u00ea \u00e9 composto por representantes do Tribunal Regional Federal da 6\u00aa Regi\u00e3o (TRF6), do Tribunal de Contas do Estado de Minas Gerais (TCE-MG), do Tribunal de Justi\u00e7a de Minas Gerais (TJMG), do Tribunal Regional Eleitoral de Minas Gerais (TRE-MG), do Tribunal Regional do Trabalho da 3\u00aa Regi\u00e3o (TRT-3), do Minist\u00e9rio P\u00fablico Federal (MPF), do Minist\u00e9rio P\u00fablico de Minas Gerais (MPMG), da Defensoria P\u00fablica da Uni\u00e3o (DPU) e da Defensoria P\u00fablica de Minas Gerais (DPMG), al\u00e9m de outras institui\u00e7\u00f5es parceiras. A presid\u00eancia do Comit\u00ea \u00e9 exercida pelo presidente do TRF6, desembargador federal Vallisney Oliveira.<\/p>\n<figure class=\"wp-block-gallery has-nested-images columns-default is-cropped wp-block-gallery-5 is-layout-flex wp-block-gallery-is-layout-flex\">\n<figure class=\"wp-block-image size-full\"><img decoding=\"async\" class=\"wp-image-137485\" src=\"https:\/\/portal.trf6.jus.br\/wp-content\/uploads\/2026\/07\/Aldeia-Maxakali-Credito-Cecilia-Perdezoli-da-ASCOMTJMG-2-1.jpeg\" alt=\"\" data-id=\"137485\" \/><\/figure>\n<figure class=\"wp-block-image size-full\"><img decoding=\"async\" class=\"wp-image-137484\" src=\"https:\/\/portal.trf6.jus.br\/wp-content\/uploads\/2026\/07\/Aldeia-Maxakali-Credito-Cecilia-Perdezoli-da-ASCOMTJMG-12.jpeg\" alt=\"\" data-id=\"137484\" \/><\/figure>\n<figure class=\"wp-block-image size-full\"><img decoding=\"async\" class=\"wp-image-137483\" src=\"https:\/\/portal.trf6.jus.br\/wp-content\/uploads\/2026\/07\/WhatsApp-Image-2026-07-24-at-13.11.40.jpeg\" alt=\"\" data-id=\"137483\" \/><\/figure>\n<\/figure>\n<\/div>\n<\/div>\n","protected":false},"excerpt":{"rendered":"<p>Fonte: https:\/\/sjmg.trf6.jus.br\/ Cr\u00e9dito das fotos: Cec\u00edlia Pederzoli \/ TJMG O Comit\u00ea Interinstitucional JUS-POVOS esteve, nos dias 22 e 23 de julho, nas aldeias do povo ind\u00edgena Tikm\u0169&#8217;\u0169n Maxakali, no Vale do Mucuri, para apurar den\u00fancias de crise humanit\u00e1ria enfrentada pelas comunidades. A comitiva visitou as aldeias de Pradinho e \u00c1gua Boa. A comitiva reuniu representantes de mais de 40 institui\u00e7\u00f5es dos tr\u00eas poderes, das esferas municipal, estadual e federal, al\u00e9m de organiza\u00e7\u00f5es da sociedade civil voltadas \u00e0 defesa dos direitos humanos, do meio ambiente e dos povos tradicionais. O Tribunal Regional Federal da 6\u00aa Regi\u00e3o (TRF6), integrante do Comit\u00ea Interinstitucional JUS-POVOS, foi representado pelo membro do Comit\u00ea de Igualdade Racial do Tribunal, juiz federal Paulo Alkimin Costa J\u00fanior, que participou do encontro em nome do presidente do TRF6 e do Comit\u00ea JUS-POVOS, desembargador federal Vallisney Oliveira. Tamb\u00e9m participaram da comitiva do Tribunal o chefe de gabinete da Presid\u00eancia, Jos\u00e9 Fernando Barros e Silva, e o chefe da Assessoria Especial da Presid\u00eancia, Ant\u00f4nio Enoque Neto. Escuta qualificada aproxima institui\u00e7\u00f5es da realidade ind\u00edgena\u00a0 O membro do Comit\u00ea de Igualdade Racial do TRF6, juiz federal Paulo Alkimin Costa J\u00fanior, ressaltou a import\u00e2ncia da escuta das comunidades para aproximar o Tribunal da realidade vivida pelo povo Tikm\u0169&#8217;\u0169n-Maxakali. \u201cO encontro possibilitou a aproxima\u00e7\u00e3o do Tribunal com o jurisdicionado. Promoveu um espa\u00e7o de escuta e deu ao povo Maxakali a oportunidade de falar sobre sua realidade e os problemas que o afligem. Isso permitiu a todas as autoridades envolvidas compreender melhor o que \u00e9 necess\u00e1rio fazer para, de fato, atender e proteger os direitos dessa comunidade, especialmente nas \u00e1reas da sa\u00fade, da locomo\u00e7\u00e3o e da educa\u00e7\u00e3o.\u201d O magistrado tamb\u00e9m destacou a visita ao projeto H\u00e3mhi \u2013 Terra Viva, iniciativa de reflorestamento e restaura\u00e7\u00e3o ecol\u00f3gica voltada \u00e0 recupera\u00e7\u00e3o de \u00e1reas degradadas e ao fortalecimento da seguran\u00e7a alimentar das comunidades. \u201cNo primeiro dia, al\u00e9m de irmos \u00e0s aldeias e promovermos essa atividade de escuta, visitamos o projeto H\u00e3mhi \u2013 Terra Viva. Esse projeto de reflorestamento est\u00e1 sendo desenvolvido nas terras Maxakali para recuperar \u00e1reas degradadas. Ap\u00f3s uma resist\u00eancia inicial, eles compreenderam a import\u00e2ncia da iniciativa. Hoje, est\u00e3o integrados ao projeto n\u00e3o apenas nas a\u00e7\u00f5es de reflorestamento, mas tamb\u00e9m no trabalho das brigadas de combate a inc\u00eandios e na prote\u00e7\u00e3o das \u00e1reas rec\u00e9m-reflorestadas\u201d, afirmou. Vulnerabilidade preocupa institui\u00e7\u00f5es O procurador da Rep\u00fablica Edmundo Ant\u00f4nio Dias chamou a aten\u00e7\u00e3o para a situa\u00e7\u00e3o de vulnerabilidade vivida pelo povo Tikm\u0169&#8217;\u0169n Maxakali. Segundo ele, estudos e indicadores demogr\u00e1ficos evidenciam a gravidade do cen\u00e1rio e refor\u00e7am a necessidade de atua\u00e7\u00e3o integrada dos \u00f3rg\u00e3os p\u00fablicos para enfrentar a crise humanit\u00e1ria. \u201cUm estudo da Universidade Federal de S\u00e3o Paulo demonstrou um dado grav\u00edssimo, no qual, na faixa et\u00e1ria de 1 a 4 anos, a mortalidade infantil entre os Maxakalis \u00e9 30 vezes superior \u00e0 da popula\u00e7\u00e3o n\u00e3o ind\u00edgena nos mesmos munic\u00edpios onde se encontram as terras ind\u00edgenas Maxakali. A expectativa de vida, em geral, \u00e9 baix\u00edssima: apenas 2,4% dos Maxakalis chegam aos 60 anos. O MPF ajuizou uma a\u00e7\u00e3o civil p\u00fablica levando essa ser\u00edssima distor\u00e7\u00e3o da pir\u00e2mide demogr\u00e1fica, que mostra n\u00e3o apenas essa mortalidade infantil alt\u00edssima e desproporcional, como tamb\u00e9m demonstra que h\u00e1 uma abrupta redu\u00e7\u00e3o da popula\u00e7\u00e3o. \u00c9 preciso, de fato, um esfor\u00e7o de v\u00e1rios \u00f3rg\u00e3os e institui\u00e7\u00f5es para mudar o mais brevemente poss\u00edvel essa realidade\u201d, destacou o procurador. Sa\u00fade, saneamento e abastecimento est\u00e3o entre as principais demandas O paj\u00e9 Joviel Maxakali relatou as dificuldades para garantir atendimento de sa\u00fade nas aldeias. Segundo ele, a demora no atendimento aos chamados pode agravar o estado de sa\u00fade das crian\u00e7as. Para o l\u00edder ind\u00edgena, a presen\u00e7a permanente de profissionais de sa\u00fade nas comunidades permitiria uma avalia\u00e7\u00e3o inicial dos pacientes e, quando necess\u00e1rio, o encaminhamento aos hospitais da regi\u00e3o. \u201cQuando a crian\u00e7a passa mal, demora para levar para o hospital. \u00c9 ruim pra n\u00f3s. N\u00f3s ligamos com o celular e demora a atender. Tem que ter o enfermeiro aqui dentro e olhar as crian\u00e7as. Se n\u00e3o der para melhorar, a\u00ed leva para o hospital. Eu acho que devia ser assim\u201d, afirmou o paj\u00e9. As lideran\u00e7as tamb\u00e9m relataram problemas relacionados ao abastecimento de \u00e1gua, ao saneamento b\u00e1sico e ao acesso a itens essenciais. O l\u00edder e professor da aldeia de Pradinho, Marilton Maxakali, afirmou que a qualidade da \u00e1gua consumida pelas fam\u00edlias tem provocado problemas de sa\u00fade e defendeu investimentos em saneamento b\u00e1sico. \u201cA \u00e1gua vem do po\u00e7o e vai para as casas. Ela fica amarelada por causa do ferro e a gente toma essa \u00e1gua e d\u00e1 dor de barriga em toda a aldeia. As crian\u00e7as tamb\u00e9m adoecem por causa da \u00e1gua. Precisamos tamb\u00e9m melhorar o saneamento. Na aldeia tem muito lixo, perto das casas, das torneiras e isso cria doen\u00e7as para n\u00f3s\u201d, disse. Marilton afirmou ainda que comerciantes da regi\u00e3o cobrariam pre\u00e7os mais altos dos moradores das aldeias por produtos b\u00e1sicos, como o leite. O l\u00edder tamb\u00e9m chamou aten\u00e7\u00e3o para a necessidade de ampliar o atendimento psicol\u00f3gico, especialmente entre os jovens, como forma de prevenir casos de suic\u00eddio. Carta de \u00c1guas Formosas consolida compromissos institucionais Na reuni\u00e3o p\u00fablica realizada em \u00c1guas Formosas, no dia 23 de julho, o Comit\u00ea Interinstitucional JUS-POVOS aprovou a Carta de \u00c1guas Formosas, documento que consolida compromissos institucionais para a atua\u00e7\u00e3o conjunta em defesa dos direitos dos povos ind\u00edgenas. O documento estabelece compromissos nas \u00e1reas de educa\u00e7\u00e3o ind\u00edgena, seguran\u00e7a alimentar, primeira inf\u00e2ncia e fortalecimento da atua\u00e7\u00e3o institucional. Entre as medidas previstas est\u00e3o a amplia\u00e7\u00e3o ou reforma das escolas ind\u00edgenas, a implementa\u00e7\u00e3o do Programa de Aquisi\u00e7\u00e3o de Alimentos (PAA Estadual), o monitoramento dos indicadores da primeira inf\u00e2ncia e o fortalecimento da articula\u00e7\u00e3o entre os \u00f3rg\u00e3os p\u00fablicos para garantir maior efetividade \u00e0s pol\u00edticas voltadas aos povos ind\u00edgenas. Comit\u00ea define encaminhamentos imediatos Durante o encontro, as institui\u00e7\u00f5es integrantes do Comit\u00ea Interinstitucional JUS-POVOS reafirmaram os princ\u00edpios e as diretrizes estabelecidos na Carta de Valadares, elaborada durante o\u00a0III Encontro do Comit\u00ea, e definiram uma s\u00e9rie de encaminhamentos imediatos. Entre as delibera\u00e7\u00f5es est\u00e3o o envio da Carta de \u00c1guas Formosas aos \u00f3rg\u00e3os e institui\u00e7\u00f5es participantes do IV Encontro JUS-POVOS, para manifesta\u00e7\u00e3o sobre suas diretrizes, e o encaminhamento de of\u00edcio<\/p>\n","protected":false},"author":1,"featured_media":3151,"comment_status":"open","ping_status":"open","sticky":false,"template":"","format":"standard","meta":{"_monsterinsights_skip_tracking":false,"footnotes":""},"categories":[47,9,342,35,11,12,8,90,341,17],"tags":[715,713,712,420,714],"class_list":["post-3149","post","type-post","status-publish","format-standard","has-post-thumbnail","hentry","category-cultura","category-educacao","category-meio-ambiente","category-minas-gerais","category-politica","category-regional","category-saude","category-seguranca","category-social","category-vale-do-mucuri","tag-igualdade-racial","tag-oportuniadde","tag-saneamento","tag-saude","tag-vulnerabilidade"],"aioseo_notices":[],"aioseo_head":"\n\t\t<!-- All in One SEO 5.0.1.1 - aioseo.com -->\n\t<meta name=\"description\" content=\"Fonte: https:\/\/sjmg.trf6.jus.br\/ Cr\u00e9dito das fotos: Cec\u00edlia Pederzoli \/ TJMG O Comit\u00ea Interinstitucional JUS-POVOS esteve, nos dias 22 e 23 de julho, nas aldeias do povo ind\u00edgena Tikm\u0169&#039;\u0169n Maxakali, no Vale do Mucuri, para apurar den\u00fancias de crise humanit\u00e1ria enfrentada pelas comunidades. A comitiva visitou as aldeias de Pradinho e \u00c1gua Boa. A comitiva reuniu representantes\" \/>\n\t<meta name=\"robots\" content=\"max-image-preview:large\" \/>\n\t<meta name=\"author\" content=\"Portal Grande Norte\"\/>\n\t<link rel=\"canonical\" href=\"https:\/\/portalgrandenorte.com.br\/?p=3149\" \/>\n\t<meta name=\"generator\" content=\"All in One SEO (AIOSEO) 5.0.1.1\" \/>\n\t\t<meta property=\"og:locale\" content=\"pt_BR\" \/>\n\t\t<meta property=\"og:site_name\" content=\"Portal Grande Norte - O maior portal de not\u00edcias do Norte de Minas\" \/>\n\t\t<meta property=\"og:type\" content=\"article\" \/>\n\t\t<meta property=\"og:title\" content=\"Comit\u00ea JUS-POVOS apura den\u00fancias de crise humanit\u00e1ria em aldeias do povo Tikm\u0169\u2019\u0169n Maxakali - Portal Grande Norte\" \/>\n\t\t<meta property=\"og:description\" content=\"Fonte: https:\/\/sjmg.trf6.jus.br\/ Cr\u00e9dito das fotos: Cec\u00edlia Pederzoli \/ TJMG O Comit\u00ea Interinstitucional JUS-POVOS esteve, nos dias 22 e 23 de julho, nas aldeias do povo ind\u00edgena Tikm\u0169&#039;\u0169n Maxakali, no Vale do Mucuri, para apurar den\u00fancias de crise humanit\u00e1ria enfrentada pelas comunidades. A comitiva visitou as aldeias de Pradinho e \u00c1gua Boa. A comitiva reuniu representantes\" \/>\n\t\t<meta property=\"og:url\" content=\"https:\/\/portalgrandenorte.com.br\/?p=3149\" \/>\n\t\t<meta property=\"og:image\" content=\"https:\/\/portalgrandenorte.com.br\/wp-content\/uploads\/2025\/08\/cropped-cropped-Logotipo-Portal-Grande-Norte-5.png\" \/>\n\t\t<meta property=\"og:image:secure_url\" content=\"https:\/\/portalgrandenorte.com.br\/wp-content\/uploads\/2025\/08\/cropped-cropped-Logotipo-Portal-Grande-Norte-5.png\" \/>\n\t\t<meta property=\"article:published_time\" content=\"2026-08-07T11:14:29+00:00\" \/>\n\t\t<meta property=\"article:modified_time\" content=\"2026-08-07T11:33:45+00:00\" \/>\n\t\t<meta name=\"twitter:card\" content=\"summary_large_image\" \/>\n\t\t<meta name=\"twitter:title\" content=\"Comit\u00ea JUS-POVOS apura den\u00fancias de crise humanit\u00e1ria em aldeias do povo Tikm\u0169\u2019\u0169n Maxakali - Portal Grande Norte\" \/>\n\t\t<meta name=\"twitter:description\" content=\"Fonte: https:\/\/sjmg.trf6.jus.br\/ Cr\u00e9dito das fotos: Cec\u00edlia Pederzoli \/ TJMG O Comit\u00ea Interinstitucional JUS-POVOS esteve, nos dias 22 e 23 de julho, nas aldeias do povo ind\u00edgena Tikm\u0169&#039;\u0169n Maxakali, no Vale do Mucuri, para apurar den\u00fancias de crise humanit\u00e1ria enfrentada pelas comunidades. A comitiva visitou as aldeias de Pradinho e \u00c1gua Boa. A comitiva reuniu representantes\" \/>\n\t\t<meta name=\"twitter:image\" content=\"https:\/\/portalgrandenorte.com.br\/wp-content\/uploads\/2025\/08\/cropped-cropped-Logotipo-Portal-Grande-Norte-5.png\" \/>\n\t\t<script type=\"application\/ld+json\" class=\"aioseo-schema\">\n\t\t\t{\"@context\":\"https:\\\/\\\/schema.org\",\"@graph\":[{\"@type\":\"BlogPosting\",\"@id\":\"https:\\\/\\\/portalgrandenorte.com.br\\\/?p=3149#blogposting\",\"name\":\"Comit\\u00ea JUS-POVOS apura den\\u00fancias de crise humanit\\u00e1ria em aldeias do povo Tikm\\u0169\\u2019\\u0169n Maxakali - Portal Grande Norte\",\"headline\":\"Comit\\u00ea JUS-POVOS apura den\\u00fancias de crise humanit\\u00e1ria em aldeias do povo Tikm\\u0169&#8217;\\u0169n Maxakali\",\"author\":{\"@id\":\"https:\\\/\\\/portalgrandenorte.com.br\\\/?author=1#author\"},\"publisher\":{\"@id\":\"https:\\\/\\\/portalgrandenorte.com.br\\\/#organization\"},\"image\":{\"@type\":\"ImageObject\",\"url\":\"https:\\\/\\\/portalgrandenorte.com.br\\\/wp-content\\\/uploads\\\/2026\\\/08\\\/Aldeia-Maxakali-Credito-Cecilia-Perdezoli-da-ASCOMTJMG-1-edited.jpeg\",\"width\":1600,\"height\":900},\"datePublished\":\"2026-08-07T08:14:29-03:00\",\"dateModified\":\"2026-08-07T08:33:45-03:00\",\"inLanguage\":\"pt-BR\",\"mainEntityOfPage\":{\"@id\":\"https:\\\/\\\/portalgrandenorte.com.br\\\/?p=3149#webpage\"},\"isPartOf\":{\"@id\":\"https:\\\/\\\/portalgrandenorte.com.br\\\/?p=3149#webpage\"},\"articleSection\":\"Cultura, Educa\\u00e7\\u00e3o, Meio Ambiente, Minas Gerais, Pol\\u00edtica, Regional, Sa\\u00fade, Seguran\\u00e7a, Social, Vale do Mucuri, Igualdade racial, Oportuniadde, Saneamento, Sa\\u00fade, Vulnerabilidade\"},{\"@type\":\"BreadcrumbList\",\"@id\":\"https:\\\/\\\/portalgrandenorte.com.br\\\/?p=3149#breadcrumblist\",\"itemListElement\":[{\"@type\":\"ListItem\",\"@id\":\"https:\\\/\\\/portalgrandenorte.com.br#listItem\",\"position\":1,\"name\":\"Home\",\"item\":\"https:\\\/\\\/portalgrandenorte.com.br\",\"nextItem\":{\"@type\":\"ListItem\",\"@id\":\"https:\\\/\\\/portalgrandenorte.com.br\\\/?cat=6#listItem\",\"name\":\"Categorias\"}},{\"@type\":\"ListItem\",\"@id\":\"https:\\\/\\\/portalgrandenorte.com.br\\\/?cat=6#listItem\",\"position\":2,\"name\":\"Categorias\",\"item\":\"https:\\\/\\\/portalgrandenorte.com.br\\\/?cat=6\",\"nextItem\":{\"@type\":\"ListItem\",\"@id\":\"https:\\\/\\\/portalgrandenorte.com.br\\\/?cat=8#listItem\",\"name\":\"Sa\\u00fade\"},\"previousItem\":{\"@type\":\"ListItem\",\"@id\":\"https:\\\/\\\/portalgrandenorte.com.br#listItem\",\"name\":\"Home\"}},{\"@type\":\"ListItem\",\"@id\":\"https:\\\/\\\/portalgrandenorte.com.br\\\/?cat=8#listItem\",\"position\":3,\"name\":\"Sa\\u00fade\",\"item\":\"https:\\\/\\\/portalgrandenorte.com.br\\\/?cat=8\",\"nextItem\":{\"@type\":\"ListItem\",\"@id\":\"https:\\\/\\\/portalgrandenorte.com.br\\\/?p=3149#listItem\",\"name\":\"Comit\\u00ea JUS-POVOS apura den\\u00fancias de crise humanit\\u00e1ria em aldeias do povo Tikm\\u0169&#8217;\\u0169n Maxakali\"},\"previousItem\":{\"@type\":\"ListItem\",\"@id\":\"https:\\\/\\\/portalgrandenorte.com.br\\\/?cat=6#listItem\",\"name\":\"Categorias\"}},{\"@type\":\"ListItem\",\"@id\":\"https:\\\/\\\/portalgrandenorte.com.br\\\/?p=3149#listItem\",\"position\":4,\"name\":\"Comit\\u00ea JUS-POVOS apura den\\u00fancias de crise humanit\\u00e1ria em aldeias do povo Tikm\\u0169&#8217;\\u0169n Maxakali\",\"previousItem\":{\"@type\":\"ListItem\",\"@id\":\"https:\\\/\\\/portalgrandenorte.com.br\\\/?cat=8#listItem\",\"name\":\"Sa\\u00fade\"}}]},{\"@type\":\"Organization\",\"@id\":\"https:\\\/\\\/portalgrandenorte.com.br\\\/#organization\",\"name\":\"Portal Grande Norte\",\"description\":\"O maior portal de not\\u00edcias do Norte de Minas\",\"url\":\"https:\\\/\\\/portalgrandenorte.com.br\\\/\",\"logo\":{\"@type\":\"ImageObject\",\"url\":\"https:\\\/\\\/portalgrandenorte.com.br\\\/wp-content\\\/uploads\\\/2025\\\/08\\\/cropped-cropped-Logotipo-Portal-Grande-Norte-5.png\",\"@id\":\"https:\\\/\\\/portalgrandenorte.com.br\\\/?p=3149\\\/#organizationLogo\",\"width\":500,\"height\":244},\"image\":{\"@id\":\"https:\\\/\\\/portalgrandenorte.com.br\\\/?p=3149\\\/#organizationLogo\"}},{\"@type\":\"Person\",\"@id\":\"https:\\\/\\\/portalgrandenorte.com.br\\\/?author=1#author\",\"url\":\"https:\\\/\\\/portalgrandenorte.com.br\\\/?author=1\",\"name\":\"Portal Grande Norte\",\"image\":{\"@type\":\"ImageObject\",\"@id\":\"https:\\\/\\\/portalgrandenorte.com.br\\\/?p=3149#authorImage\",\"url\":\"https:\\\/\\\/secure.gravatar.com\\\/avatar\\\/f158a5a9dbb2d0e63533b05d8583976740387b7e0d7a969ed14e84a8e1c8308a?s=96&d=mm&r=g\",\"width\":96,\"height\":96,\"caption\":\"Portal Grande Norte\"}},{\"@type\":\"WebPage\",\"@id\":\"https:\\\/\\\/portalgrandenorte.com.br\\\/?p=3149#webpage\",\"url\":\"https:\\\/\\\/portalgrandenorte.com.br\\\/?p=3149\",\"name\":\"Comit\\u00ea JUS-POVOS apura den\\u00fancias de crise humanit\\u00e1ria em aldeias do povo Tikm\\u0169\\u2019\\u0169n Maxakali - Portal Grande Norte\",\"description\":\"Fonte: https:\\\/\\\/sjmg.trf6.jus.br\\\/ Cr\\u00e9dito das fotos: Cec\\u00edlia Pederzoli \\\/ TJMG O Comit\\u00ea Interinstitucional JUS-POVOS esteve, nos dias 22 e 23 de julho, nas aldeias do povo ind\\u00edgena Tikm\\u0169'\\u0169n Maxakali, no Vale do Mucuri, para apurar den\\u00fancias de crise humanit\\u00e1ria enfrentada pelas comunidades. A comitiva visitou as aldeias de Pradinho e \\u00c1gua Boa. A comitiva reuniu representantes\",\"inLanguage\":\"pt-BR\",\"isPartOf\":{\"@id\":\"https:\\\/\\\/portalgrandenorte.com.br\\\/#website\"},\"breadcrumb\":{\"@id\":\"https:\\\/\\\/portalgrandenorte.com.br\\\/?p=3149#breadcrumblist\"},\"author\":{\"@id\":\"https:\\\/\\\/portalgrandenorte.com.br\\\/?author=1#author\"},\"creator\":{\"@id\":\"https:\\\/\\\/portalgrandenorte.com.br\\\/?author=1#author\"},\"image\":{\"@type\":\"ImageObject\",\"url\":\"https:\\\/\\\/portalgrandenorte.com.br\\\/wp-content\\\/uploads\\\/2026\\\/08\\\/Aldeia-Maxakali-Credito-Cecilia-Perdezoli-da-ASCOMTJMG-1-edited.jpeg\",\"@id\":\"https:\\\/\\\/portalgrandenorte.com.br\\\/?p=3149\\\/#mainImage\",\"width\":1600,\"height\":900},\"primaryImageOfPage\":{\"@id\":\"https:\\\/\\\/portalgrandenorte.com.br\\\/?p=3149#mainImage\"},\"datePublished\":\"2026-08-07T08:14:29-03:00\",\"dateModified\":\"2026-08-07T08:33:45-03:00\"},{\"@type\":\"WebSite\",\"@id\":\"https:\\\/\\\/portalgrandenorte.com.br\\\/#website\",\"url\":\"https:\\\/\\\/portalgrandenorte.com.br\\\/\",\"name\":\"Portal Grande Norte\",\"description\":\"O maior portal de not\\u00edcias do Norte de Minas\",\"inLanguage\":\"pt-BR\",\"publisher\":{\"@id\":\"https:\\\/\\\/portalgrandenorte.com.br\\\/#organization\"}}]}\n\t\t<\/script>\n\t\t<!-- All in One SEO -->\n\n","aioseo_head_json":{"title":"Comit\u00ea JUS-POVOS apura den\u00fancias de crise humanit\u00e1ria em aldeias do povo Tikm\u0169\u2019\u0169n Maxakali - Portal Grande Norte","description":"Fonte: https:\/\/sjmg.trf6.jus.br\/ Cr\u00e9dito das fotos: Cec\u00edlia Pederzoli \/ TJMG O Comit\u00ea Interinstitucional JUS-POVOS esteve, nos dias 22 e 23 de julho, nas aldeias do povo ind\u00edgena Tikm\u0169'\u0169n Maxakali, no Vale do Mucuri, para apurar den\u00fancias de crise humanit\u00e1ria enfrentada pelas comunidades. A comitiva visitou as aldeias de Pradinho e \u00c1gua Boa. A comitiva reuniu representantes","canonical_url":"https:\/\/portalgrandenorte.com.br\/?p=3149","robots":"max-image-preview:large","keywords":"","webmasterTools":{"miscellaneous":""},"schema":{"@context":"https:\/\/schema.org","@graph":[{"@type":"BlogPosting","@id":"https:\/\/portalgrandenorte.com.br\/?p=3149#blogposting","name":"Comit\u00ea JUS-POVOS apura den\u00fancias de crise humanit\u00e1ria em aldeias do povo Tikm\u0169\u2019\u0169n Maxakali - Portal Grande Norte","headline":"Comit\u00ea JUS-POVOS apura den\u00fancias de crise humanit\u00e1ria em aldeias do povo Tikm\u0169&#8217;\u0169n Maxakali","author":{"@id":"https:\/\/portalgrandenorte.com.br\/?author=1#author"},"publisher":{"@id":"https:\/\/portalgrandenorte.com.br\/#organization"},"image":{"@type":"ImageObject","url":"https:\/\/portalgrandenorte.com.br\/wp-content\/uploads\/2026\/08\/Aldeia-Maxakali-Credito-Cecilia-Perdezoli-da-ASCOMTJMG-1-edited.jpeg","width":1600,"height":900},"datePublished":"2026-08-07T08:14:29-03:00","dateModified":"2026-08-07T08:33:45-03:00","inLanguage":"pt-BR","mainEntityOfPage":{"@id":"https:\/\/portalgrandenorte.com.br\/?p=3149#webpage"},"isPartOf":{"@id":"https:\/\/portalgrandenorte.com.br\/?p=3149#webpage"},"articleSection":"Cultura, Educa\u00e7\u00e3o, Meio Ambiente, Minas Gerais, Pol\u00edtica, Regional, Sa\u00fade, Seguran\u00e7a, Social, Vale do Mucuri, Igualdade racial, Oportuniadde, Saneamento, Sa\u00fade, Vulnerabilidade"},{"@type":"BreadcrumbList","@id":"https:\/\/portalgrandenorte.com.br\/?p=3149#breadcrumblist","itemListElement":[{"@type":"ListItem","@id":"https:\/\/portalgrandenorte.com.br#listItem","position":1,"name":"Home","item":"https:\/\/portalgrandenorte.com.br","nextItem":{"@type":"ListItem","@id":"https:\/\/portalgrandenorte.com.br\/?cat=6#listItem","name":"Categorias"}},{"@type":"ListItem","@id":"https:\/\/portalgrandenorte.com.br\/?cat=6#listItem","position":2,"name":"Categorias","item":"https:\/\/portalgrandenorte.com.br\/?cat=6","nextItem":{"@type":"ListItem","@id":"https:\/\/portalgrandenorte.com.br\/?cat=8#listItem","name":"Sa\u00fade"},"previousItem":{"@type":"ListItem","@id":"https:\/\/portalgrandenorte.com.br#listItem","name":"Home"}},{"@type":"ListItem","@id":"https:\/\/portalgrandenorte.com.br\/?cat=8#listItem","position":3,"name":"Sa\u00fade","item":"https:\/\/portalgrandenorte.com.br\/?cat=8","nextItem":{"@type":"ListItem","@id":"https:\/\/portalgrandenorte.com.br\/?p=3149#listItem","name":"Comit\u00ea JUS-POVOS apura den\u00fancias de crise humanit\u00e1ria em aldeias do povo Tikm\u0169&#8217;\u0169n Maxakali"},"previousItem":{"@type":"ListItem","@id":"https:\/\/portalgrandenorte.com.br\/?cat=6#listItem","name":"Categorias"}},{"@type":"ListItem","@id":"https:\/\/portalgrandenorte.com.br\/?p=3149#listItem","position":4,"name":"Comit\u00ea JUS-POVOS apura den\u00fancias de crise humanit\u00e1ria em aldeias do povo Tikm\u0169&#8217;\u0169n Maxakali","previousItem":{"@type":"ListItem","@id":"https:\/\/portalgrandenorte.com.br\/?cat=8#listItem","name":"Sa\u00fade"}}]},{"@type":"Organization","@id":"https:\/\/portalgrandenorte.com.br\/#organization","name":"Portal Grande Norte","description":"O maior portal de not\u00edcias do Norte de Minas","url":"https:\/\/portalgrandenorte.com.br\/","logo":{"@type":"ImageObject","url":"https:\/\/portalgrandenorte.com.br\/wp-content\/uploads\/2025\/08\/cropped-cropped-Logotipo-Portal-Grande-Norte-5.png","@id":"https:\/\/portalgrandenorte.com.br\/?p=3149\/#organizationLogo","width":500,"height":244},"image":{"@id":"https:\/\/portalgrandenorte.com.br\/?p=3149\/#organizationLogo"}},{"@type":"Person","@id":"https:\/\/portalgrandenorte.com.br\/?author=1#author","url":"https:\/\/portalgrandenorte.com.br\/?author=1","name":"Portal Grande Norte","image":{"@type":"ImageObject","@id":"https:\/\/portalgrandenorte.com.br\/?p=3149#authorImage","url":"https:\/\/secure.gravatar.com\/avatar\/f158a5a9dbb2d0e63533b05d8583976740387b7e0d7a969ed14e84a8e1c8308a?s=96&d=mm&r=g","width":96,"height":96,"caption":"Portal Grande Norte"}},{"@type":"WebPage","@id":"https:\/\/portalgrandenorte.com.br\/?p=3149#webpage","url":"https:\/\/portalgrandenorte.com.br\/?p=3149","name":"Comit\u00ea JUS-POVOS apura den\u00fancias de crise humanit\u00e1ria em aldeias do povo Tikm\u0169\u2019\u0169n Maxakali - Portal Grande Norte","description":"Fonte: https:\/\/sjmg.trf6.jus.br\/ Cr\u00e9dito das fotos: Cec\u00edlia Pederzoli \/ TJMG O Comit\u00ea Interinstitucional JUS-POVOS esteve, nos dias 22 e 23 de julho, nas aldeias do povo ind\u00edgena Tikm\u0169'\u0169n Maxakali, no Vale do Mucuri, para apurar den\u00fancias de crise humanit\u00e1ria enfrentada pelas comunidades. A comitiva visitou as aldeias de Pradinho e \u00c1gua Boa. A comitiva reuniu representantes","inLanguage":"pt-BR","isPartOf":{"@id":"https:\/\/portalgrandenorte.com.br\/#website"},"breadcrumb":{"@id":"https:\/\/portalgrandenorte.com.br\/?p=3149#breadcrumblist"},"author":{"@id":"https:\/\/portalgrandenorte.com.br\/?author=1#author"},"creator":{"@id":"https:\/\/portalgrandenorte.com.br\/?author=1#author"},"image":{"@type":"ImageObject","url":"https:\/\/portalgrandenorte.com.br\/wp-content\/uploads\/2026\/08\/Aldeia-Maxakali-Credito-Cecilia-Perdezoli-da-ASCOMTJMG-1-edited.jpeg","@id":"https:\/\/portalgrandenorte.com.br\/?p=3149\/#mainImage","width":1600,"height":900},"primaryImageOfPage":{"@id":"https:\/\/portalgrandenorte.com.br\/?p=3149#mainImage"},"datePublished":"2026-08-07T08:14:29-03:00","dateModified":"2026-08-07T08:33:45-03:00"},{"@type":"WebSite","@id":"https:\/\/portalgrandenorte.com.br\/#website","url":"https:\/\/portalgrandenorte.com.br\/","name":"Portal Grande Norte","description":"O maior portal de not\u00edcias do Norte de Minas","inLanguage":"pt-BR","publisher":{"@id":"https:\/\/portalgrandenorte.com.br\/#organization"}}]},"og:locale":"pt_BR","og:site_name":"Portal Grande Norte - O maior portal de not\u00edcias do Norte de Minas","og:type":"article","og:title":"Comit\u00ea JUS-POVOS apura den\u00fancias de crise humanit\u00e1ria em aldeias do povo Tikm\u0169\u2019\u0169n Maxakali - Portal Grande Norte","og:description":"Fonte: https:\/\/sjmg.trf6.jus.br\/ Cr\u00e9dito das fotos: Cec\u00edlia Pederzoli \/ TJMG O Comit\u00ea Interinstitucional JUS-POVOS esteve, nos dias 22 e 23 de julho, nas aldeias do povo ind\u00edgena Tikm\u0169'\u0169n Maxakali, no Vale do Mucuri, para apurar den\u00fancias de crise humanit\u00e1ria enfrentada pelas comunidades. A comitiva visitou as aldeias de Pradinho e \u00c1gua Boa. A comitiva reuniu representantes","og:url":"https:\/\/portalgrandenorte.com.br\/?p=3149","og:image":"https:\/\/portalgrandenorte.com.br\/wp-content\/uploads\/2025\/08\/cropped-cropped-Logotipo-Portal-Grande-Norte-5.png","og:image:secure_url":"https:\/\/portalgrandenorte.com.br\/wp-content\/uploads\/2025\/08\/cropped-cropped-Logotipo-Portal-Grande-Norte-5.png","article:published_time":"2026-08-07T11:14:29+00:00","article:modified_time":"2026-08-07T11:33:45+00:00","twitter:card":"summary_large_image","twitter:title":"Comit\u00ea JUS-POVOS apura den\u00fancias de crise humanit\u00e1ria em aldeias do povo Tikm\u0169\u2019\u0169n Maxakali - Portal Grande Norte","twitter:description":"Fonte: https:\/\/sjmg.trf6.jus.br\/ Cr\u00e9dito das fotos: Cec\u00edlia Pederzoli \/ TJMG O Comit\u00ea Interinstitucional JUS-POVOS esteve, nos dias 22 e 23 de julho, nas aldeias do povo ind\u00edgena Tikm\u0169'\u0169n Maxakali, no Vale do Mucuri, para apurar den\u00fancias de crise humanit\u00e1ria enfrentada pelas comunidades. A comitiva visitou as aldeias de Pradinho e \u00c1gua Boa. A comitiva reuniu representantes","twitter:image":"https:\/\/portalgrandenorte.com.br\/wp-content\/uploads\/2025\/08\/cropped-cropped-Logotipo-Portal-Grande-Norte-5.png"},"aioseo_meta_data":{"post_id":"3149","title":null,"description":null,"keywords":null,"keyphrases":{"focus":[],"additional":[]},"primary_term":null,"canonical_url":null,"og_title":null,"og_description":null,"og_object_type":"default","og_image_type":"default","og_image_custom_url":null,"og_image_custom_fields":null,"og_image_url":null,"og_image_width":null,"og_image_height":null,"og_video":"","og_custom_url":null,"og_article_section":null,"og_article_tags":null,"twitter_use_og":true,"twitter_card":"default","twitter_image_type":"default","twitter_image_custom_url":null,"twitter_image_custom_fields":null,"twitter_image_url":null,"twitter_title":null,"twitter_description":null,"schema_type":"default","schema_type_options":null,"schema":{"blockGraphs":[],"customGraphs":[],"default":{"data":{"Article":[],"Course":[],"Dataset":[],"FAQPage":[],"Movie":[],"Person":[],"Product":[],"ProductReview":[],"Car":[],"Recipe":[],"Service":[],"SoftwareApplication":[],"WebPage":[]},"graphName":"BlogPosting","isEnabled":true},"graphs":[]},"pillar_content":false,"robots_default":true,"robots_noindex":false,"robots_noarchive":false,"robots_nosnippet":false,"robots_nofollow":false,"robots_noimageindex":false,"robots_noodp":false,"robots_notranslate":false,"robots_max_snippet":"-1","robots_max_videopreview":"-1","robots_max_imagepreview":"large","priority":null,"frequency":"default","local_seo":null,"limit_modified_date":false,"ai":{"faqs":[],"keyPoints":[],"schemas":[],"titles":[],"descriptions":[],"socialPosts":{"email":{"subject":"","preview":"","content":""},"linkedin":[],"twitter":[],"facebook":[],"instagram":[]}},"breadcrumb_settings":null,"seo_analyzer_scan_date":null,"created":"2026-08-07 11:14:29","updated":"2026-08-10 10:52:03","focus_keyword":null,"additional_keywords":null,"truseo_locale":null},"aioseo_breadcrumb":"<div class=\"aioseo-breadcrumbs\"><span class=\"aioseo-breadcrumb\">\n\t\t\t<a href=\"https:\/\/portalgrandenorte.com.br\" title=\"Home\">Home<\/a>\n\t\t<\/span><span class=\"aioseo-breadcrumb-separator\">&raquo;<\/span><span class=\"aioseo-breadcrumb\">\n\t\t\t<a href=\"https:\/\/portalgrandenorte.com.br\/?cat=6\" title=\"Categorias\">Categorias<\/a>\n\t\t<\/span><span class=\"aioseo-breadcrumb-separator\">&raquo;<\/span><span class=\"aioseo-breadcrumb\">\n\t\t\t<a href=\"https:\/\/portalgrandenorte.com.br\/?cat=8\" title=\"Sa\u00fade\">Sa\u00fade<\/a>\n\t\t<\/span><span class=\"aioseo-breadcrumb-separator\">&raquo;<\/span><span class=\"aioseo-breadcrumb\">\n\t\t\tComit\u00ea JUS-POVOS apura den\u00fancias de crise humanit\u00e1ria em aldeias do povo Tikm\u0169\u2019\u0169n Maxakali\n\t\t<\/span><\/div>","aioseo_breadcrumb_json":[{"label":"Home","link":"https:\/\/portalgrandenorte.com.br"},{"label":"Categorias","link":"https:\/\/portalgrandenorte.com.br\/?cat=6"},{"label":"Sa\u00fade","link":"https:\/\/portalgrandenorte.com.br\/?cat=8"},{"label":"Comit\u00ea JUS-POVOS apura den\u00fancias de crise humanit\u00e1ria em aldeias do povo Tikm\u0169&#8217;\u0169n Maxakali","link":"https:\/\/portalgrandenorte.com.br\/?p=3149"}],"_links":{"self":[{"href":"https:\/\/portalgrandenorte.com.br\/index.php?rest_route=\/wp\/v2\/posts\/3149","targetHints":{"allow":["GET"]}}],"collection":[{"href":"https:\/\/portalgrandenorte.com.br\/index.php?rest_route=\/wp\/v2\/posts"}],"about":[{"href":"https:\/\/portalgrandenorte.com.br\/index.php?rest_route=\/wp\/v2\/types\/post"}],"author":[{"embeddable":true,"href":"https:\/\/portalgrandenorte.com.br\/index.php?rest_route=\/wp\/v2\/users\/1"}],"replies":[{"embeddable":true,"href":"https:\/\/portalgrandenorte.com.br\/index.php?rest_route=%2Fwp%2Fv2%2Fcomments&post=3149"}],"version-history":[{"count":3,"href":"https:\/\/portalgrandenorte.com.br\/index.php?rest_route=\/wp\/v2\/posts\/3149\/revisions"}],"predecessor-version":[{"id":3156,"href":"https:\/\/portalgrandenorte.com.br\/index.php?rest_route=\/wp\/v2\/posts\/3149\/revisions\/3156"}],"wp:featuredmedia":[{"embeddable":true,"href":"https:\/\/portalgrandenorte.com.br\/index.php?rest_route=\/wp\/v2\/media\/3151"}],"wp:attachment":[{"href":"https:\/\/portalgrandenorte.com.br\/index.php?rest_route=%2Fwp%2Fv2%2Fmedia&parent=3149"}],"wp:term":[{"taxonomy":"category","embeddable":true,"href":"https:\/\/portalgrandenorte.com.br\/index.php?rest_route=%2Fwp%2Fv2%2Fcategories&post=3149"},{"taxonomy":"post_tag","embeddable":true,"href":"https:\/\/portalgrandenorte.com.br\/index.php?rest_route=%2Fwp%2Fv2%2Ftags&post=3149"}],"curies":[{"name":"wp","href":"https:\/\/api.w.org\/{rel}","templated":true}]}}