{"id":2729,"date":"2026-04-26T07:56:50","date_gmt":"2026-04-26T10:56:50","guid":{"rendered":"https:\/\/portalgrandenorte.com.br\/?p=2729"},"modified":"2026-04-26T07:56:50","modified_gmt":"2026-04-26T10:56:50","slug":"funed-abre-novo-processo-seletivo-com-vagas-para-pesquisadores-e-tecnicos-em-saude","status":"publish","type":"post","link":"https:\/\/portalgrandenorte.com.br\/?p=2729","title":{"rendered":"Funed abre novo processo seletivo com vagas para pesquisadores e t\u00e9cnicos em sa\u00fade"},"content":{"rendered":"<h2>Sele\u00e7\u00e3o oferece oportunidades em \u00e1reas estrat\u00e9gicas, com inscri\u00e7\u00f5es at\u00e9 a pr\u00f3xima quinta-feira (30\/4)<\/h2>\n<figure id=\"attachment_2730\" aria-describedby=\"caption-attachment-2730\" style=\"width: 1136px\" class=\"wp-caption alignnone\"><img fetchpriority=\"high\" decoding=\"async\" class=\"wp-image-2730\" src=\"https:\/\/portalgrandenorte.com.br\/wp-content\/uploads\/2026\/04\/Fachada_Funed_Credito_Divulgacao_Funed-300x200.jpg\" alt=\"\" width=\"1136\" height=\"757\" srcset=\"https:\/\/portalgrandenorte.com.br\/wp-content\/uploads\/2026\/04\/Fachada_Funed_Credito_Divulgacao_Funed-300x200.jpg 300w, https:\/\/portalgrandenorte.com.br\/wp-content\/uploads\/2026\/04\/Fachada_Funed_Credito_Divulgacao_Funed-768x512.jpg 768w, https:\/\/portalgrandenorte.com.br\/wp-content\/uploads\/2026\/04\/Fachada_Funed_Credito_Divulgacao_Funed-150x100.jpg 150w, https:\/\/portalgrandenorte.com.br\/wp-content\/uploads\/2026\/04\/Fachada_Funed_Credito_Divulgacao_Funed-330x220.jpg 330w, https:\/\/portalgrandenorte.com.br\/wp-content\/uploads\/2026\/04\/Fachada_Funed_Credito_Divulgacao_Funed-420x280.jpg 420w, https:\/\/portalgrandenorte.com.br\/wp-content\/uploads\/2026\/04\/Fachada_Funed_Credito_Divulgacao_Funed-510x340.jpg 510w, https:\/\/portalgrandenorte.com.br\/wp-content\/uploads\/2026\/04\/Fachada_Funed_Credito_Divulgacao_Funed.jpg 800w\" sizes=\"(max-width: 1136px) 100vw, 1136px\" \/><figcaption id=\"caption-attachment-2730\" class=\"wp-caption-text\">Funed \/ Divulga\u00e7\u00e3o<\/figcaption><\/figure>\n<p>A\u00a0<a href=\"https:\/\/www.funed.mg.gov.br\/\" data-saferedirecturl=\"https:\/\/www.google.com\/url?q=https:\/\/www.funed.mg.gov.br\/&amp;source=gmail&amp;ust=1777286253758000&amp;usg=AOvVaw2u-Htms4ggxdNfWdUgVkLV\">Funda\u00e7\u00e3o Ezequiel Dias (Funed)<\/a>\u00a0abriu\u00a0o\u00a0<a href=\"https:\/\/www.funed.mg.gov.br\/wp-content\/uploads\/2026\/04\/EDITAL-FUNED-No-02_2026-_-SEI-Processo-2260.01.0000762_2026-62-1.pdf\" data-saferedirecturl=\"https:\/\/www.google.com\/url?q=https:\/\/www.funed.mg.gov.br\/wp-content\/uploads\/2026\/04\/EDITAL-FUNED-No-02_2026-_-SEI-Processo-2260.01.0000762_2026-62-1.pdf&amp;source=gmail&amp;ust=1777286253758000&amp;usg=AOvVaw2RkRLOtgEOqQ-M4W6c3qNC\">Edital n\u00ba 02\/2026<\/a>\u00a0para o Processo Seletivo Simplificado (PSS), com 16 vagas imediatas e forma\u00e7\u00e3o de cadastro reserva. As oportunidades s\u00e3o para atua\u00e7\u00e3o em \u00e1reas t\u00e9cnicas e de pesquisa em sa\u00fade, refor\u00e7ando equipes que atuam diretamente em atividades laboratoriais, cient\u00edficas e administrativas da institui\u00e7\u00e3o.<\/p>\n<p>As inscri\u00e7\u00f5es come\u00e7aram seguem at\u00e9 as 18h do dia 30\/4, exclusivamente pelo site <a href=\"https:\/\/www.processoseletivo.mg.gov.br\/\" data-saferedirecturl=\"https:\/\/www.google.com\/url?q=https:\/\/www.processoseletivo.mg.gov.br\/&amp;source=gmail&amp;ust=1777286253758000&amp;usg=AOvVaw2tmKTiDhiZmpSQyHpll5kq\">www.processoseletivo.mg.gov.br<\/a>. N\u00e3o h\u00e1 cobran\u00e7a de taxa.<\/p>\n<p>Os sal\u00e1rios variam de R$ 1.957,49 a R$ 5.830,52, al\u00e9m de gratifica\u00e7\u00e3o por desempenho e ajuda de custo di\u00e1ria. Os contratos t\u00eam dura\u00e7\u00e3o inicial de 12 meses, com possibilidade de prorroga\u00e7\u00e3o por igual per\u00edodo.<\/p>\n<p>De acordo com a chefe da Divis\u00e3o de Gest\u00e3o de Pessoas (DGP), Rayssa Cardoso, o processo \u00e9 essencial para fortalecer o trabalho da funda\u00e7\u00e3o e garantir a continuidade das atividades.<\/p>\n<p>\u201cO PSS \u00e9 um instrumento importante para viabilizar o atendimento de necessidades tempor\u00e1rias da Funed, contribuindo para a continuidade das atividades desenvolvidas pela institui\u00e7\u00e3o. A realiza\u00e7\u00e3o do processo observa os crit\u00e9rios estabelecidos na legisla\u00e7\u00e3o vigente, garantindo transpar\u00eancia e isonomia na sele\u00e7\u00e3o dos candidatos\u201d, afirma.<\/p>\n<p><strong>Vagas e \u00e1reas de atua\u00e7\u00e3o<\/strong><br \/>\nO processo contempla duas carreiras da Funed, T\u00e9cnico de Sa\u00fade e Tecnologia (TST) e Analista e Pesquisador de Sa\u00fade e Tecnologia (AST), com vagas distribu\u00eddas em \u00e1reas estrat\u00e9gicas.<\/p>\n<p>Entre as oportunidades est\u00e3o fun\u00e7\u00f5es voltadas \u00e0 valida\u00e7\u00e3o e qualifica\u00e7\u00e3o de sistemas e equipamentos, atua\u00e7\u00e3o jur\u00eddica em processos de compras p\u00fablicas, gest\u00e3o administrativa e institucional, pesquisa em biologia celular, molecular e biotecnologia, al\u00e9m de atividades relacionadas \u00e0 gest\u00e3o de pessoas e \u00e0 seguran\u00e7a e sa\u00fade ocupacional.<\/p>\n<p>As vagas s\u00e3o destinadas a profissionais de n\u00edvel t\u00e9cnico e superior, com exig\u00eancia de forma\u00e7\u00e3o espec\u00edfica e, em alguns casos, experi\u00eancia comprovada na \u00e1rea. Os selecionados ir\u00e3o atuar de forma presencial nas unidades da Funed em Belo Horizonte e Betim, conforme a necessidade da institui\u00e7\u00e3o.<\/p>\n<p><strong>Processo seletivo<\/strong><br \/>\nO processo seletivo ser\u00e1 realizado em duas etapas. A primeira consiste na an\u00e1lise curricular e de t\u00edtulos, com verifica\u00e7\u00e3o dos requisitos e pontua\u00e7\u00e3o da experi\u00eancia profissional. A segunda etapa \u00e9 composta por entrevista, que avalia compet\u00eancias como conhecimento t\u00e9cnico, capacidade de trabalho em equipe e comunica\u00e7\u00e3o.<\/p>\n<p>Ao final, os candidatos ser\u00e3o classificados conforme a soma das pontua\u00e7\u00f5es das duas fases. Parte das vagas \u00e9 reservada para pessoas com defici\u00eancia, conforme previsto em lei.<\/p>\n<p>Os aprovados poder\u00e3o ser convocados ao longo do prazo de validade do processo, que \u00e9 de at\u00e9 um ano, com possibilidade de prorroga\u00e7\u00e3o.<\/p>\n<p>Mais informa\u00e7\u00f5es e o edital completo est\u00e3o dispon\u00edveis no\u00a0<a href=\"https:\/\/www.funed.mg.gov.br\/2026\/04\/destaque\/funed-publica-segundo-edital-para-processo-seletivo-simplificado-2026\/\" data-saferedirecturl=\"https:\/\/www.google.com\/url?q=https:\/\/www.funed.mg.gov.br\/2026\/04\/destaque\/funed-publica-segundo-edital-para-processo-seletivo-simplificado-2026\/&amp;source=gmail&amp;ust=1777286253758000&amp;usg=AOvVaw2UOSFUqxjbwY2yA_rqGiKZ\">site da Funed<\/a>.<\/p>\n","protected":false},"excerpt":{"rendered":"<p>Sele\u00e7\u00e3o oferece oportunidades em \u00e1reas estrat\u00e9gicas, com inscri\u00e7\u00f5es at\u00e9 a pr\u00f3xima quinta-feira (30\/4) A\u00a0Funda\u00e7\u00e3o Ezequiel Dias (Funed)\u00a0abriu\u00a0o\u00a0Edital n\u00ba 02\/2026\u00a0para o Processo Seletivo Simplificado (PSS), com 16 vagas imediatas e forma\u00e7\u00e3o de cadastro reserva. As oportunidades s\u00e3o para atua\u00e7\u00e3o em \u00e1reas t\u00e9cnicas e de pesquisa em sa\u00fade, refor\u00e7ando equipes que atuam diretamente em atividades laboratoriais, cient\u00edficas e administrativas da institui\u00e7\u00e3o. As inscri\u00e7\u00f5es come\u00e7aram seguem at\u00e9 as 18h do dia 30\/4, exclusivamente pelo site www.processoseletivo.mg.gov.br. N\u00e3o h\u00e1 cobran\u00e7a de taxa. Os sal\u00e1rios variam de R$ 1.957,49 a R$ 5.830,52, al\u00e9m de gratifica\u00e7\u00e3o por desempenho e ajuda de custo di\u00e1ria. Os contratos t\u00eam dura\u00e7\u00e3o inicial de 12 meses, com possibilidade de prorroga\u00e7\u00e3o por igual per\u00edodo. De acordo com a chefe da Divis\u00e3o de Gest\u00e3o de Pessoas (DGP), Rayssa Cardoso, o processo \u00e9 essencial para fortalecer o trabalho da funda\u00e7\u00e3o e garantir a continuidade das atividades. \u201cO PSS \u00e9 um instrumento importante para viabilizar o atendimento de necessidades tempor\u00e1rias da Funed, contribuindo para a continuidade das atividades desenvolvidas pela institui\u00e7\u00e3o. A realiza\u00e7\u00e3o do processo observa os crit\u00e9rios estabelecidos na legisla\u00e7\u00e3o vigente, garantindo transpar\u00eancia e isonomia na sele\u00e7\u00e3o dos candidatos\u201d, afirma. Vagas e \u00e1reas de atua\u00e7\u00e3o O processo contempla duas carreiras da Funed, T\u00e9cnico de Sa\u00fade e Tecnologia (TST) e Analista e Pesquisador de Sa\u00fade e Tecnologia (AST), com vagas distribu\u00eddas em \u00e1reas estrat\u00e9gicas. Entre as oportunidades est\u00e3o fun\u00e7\u00f5es voltadas \u00e0 valida\u00e7\u00e3o e qualifica\u00e7\u00e3o de sistemas e equipamentos, atua\u00e7\u00e3o jur\u00eddica em processos de compras p\u00fablicas, gest\u00e3o administrativa e institucional, pesquisa em biologia celular, molecular e biotecnologia, al\u00e9m de atividades relacionadas \u00e0 gest\u00e3o de pessoas e \u00e0 seguran\u00e7a e sa\u00fade ocupacional. As vagas s\u00e3o destinadas a profissionais de n\u00edvel t\u00e9cnico e superior, com exig\u00eancia de forma\u00e7\u00e3o espec\u00edfica e, em alguns casos, experi\u00eancia comprovada na \u00e1rea. Os selecionados ir\u00e3o atuar de forma presencial nas unidades da Funed em Belo Horizonte e Betim, conforme a necessidade da institui\u00e7\u00e3o. Processo seletivo O processo seletivo ser\u00e1 realizado em duas etapas. A primeira consiste na an\u00e1lise curricular e de t\u00edtulos, com verifica\u00e7\u00e3o dos requisitos e pontua\u00e7\u00e3o da experi\u00eancia profissional. A segunda etapa \u00e9 composta por entrevista, que avalia compet\u00eancias como conhecimento t\u00e9cnico, capacidade de trabalho em equipe e comunica\u00e7\u00e3o. Ao final, os candidatos ser\u00e3o classificados conforme a soma das pontua\u00e7\u00f5es das duas fases. Parte das vagas \u00e9 reservada para pessoas com defici\u00eancia, conforme previsto em lei. Os aprovados poder\u00e3o ser convocados ao longo do prazo de validade do processo, que \u00e9 de at\u00e9 um ano, com possibilidade de prorroga\u00e7\u00e3o. Mais informa\u00e7\u00f5es e o edital completo est\u00e3o dispon\u00edveis no\u00a0site da Funed.<\/p>\n","protected":false},"author":1,"featured_media":2730,"comment_status":"open","ping_status":"open","sticky":false,"template":"","format":"standard","meta":{"footnotes":""},"categories":[35,340,8],"tags":[],"class_list":["post-2729","post","type-post","status-publish","format-standard","has-post-thumbnail","hentry","category-minas-gerais","category-oportunidade","category-saude"],"_links":{"self":[{"href":"https:\/\/portalgrandenorte.com.br\/index.php?rest_route=\/wp\/v2\/posts\/2729","targetHints":{"allow":["GET"]}}],"collection":[{"href":"https:\/\/portalgrandenorte.com.br\/index.php?rest_route=\/wp\/v2\/posts"}],"about":[{"href":"https:\/\/portalgrandenorte.com.br\/index.php?rest_route=\/wp\/v2\/types\/post"}],"author":[{"embeddable":true,"href":"https:\/\/portalgrandenorte.com.br\/index.php?rest_route=\/wp\/v2\/users\/1"}],"replies":[{"embeddable":true,"href":"https:\/\/portalgrandenorte.com.br\/index.php?rest_route=%2Fwp%2Fv2%2Fcomments&post=2729"}],"version-history":[{"count":1,"href":"https:\/\/portalgrandenorte.com.br\/index.php?rest_route=\/wp\/v2\/posts\/2729\/revisions"}],"predecessor-version":[{"id":2731,"href":"https:\/\/portalgrandenorte.com.br\/index.php?rest_route=\/wp\/v2\/posts\/2729\/revisions\/2731"}],"wp:featuredmedia":[{"embeddable":true,"href":"https:\/\/portalgrandenorte.com.br\/index.php?rest_route=\/wp\/v2\/media\/2730"}],"wp:attachment":[{"href":"https:\/\/portalgrandenorte.com.br\/index.php?rest_route=%2Fwp%2Fv2%2Fmedia&parent=2729"}],"wp:term":[{"taxonomy":"category","embeddable":true,"href":"https:\/\/portalgrandenorte.com.br\/index.php?rest_route=%2Fwp%2Fv2%2Fcategories&post=2729"},{"taxonomy":"post_tag","embeddable":true,"href":"https:\/\/portalgrandenorte.com.br\/index.php?rest_route=%2Fwp%2Fv2%2Ftags&post=2729"}],"curies":[{"name":"wp","href":"https:\/\/api.w.org\/{rel}","templated":true}]}}