{"id":2726,"date":"2026-04-24T06:00:13","date_gmt":"2026-04-24T09:00:13","guid":{"rendered":"https:\/\/portalgrandenorte.com.br\/?p=2726"},"modified":"2026-04-24T06:00:13","modified_gmt":"2026-04-24T09:00:13","slug":"inscricoes-para-contratacao-de-mais-de-200-profissionais-no-hospital-regional-de-teofilo-otoni-terminam-nesta-sexta-24-4","status":"publish","type":"post","link":"https:\/\/portalgrandenorte.com.br\/?p=2726","title":{"rendered":"Inscri\u00e7\u00f5es para contrata\u00e7\u00e3o de mais de 200\u00a0profissionais\u00a0no Hospital Regional de Te\u00f3filo Otoni terminam nesta sexta (24\/4)"},"content":{"rendered":"<h2>As oportunidades abrangem diferentes \u00e1reas, com vagas para profissionais da assist\u00eancia, como t\u00e9cnicos de enfermagem, enfermeiros, fisioterapeutas e farmac\u00eauticos, al\u00e9m de fun\u00e7\u00f5es administrativas e de apoio<\/h2>\n<figure id=\"attachment_2727\" aria-describedby=\"caption-attachment-2727\" style=\"width: 1283px\" class=\"wp-caption alignnone\"><img fetchpriority=\"high\" decoding=\"async\" class=\"wp-image-2727\" src=\"https:\/\/portalgrandenorte.com.br\/wp-content\/uploads\/2026\/04\/corte-300x207.jpg\" alt=\"\" width=\"1283\" height=\"885\" srcset=\"https:\/\/portalgrandenorte.com.br\/wp-content\/uploads\/2026\/04\/corte-300x207.jpg 300w, https:\/\/portalgrandenorte.com.br\/wp-content\/uploads\/2026\/04\/corte-768x531.jpg 768w\" sizes=\"(max-width: 1283px) 100vw, 1283px\" \/><figcaption id=\"caption-attachment-2727\" class=\"wp-caption-text\">S\u00e3o mais de 200 vagas abertas para o Hospital Regional de Te\u00f3filo Otoni &#8211; Foto: Dirceu Aur\u00e9lio \/ Imprensa MG<\/figcaption><\/figure>\n<p><strong>TE\u00d3FILO OTONI &#8211;<\/strong> Termina nesta sexta-feira (24\/4) o prazo para se inscrever nas mais de 200 vagas abertas para o Hospital Regional de Te\u00f3filo Otoni, no Vale do Mucuri. A sele\u00e7\u00e3o \u00e9 uma das \u00faltimas etapas antes do in\u00edcio do funcionamento da unidade, que vai ampliar o acesso \u00e0 sa\u00fade para milhares de mineiros.<\/p>\n<p>As oportunidades abrangem diferentes \u00e1reas, com vagas para profissionais da assist\u00eancia, como t\u00e9cnicos de enfermagem, enfermeiros, fisioterapeutas e farmac\u00eauticos, al\u00e9m de fun\u00e7\u00f5es administrativas e de apoio, como recep\u00e7\u00e3o, portaria e servi\u00e7os gerais.<\/p>\n<p>\u201cO Hospital Regional de Te\u00f3filo Otoni representa um avan\u00e7o importante para a sa\u00fade nos Vales do Mucuri e Jequitinhonha. Estamos estruturando uma unidade moderna, com equipes qualificadas, para garantir atendimento mais pr\u00f3ximo, \u00e1gil e resolutivo para a popula\u00e7\u00e3o\u201d, destaca o secret\u00e1rio de Estado de Sa\u00fade, F\u00e1bio\u00a0Baccheretti.<\/p>\n<p>As inscri\u00e7\u00f5es devem ser feitas exclusivamente no\u00a0<a href=\"https:\/\/hrto.gupy.io\/\" data-saferedirecturl=\"https:\/\/www.google.com\/url?q=https:\/\/hrto.gupy.io\/&amp;source=gmail&amp;ust=1777065613098000&amp;usg=AOvVaw1snwG1bB23utC80ZSl0yIX\">site da Rede M\u00e1rio Penna<\/a>, na aba \u201cTrabalhe Conosco\u201d. O processo seletivo inclui cadastro, avalia\u00e7\u00e3o comportamental, entrevistas, avalia\u00e7\u00e3o t\u00e9cnica e exames m\u00e9dicos, e os candidatos aprovados passar\u00e3o por treinamento antes do in\u00edcio das atividades.<\/p>\n<p>A contrata\u00e7\u00e3o das equipes marca um avan\u00e7o decisivo na implanta\u00e7\u00e3o do hospital, que ser\u00e1 refer\u00eancia para os vales do Mucuri e Jequitinhonha. Com a nova estrutura, pacientes da regi\u00e3o v\u00e3o deixar de percorrer longas dist\u00e2ncias em busca de atendimento especializado, com mais agilidade e qualidade no cuidado.<\/p>\n<p><strong>Investimento e avan\u00e7o da obra\u00a0<\/strong><\/p>\n<p>A abertura das vagas ocorre ap\u00f3s a formaliza\u00e7\u00e3o do contrato de gest\u00e3o entre\u00a0a Prefeitura de Te\u00f3filo Otoni e a Rede M\u00e1rio Penna, realizada no dia 10\/4. A medida permitiu avan\u00e7ar para a fase final de prepara\u00e7\u00e3o do hospital para o in\u00edcio dos atendimentos.<\/p>\n<p>O\u00a0Governo de Minas tamb\u00e9m entregou novos equipamentos para a unidade, como aparelhos de anestesia, mesas cir\u00fargicas, monitores, ventiladores pulmonares, al\u00e9m de tom\u00f3grafo, raio-X e sistema de hemodin\u00e2mica. Ao todo, o\u00a0Estado\u00a0investiu\u00a0cerca de R$ 145 milh\u00f5es\u00a0para equipar o hospital, por meio da compra direta de equipamentos e repasse\u00a0\u00e0 Rede M\u00e1rio Penna.<\/p>\n<p>Com investimento total de aproximadamente R$ 275 milh\u00f5es, o hospital \u00e9 um dos maiores complexos de sa\u00fade do interior do estado. A unidade possui mais de 22 mil metros quadrados de \u00e1rea constru\u00edda e capacidade para\u00a0432\u00a0leitos.<\/p>\n<p>A previs\u00e3o \u00e9 que o funcionamento comece\u00a0ainda no primeiro semestre, com abertura gradual dos leitos. A nova estrutura amplia a oferta de servi\u00e7os, fortalece a rede p\u00fablica e melhora o acesso da popula\u00e7\u00e3o ao atendimento especializado.<\/p>\n","protected":false},"excerpt":{"rendered":"<p>As oportunidades abrangem diferentes \u00e1reas, com vagas para profissionais da assist\u00eancia, como t\u00e9cnicos de enfermagem, enfermeiros, fisioterapeutas e farmac\u00eauticos, al\u00e9m de fun\u00e7\u00f5es administrativas e de apoio TE\u00d3FILO OTONI &#8211; Termina nesta sexta-feira (24\/4) o prazo para se inscrever nas mais de 200 vagas abertas para o Hospital Regional de Te\u00f3filo Otoni, no Vale do Mucuri. A sele\u00e7\u00e3o \u00e9 uma das \u00faltimas etapas antes do in\u00edcio do funcionamento da unidade, que vai ampliar o acesso \u00e0 sa\u00fade para milhares de mineiros. As oportunidades abrangem diferentes \u00e1reas, com vagas para profissionais da assist\u00eancia, como t\u00e9cnicos de enfermagem, enfermeiros, fisioterapeutas e farmac\u00eauticos, al\u00e9m de fun\u00e7\u00f5es administrativas e de apoio, como recep\u00e7\u00e3o, portaria e servi\u00e7os gerais. \u201cO Hospital Regional de Te\u00f3filo Otoni representa um avan\u00e7o importante para a sa\u00fade nos Vales do Mucuri e Jequitinhonha. Estamos estruturando uma unidade moderna, com equipes qualificadas, para garantir atendimento mais pr\u00f3ximo, \u00e1gil e resolutivo para a popula\u00e7\u00e3o\u201d, destaca o secret\u00e1rio de Estado de Sa\u00fade, F\u00e1bio\u00a0Baccheretti. As inscri\u00e7\u00f5es devem ser feitas exclusivamente no\u00a0site da Rede M\u00e1rio Penna, na aba \u201cTrabalhe Conosco\u201d. O processo seletivo inclui cadastro, avalia\u00e7\u00e3o comportamental, entrevistas, avalia\u00e7\u00e3o t\u00e9cnica e exames m\u00e9dicos, e os candidatos aprovados passar\u00e3o por treinamento antes do in\u00edcio das atividades. A contrata\u00e7\u00e3o das equipes marca um avan\u00e7o decisivo na implanta\u00e7\u00e3o do hospital, que ser\u00e1 refer\u00eancia para os vales do Mucuri e Jequitinhonha. Com a nova estrutura, pacientes da regi\u00e3o v\u00e3o deixar de percorrer longas dist\u00e2ncias em busca de atendimento especializado, com mais agilidade e qualidade no cuidado. Investimento e avan\u00e7o da obra\u00a0 A abertura das vagas ocorre ap\u00f3s a formaliza\u00e7\u00e3o do contrato de gest\u00e3o entre\u00a0a Prefeitura de Te\u00f3filo Otoni e a Rede M\u00e1rio Penna, realizada no dia 10\/4. A medida permitiu avan\u00e7ar para a fase final de prepara\u00e7\u00e3o do hospital para o in\u00edcio dos atendimentos. O\u00a0Governo de Minas tamb\u00e9m entregou novos equipamentos para a unidade, como aparelhos de anestesia, mesas cir\u00fargicas, monitores, ventiladores pulmonares, al\u00e9m de tom\u00f3grafo, raio-X e sistema de hemodin\u00e2mica. Ao todo, o\u00a0Estado\u00a0investiu\u00a0cerca de R$ 145 milh\u00f5es\u00a0para equipar o hospital, por meio da compra direta de equipamentos e repasse\u00a0\u00e0 Rede M\u00e1rio Penna. Com investimento total de aproximadamente R$ 275 milh\u00f5es, o hospital \u00e9 um dos maiores complexos de sa\u00fade do interior do estado. A unidade possui mais de 22 mil metros quadrados de \u00e1rea constru\u00edda e capacidade para\u00a0432\u00a0leitos. A previs\u00e3o \u00e9 que o funcionamento comece\u00a0ainda no primeiro semestre, com abertura gradual dos leitos. A nova estrutura amplia a oferta de servi\u00e7os, fortalece a rede p\u00fablica e melhora o acesso da popula\u00e7\u00e3o ao atendimento especializado.<\/p>\n","protected":false},"author":1,"featured_media":2727,"comment_status":"open","ping_status":"open","sticky":false,"template":"","format":"standard","meta":{"footnotes":""},"categories":[35,340,12,8,17],"tags":[337],"class_list":["post-2726","post","type-post","status-publish","format-standard","has-post-thumbnail","hentry","category-minas-gerais","category-oportunidade","category-regional","category-saude","category-vale-do-mucuri","tag-vagas"],"_links":{"self":[{"href":"https:\/\/portalgrandenorte.com.br\/index.php?rest_route=\/wp\/v2\/posts\/2726","targetHints":{"allow":["GET"]}}],"collection":[{"href":"https:\/\/portalgrandenorte.com.br\/index.php?rest_route=\/wp\/v2\/posts"}],"about":[{"href":"https:\/\/portalgrandenorte.com.br\/index.php?rest_route=\/wp\/v2\/types\/post"}],"author":[{"embeddable":true,"href":"https:\/\/portalgrandenorte.com.br\/index.php?rest_route=\/wp\/v2\/users\/1"}],"replies":[{"embeddable":true,"href":"https:\/\/portalgrandenorte.com.br\/index.php?rest_route=%2Fwp%2Fv2%2Fcomments&post=2726"}],"version-history":[{"count":1,"href":"https:\/\/portalgrandenorte.com.br\/index.php?rest_route=\/wp\/v2\/posts\/2726\/revisions"}],"predecessor-version":[{"id":2728,"href":"https:\/\/portalgrandenorte.com.br\/index.php?rest_route=\/wp\/v2\/posts\/2726\/revisions\/2728"}],"wp:featuredmedia":[{"embeddable":true,"href":"https:\/\/portalgrandenorte.com.br\/index.php?rest_route=\/wp\/v2\/media\/2727"}],"wp:attachment":[{"href":"https:\/\/portalgrandenorte.com.br\/index.php?rest_route=%2Fwp%2Fv2%2Fmedia&parent=2726"}],"wp:term":[{"taxonomy":"category","embeddable":true,"href":"https:\/\/portalgrandenorte.com.br\/index.php?rest_route=%2Fwp%2Fv2%2Fcategories&post=2726"},{"taxonomy":"post_tag","embeddable":true,"href":"https:\/\/portalgrandenorte.com.br\/index.php?rest_route=%2Fwp%2Fv2%2Ftags&post=2726"}],"curies":[{"name":"wp","href":"https:\/\/api.w.org\/{rel}","templated":true}]}}