{"id":2719,"date":"2026-04-23T09:22:30","date_gmt":"2026-04-23T12:22:30","guid":{"rendered":"https:\/\/portalgrandenorte.com.br\/?p=2719"},"modified":"2026-04-23T09:23:44","modified_gmt":"2026-04-23T12:23:44","slug":"bocaiuva-recebe-selo-de-cristal-e-se-destaca-por-gestao-publica-sustentavel","status":"publish","type":"post","link":"https:\/\/portalgrandenorte.com.br\/?p=2719","title":{"rendered":"Bocaiuva recebe Selo de Cristal e se destaca por gest\u00e3o p\u00fablica sustent\u00e1vel"},"content":{"rendered":"<p style=\"text-align: center;\" align=\"center\" data-start=\"81\" data-end=\"232\"><strong><em data-start=\"81\" data-end=\"232\">Reconhecimento da Caixa Econ\u00f4mica Federal valoriza pr\u00e1ticas transparentes, responsabilidade socioambiental e compromisso com o bem-estar da popula\u00e7\u00e3o<\/em><\/strong><\/p>\n<p data-start=\"234\" data-end=\"612\"><img fetchpriority=\"high\" decoding=\"async\" class=\" wp-image-2720 alignnone\" src=\"https:\/\/portalgrandenorte.com.br\/wp-content\/uploads\/2026\/04\/GS_red_cristal-300x300.png\" alt=\"\" width=\"711\" height=\"711\" srcset=\"https:\/\/portalgrandenorte.com.br\/wp-content\/uploads\/2026\/04\/GS_red_cristal-300x300.png 300w, https:\/\/portalgrandenorte.com.br\/wp-content\/uploads\/2026\/04\/GS_red_cristal-1024x1024.png 1024w, https:\/\/portalgrandenorte.com.br\/wp-content\/uploads\/2026\/04\/GS_red_cristal-150x150.png 150w, https:\/\/portalgrandenorte.com.br\/wp-content\/uploads\/2026\/04\/GS_red_cristal-768x768.png 768w, https:\/\/portalgrandenorte.com.br\/wp-content\/uploads\/2026\/04\/GS_red_cristal-1536x1536.png 1536w, https:\/\/portalgrandenorte.com.br\/wp-content\/uploads\/2026\/04\/GS_red_cristal-2048x2048.png 2048w\" sizes=\"(max-width: 711px) 100vw, 711px\" \/><\/p>\n<p data-start=\"234\" data-end=\"612\"><strong>Por Jerusia Arruda<\/strong><\/p>\n<p data-start=\"234\" data-end=\"612\">A administra\u00e7\u00e3o municipal de Bocaiuva ser\u00e1 reconhecida com o Selo de Cristal de Gest\u00e3o Sustent\u00e1vel, uma certifica\u00e7\u00e3o concedida pela Caixa Econ\u00f4mica Federal a munic\u00edpios que se destacam pela ado\u00e7\u00e3o de pr\u00e1ticas respons\u00e1veis, transparentes e comprometidas com o desenvolvimento sustent\u00e1vel. A entrega oficial ocorrer\u00e1 no pr\u00f3ximo dia 29 de abril, no Centro Administrativo da cidade.<\/p>\n<p data-start=\"614\" data-end=\"1058\">O selo \u00e9 um importante indicativo de que a gest\u00e3o p\u00fablica local vem adotando pol\u00edticas que v\u00e3o al\u00e9m da efici\u00eancia administrativa, priorizando tamb\u00e9m a responsabilidade socioambiental e o bem-estar coletivo. Para receber a certifica\u00e7\u00e3o, os munic\u00edpios precisam apresentar indicadores p\u00fablicos que comprovem a condu\u00e7\u00e3o \u00e9tica e sustent\u00e1vel de suas a\u00e7\u00f5es, com foco em transpar\u00eancia, planejamento e impacto positivo na qualidade de vida da popula\u00e7\u00e3o.<\/p>\n<p data-start=\"1060\" data-end=\"1469\">No caso de Bocaiuva, o reconhecimento refor\u00e7a o compromisso da administra\u00e7\u00e3o com uma governan\u00e7a moderna, baseada em princ\u00edpios que valorizam tanto o uso consciente dos recursos p\u00fablicos quanto a promo\u00e7\u00e3o de pol\u00edticas inclusivas e ambientalmente respons\u00e1veis. Em um cen\u00e1rio onde a sociedade demanda cada vez mais clareza e responsabilidade na gest\u00e3o p\u00fablica, iniciativas como essa ganham ainda mais relev\u00e2ncia.<\/p>\n<p data-start=\"1471\" data-end=\"1758\">Al\u00e9m de valorizar o trabalho desenvolvido no munic\u00edpio, o Selo de Cristal de Gest\u00e3o Sustent\u00e1vel tamb\u00e9m serve como refer\u00eancia para outras cidades, incentivando a ado\u00e7\u00e3o de boas pr\u00e1ticas e o fortalecimento de uma cultura administrativa pautada pela \u00e9tica, transpar\u00eancia e sustentabilidade.<\/p>\n<p data-start=\"1760\" data-end=\"1971\" data-is-last-node=\"\" data-is-only-node=\"\">A cerim\u00f4nia de entrega promete marcar um momento simb\u00f3lico para Bocaiuva, consolidando o reconhecimento de um modelo de gest\u00e3o que busca alinhar desenvolvimento econ\u00f4mico, justi\u00e7a social e preserva\u00e7\u00e3o ambiental.<\/p>\n","protected":false},"excerpt":{"rendered":"<p>Reconhecimento da Caixa Econ\u00f4mica Federal valoriza pr\u00e1ticas transparentes, responsabilidade socioambiental e compromisso com o bem-estar da popula\u00e7\u00e3o Por Jerusia Arruda A administra\u00e7\u00e3o municipal de Bocaiuva ser\u00e1 reconhecida com o Selo de Cristal de Gest\u00e3o Sustent\u00e1vel, uma certifica\u00e7\u00e3o concedida pela Caixa Econ\u00f4mica Federal a munic\u00edpios que se destacam pela ado\u00e7\u00e3o de pr\u00e1ticas respons\u00e1veis, transparentes e comprometidas com o desenvolvimento sustent\u00e1vel. A entrega oficial ocorrer\u00e1 no pr\u00f3ximo dia 29 de abril, no Centro Administrativo da cidade. O selo \u00e9 um importante indicativo de que a gest\u00e3o p\u00fablica local vem adotando pol\u00edticas que v\u00e3o al\u00e9m da efici\u00eancia administrativa, priorizando tamb\u00e9m a responsabilidade socioambiental e o bem-estar coletivo. Para receber a certifica\u00e7\u00e3o, os munic\u00edpios precisam apresentar indicadores p\u00fablicos que comprovem a condu\u00e7\u00e3o \u00e9tica e sustent\u00e1vel de suas a\u00e7\u00f5es, com foco em transpar\u00eancia, planejamento e impacto positivo na qualidade de vida da popula\u00e7\u00e3o. No caso de Bocaiuva, o reconhecimento refor\u00e7a o compromisso da administra\u00e7\u00e3o com uma governan\u00e7a moderna, baseada em princ\u00edpios que valorizam tanto o uso consciente dos recursos p\u00fablicos quanto a promo\u00e7\u00e3o de pol\u00edticas inclusivas e ambientalmente respons\u00e1veis. Em um cen\u00e1rio onde a sociedade demanda cada vez mais clareza e responsabilidade na gest\u00e3o p\u00fablica, iniciativas como essa ganham ainda mais relev\u00e2ncia. Al\u00e9m de valorizar o trabalho desenvolvido no munic\u00edpio, o Selo de Cristal de Gest\u00e3o Sustent\u00e1vel tamb\u00e9m serve como refer\u00eancia para outras cidades, incentivando a ado\u00e7\u00e3o de boas pr\u00e1ticas e o fortalecimento de uma cultura administrativa pautada pela \u00e9tica, transpar\u00eancia e sustentabilidade. A cerim\u00f4nia de entrega promete marcar um momento simb\u00f3lico para Bocaiuva, consolidando o reconhecimento de um modelo de gest\u00e3o que busca alinhar desenvolvimento econ\u00f4mico, justi\u00e7a social e preserva\u00e7\u00e3o ambiental.<\/p>\n","protected":false},"author":1,"featured_media":2720,"comment_status":"open","ping_status":"open","sticky":false,"template":"","format":"standard","meta":{"footnotes":""},"categories":[35,1,11,12,8],"tags":[657,656],"class_list":["post-2719","post","type-post","status-publish","format-standard","has-post-thumbnail","hentry","category-minas-gerais","category-norte-de-minas","category-politica","category-regional","category-saude","tag-gestao-sustentavel","tag-selo-de-cristal"],"_links":{"self":[{"href":"https:\/\/portalgrandenorte.com.br\/index.php?rest_route=\/wp\/v2\/posts\/2719","targetHints":{"allow":["GET"]}}],"collection":[{"href":"https:\/\/portalgrandenorte.com.br\/index.php?rest_route=\/wp\/v2\/posts"}],"about":[{"href":"https:\/\/portalgrandenorte.com.br\/index.php?rest_route=\/wp\/v2\/types\/post"}],"author":[{"embeddable":true,"href":"https:\/\/portalgrandenorte.com.br\/index.php?rest_route=\/wp\/v2\/users\/1"}],"replies":[{"embeddable":true,"href":"https:\/\/portalgrandenorte.com.br\/index.php?rest_route=%2Fwp%2Fv2%2Fcomments&post=2719"}],"version-history":[{"count":1,"href":"https:\/\/portalgrandenorte.com.br\/index.php?rest_route=\/wp\/v2\/posts\/2719\/revisions"}],"predecessor-version":[{"id":2721,"href":"https:\/\/portalgrandenorte.com.br\/index.php?rest_route=\/wp\/v2\/posts\/2719\/revisions\/2721"}],"wp:featuredmedia":[{"embeddable":true,"href":"https:\/\/portalgrandenorte.com.br\/index.php?rest_route=\/wp\/v2\/media\/2720"}],"wp:attachment":[{"href":"https:\/\/portalgrandenorte.com.br\/index.php?rest_route=%2Fwp%2Fv2%2Fmedia&parent=2719"}],"wp:term":[{"taxonomy":"category","embeddable":true,"href":"https:\/\/portalgrandenorte.com.br\/index.php?rest_route=%2Fwp%2Fv2%2Fcategories&post=2719"},{"taxonomy":"post_tag","embeddable":true,"href":"https:\/\/portalgrandenorte.com.br\/index.php?rest_route=%2Fwp%2Fv2%2Ftags&post=2719"}],"curies":[{"name":"wp","href":"https:\/\/api.w.org\/{rel}","templated":true}]}}