{"id":2116,"date":"2025-11-26T21:11:03","date_gmt":"2025-11-27T00:11:03","guid":{"rendered":"https:\/\/portalgrandenorte.com.br\/?p=2116"},"modified":"2025-11-26T21:11:23","modified_gmt":"2025-11-27T00:11:23","slug":"tecnologia-e-humanizacao-santa-casa-montes-claros-inaugura-moderno-equipamento-de-ressonancia-magnetica","status":"publish","type":"post","link":"https:\/\/portalgrandenorte.com.br\/?p=2116","title":{"rendered":"Tecnologia e humaniza\u00e7\u00e3o: Santa Casa Montes Claros inaugura moderno equipamento de resson\u00e2ncia magn\u00e9tica"},"content":{"rendered":"<div>\n<div>\n<div>\n<div id=\"m_2355208636196083001m_8265158643618416410m_-7683266876832228193m_-2118559526568925854m_-5202806882420989600m_3031503422232025653m_-1886343336298136447m_8412423490093849890m_2747896997144448462m_-5489176530135269718m_-2896564296468869797m_9109250994883841843m_515674849307958704m_-5065339584543074062m_3183412288491230077m_8710635707799117017m_2661139824182498995m_5169827482014963919m_-6703227058313191378m_-1916320589163821144m_2012477289511184617m_-7238703710736291537m_-8622581837686336482m_-3612254350140958193m_5025071091910900607m_3952449079268901528m_4221497253518507712m_-1317520341296035199m_3418647336118996700m_5687386345328782945m_572692503634270566m_7769700249363132924m_2647542978806635592m_-5931686051592848669m_-7988235607728337579m_3169795654023824940m_5238446384096507625m_7094732964611602625m_-4525287531894922924m_282201736768177300m_3239151145601957580m_5219957176045173118m_-4889086763140057959m_2274472949024755774m_8638552538901678921m_-2227016753070883535m_-916022025722655516m_-6918067572064721293m_7885658086132198593m_2381405811345301266m_4801265824908820178m_-1207801490399117689m_-5844297755801556699m_3861276109163399971m_7448640975631225121m_-1492968527702681541m_2503273414090637615m_-5550283332828591622m_3651749471534173536m_5843938833553018636m_2865486248502740833m_4234083403975480695m_-7123558641605991556m_4440890826361838251m_4926952080163262196m_-3896330029464760089m_-313326166771700033m_5515682097333383046m_-109570790631612657m_-7668832000402039978m_-6597729343400249571m_-8426772792264074187m_-781062177942042574m_-5709828964919342843m_4193439813994581579m_-2543654898977994104m_-5599499032508950442m_-5312436382647645496m_6751968392582189579m_-2091203245971523449m_4545249057567820595m_-6368732452356610375m_7385246082377947807m_-4893400225473205175m_3329929279475766249m_1129683304626528813m_-8297351445004556930m_413359596842810227m_1218551614618763905m_7423615414211896360m_8539573105312296640m_3549626774156464604m_7477306361651180086m_-9017951960700794878m_7918813833204192484m_8317636035906807208m_-8626490246139129362m_4747455675899953537m_-3865014248883013411m_35240199637871774m_7347216987223635770m_-6303084791496575592m_-4231144737952516741m_-600425593367172818m_-1803473056826717426m_-8040224421826412599m_-4257707238921244075m_-6813628853177230733m_-3503675369328872285gmail-:18s\">\n<div id=\"m_2355208636196083001m_8265158643618416410m_-7683266876832228193m_-2118559526568925854m_-5202806882420989600m_3031503422232025653m_-1886343336298136447m_8412423490093849890m_2747896997144448462m_-5489176530135269718m_-2896564296468869797m_9109250994883841843m_515674849307958704m_-5065339584543074062m_3183412288491230077m_8710635707799117017m_2661139824182498995m_5169827482014963919m_-6703227058313191378m_-1916320589163821144m_2012477289511184617m_-7238703710736291537m_-8622581837686336482m_-3612254350140958193m_5025071091910900607m_3952449079268901528m_4221497253518507712m_-1317520341296035199m_3418647336118996700m_5687386345328782945m_572692503634270566m_7769700249363132924m_2647542978806635592m_-5931686051592848669m_-7988235607728337579m_3169795654023824940m_5238446384096507625m_7094732964611602625m_-4525287531894922924m_282201736768177300m_3239151145601957580m_5219957176045173118m_-4889086763140057959m_2274472949024755774m_8638552538901678921m_-2227016753070883535m_-916022025722655516m_-6918067572064721293m_7885658086132198593m_2381405811345301266m_4801265824908820178m_-1207801490399117689m_-5844297755801556699m_3861276109163399971m_7448640975631225121m_-1492968527702681541m_2503273414090637615m_-5550283332828591622m_3651749471534173536m_5843938833553018636m_2865486248502740833m_4234083403975480695m_-7123558641605991556m_4440890826361838251m_4926952080163262196m_-3896330029464760089m_-313326166771700033m_5515682097333383046m_-109570790631612657m_-7668832000402039978m_-6597729343400249571m_-8426772792264074187m_-781062177942042574m_-5709828964919342843m_4193439813994581579m_-2543654898977994104m_-5599499032508950442m_-5312436382647645496m_6751968392582189579m_-2091203245971523449m_4545249057567820595m_-6368732452356610375m_7385246082377947807m_-4893400225473205175m_3329929279475766249m_1129683304626528813m_-8297351445004556930m_413359596842810227m_1218551614618763905m_7423615414211896360m_8539573105312296640m_3549626774156464604m_7477306361651180086m_-9017951960700794878m_7918813833204192484m_8317636035906807208m_-8626490246139129362m_4747455675899953537m_-3865014248883013411m_35240199637871774m_7347216987223635770m_-6303084791496575592m_-4231144737952516741m_-600425593367172818m_-1803473056826717426m_-8040224421826412599m_-4257707238921244075m_-6813628853177230733m_-3503675369328872285gmail-:18r\">\n<div dir=\"ltr\">\n<div>\n<figure id=\"attachment_2117\" aria-describedby=\"caption-attachment-2117\" style=\"width: 1019px\" class=\"wp-caption alignnone\"><img fetchpriority=\"high\" decoding=\"async\" class=\" wp-image-2117\" src=\"https:\/\/portalgrandenorte.com.br\/wp-content\/uploads\/2025\/11\/reinauguacao-ressonancia-2025-2-300x200.jpg\" alt=\"\" width=\"1019\" height=\"679\" srcset=\"https:\/\/portalgrandenorte.com.br\/wp-content\/uploads\/2025\/11\/reinauguacao-ressonancia-2025-2-300x200.jpg 300w, https:\/\/portalgrandenorte.com.br\/wp-content\/uploads\/2025\/11\/reinauguacao-ressonancia-2025-2-768x513.jpg 768w, https:\/\/portalgrandenorte.com.br\/wp-content\/uploads\/2025\/11\/reinauguacao-ressonancia-2025-2-150x100.jpg 150w, https:\/\/portalgrandenorte.com.br\/wp-content\/uploads\/2025\/11\/reinauguacao-ressonancia-2025-2-330x220.jpg 330w, https:\/\/portalgrandenorte.com.br\/wp-content\/uploads\/2025\/11\/reinauguacao-ressonancia-2025-2-420x280.jpg 420w, https:\/\/portalgrandenorte.com.br\/wp-content\/uploads\/2025\/11\/reinauguacao-ressonancia-2025-2-510x340.jpg 510w\" sizes=\"(max-width: 1019px) 100vw, 1019px\" \/><figcaption id=\"caption-attachment-2117\" class=\"wp-caption-text\">Foto: Santa Casa\/Divulga\u00e7\u00e3o<\/figcaption><\/figure>\n<\/div>\n<div><\/div>\n<div><strong>MONTES CLAROS &#8211;<\/strong> A Santa Casa Montes Claros celebrou, nesta semana, mais um marco significativo em sua trajet\u00f3ria de inova\u00e7\u00e3o e cuidado com a popula\u00e7\u00e3o do norte de Minas: a entrega de um dos mais modernos equipamento de Resson\u00e2ncia Magn\u00e9tica do Brasil, instalado em um ambiente totalmente humanizado e projetado para oferecer conforto, seguran\u00e7a e excel\u00eancia diagn\u00f3stica. Com investimento superior a cinco milh\u00f5es de reais, a nova tecnologia amplia a capacidade de atendimento, oferecendo ainda mais precis\u00e3o, agilidade e assertividade na defini\u00e7\u00e3o de condutas m\u00e9dicas.<\/div>\n<div><\/div>\n<div>\n<p>O equipamento passa a integrar um dos servi\u00e7os de diagn\u00f3stico por imagem mais completos da regi\u00e3o, que j\u00e1 oferece tomografia, ultrassonografia, raio-x, endoscopia, colonoscopia, densitometria, mamografia, eletroneuromiografia e eletroencefalograma.<\/p>\n<p><strong>Salto tecnol\u00f3gico a servi\u00e7o da popula\u00e7\u00e3o<\/strong><br \/>\nA resson\u00e2ncia magn\u00e9tica \u00e9 fundamental para diagnosticar, detectar e monitorar doen\u00e7as, oferecendo imagens de alt\u00edssima resolu\u00e7\u00e3o de \u00f3rg\u00e3os e tecidos. Ela \u00e9 utilizada para investiga\u00e7\u00e3o de tumores, les\u00f5es ortop\u00e9dicas e neurol\u00f3gicas, doen\u00e7as card\u00edacas e vasculares, al\u00e9m de altera\u00e7\u00f5es em diversos \u00f3rg\u00e3os internos. Somente nos \u00faltimos 12 meses, a Santa Casa realizou 6.830 exames de resson\u00e2ncia magn\u00e9tica, dos quais 3.024 foram destinados a pacientes do SUS. Desse total, 1.636 foram exames voltados para pacientes oncol\u00f3gicos, evidenciando a relev\u00e2ncia do servi\u00e7o para o tratamento e acompanhamento cl\u00ednico de casos de alta complexidade.<\/p>\n<p><strong>Mais agilidade para o diagn\u00f3stico<\/strong><br \/>\nDurante a cerim\u00f4nia, o superintendente da Santa Casa, Maur\u00edcio S\u00e9rgio Sousa e Silva, destacou o impacto direto do novo equipamento na rotina assistencial. \u201cCom esta aquisi\u00e7\u00e3o, poderemos reduzir em at\u00e9 40% o tempo m\u00e9dio dos exames, aumentando nossa capacidade de atendimento, al\u00e9m de oferecer mais conforto aos pacientes. \u00c9 um avan\u00e7o que combina tecnologia, efici\u00eancia e humaniza\u00e7\u00e3o, pilares essenciais da Santa Casa\u201d, disse.<\/p>\n<\/div>\n<div><\/div>\n<div>\n<p>O espa\u00e7o que abriga o equipamento foi totalmente reformado e projetado para acolher o paciente desde a chegada, proporcionando uma experi\u00eancia mais tranquila e segura, especialmente para quem enfrenta momentos de fragilidade, como os pacientes oncol\u00f3gicos.<\/p>\n<p><strong>Momento de f\u00e9, gratid\u00e3o e reconhecimento<\/strong><br \/>\nPara aben\u00e7oar o novo ambiente, ap\u00f3s o descerramento da placa inaugural, o Capel\u00e3o da Santa Casa, Pe. Ildomar Pereira, conduziu um momento especial de ora\u00e7\u00e3o e b\u00ean\u00e7\u00e3os, marcando simbolicamente a abertura do espa\u00e7o e o compromisso institucional com a vida e o cuidado integral.<\/p>\n<\/div>\n<div><\/div>\n<div>Logo ap\u00f3s, foi realizada uma visita guiada \u00e0s novas instala\u00e7\u00f5es, onde convidados puderam conhecer de perto a estrutura moderna e acolhedora. A cerim\u00f4nia de reinaugura\u00e7\u00e3o contou com a presen\u00e7a de autoridades municipais e estaduais, representantes pol\u00edticos, membros da dire\u00e7\u00e3o do hospital e colaboradores de diversos setores.<\/div>\n<\/div>\n<\/div>\n<\/div>\n<\/div>\n<\/div>\n<\/div>\n","protected":false},"excerpt":{"rendered":"<p>MONTES CLAROS &#8211; A Santa Casa Montes Claros celebrou, nesta semana, mais um marco significativo em sua trajet\u00f3ria de inova\u00e7\u00e3o e cuidado com a popula\u00e7\u00e3o do norte de Minas: a entrega de um dos mais modernos equipamento de Resson\u00e2ncia Magn\u00e9tica do Brasil, instalado em um ambiente totalmente humanizado e projetado para oferecer conforto, seguran\u00e7a e excel\u00eancia diagn\u00f3stica. Com investimento superior a cinco milh\u00f5es de reais, a nova tecnologia amplia a capacidade de atendimento, oferecendo ainda mais precis\u00e3o, agilidade e assertividade na defini\u00e7\u00e3o de condutas m\u00e9dicas. O equipamento passa a integrar um dos servi\u00e7os de diagn\u00f3stico por imagem mais completos da regi\u00e3o, que j\u00e1 oferece tomografia, ultrassonografia, raio-x, endoscopia, colonoscopia, densitometria, mamografia, eletroneuromiografia e eletroencefalograma. Salto tecnol\u00f3gico a servi\u00e7o da popula\u00e7\u00e3o A resson\u00e2ncia magn\u00e9tica \u00e9 fundamental para diagnosticar, detectar e monitorar doen\u00e7as, oferecendo imagens de alt\u00edssima resolu\u00e7\u00e3o de \u00f3rg\u00e3os e tecidos. Ela \u00e9 utilizada para investiga\u00e7\u00e3o de tumores, les\u00f5es ortop\u00e9dicas e neurol\u00f3gicas, doen\u00e7as card\u00edacas e vasculares, al\u00e9m de altera\u00e7\u00f5es em diversos \u00f3rg\u00e3os internos. Somente nos \u00faltimos 12 meses, a Santa Casa realizou 6.830 exames de resson\u00e2ncia magn\u00e9tica, dos quais 3.024 foram destinados a pacientes do SUS. Desse total, 1.636 foram exames voltados para pacientes oncol\u00f3gicos, evidenciando a relev\u00e2ncia do servi\u00e7o para o tratamento e acompanhamento cl\u00ednico de casos de alta complexidade. Mais agilidade para o diagn\u00f3stico Durante a cerim\u00f4nia, o superintendente da Santa Casa, Maur\u00edcio S\u00e9rgio Sousa e Silva, destacou o impacto direto do novo equipamento na rotina assistencial. \u201cCom esta aquisi\u00e7\u00e3o, poderemos reduzir em at\u00e9 40% o tempo m\u00e9dio dos exames, aumentando nossa capacidade de atendimento, al\u00e9m de oferecer mais conforto aos pacientes. \u00c9 um avan\u00e7o que combina tecnologia, efici\u00eancia e humaniza\u00e7\u00e3o, pilares essenciais da Santa Casa\u201d, disse. O espa\u00e7o que abriga o equipamento foi totalmente reformado e projetado para acolher o paciente desde a chegada, proporcionando uma experi\u00eancia mais tranquila e segura, especialmente para quem enfrenta momentos de fragilidade, como os pacientes oncol\u00f3gicos. Momento de f\u00e9, gratid\u00e3o e reconhecimento Para aben\u00e7oar o novo ambiente, ap\u00f3s o descerramento da placa inaugural, o Capel\u00e3o da Santa Casa, Pe. Ildomar Pereira, conduziu um momento especial de ora\u00e7\u00e3o e b\u00ean\u00e7\u00e3os, marcando simbolicamente a abertura do espa\u00e7o e o compromisso institucional com a vida e o cuidado integral. Logo ap\u00f3s, foi realizada uma visita guiada \u00e0s novas instala\u00e7\u00f5es, onde convidados puderam conhecer de perto a estrutura moderna e acolhedora. A cerim\u00f4nia de reinaugura\u00e7\u00e3o contou com a presen\u00e7a de autoridades municipais e estaduais, representantes pol\u00edticos, membros da dire\u00e7\u00e3o do hospital e colaboradores de diversos setores.<\/p>\n","protected":false},"author":1,"featured_media":2117,"comment_status":"open","ping_status":"open","sticky":false,"template":"","format":"standard","meta":{"_monsterinsights_skip_tracking":false,"footnotes":""},"categories":[1,8],"tags":[77,515,431],"class_list":["post-2116","post","type-post","status-publish","format-standard","has-post-thumbnail","hentry","category-norte-de-minas","category-saude","tag-inovacao","tag-ressonancia-magnetica","tag-santa-casa-montes-claros"],"aioseo_notices":[],"aioseo_head":"\n\t\t<!-- All in One SEO 5.0.1.1 - aioseo.com -->\n\t<meta name=\"description\" content=\"MONTES CLAROS - A Santa Casa Montes Claros celebrou, nesta semana, mais um marco significativo em sua trajet\u00f3ria de inova\u00e7\u00e3o e cuidado com a popula\u00e7\u00e3o do norte de Minas: a entrega de um dos mais modernos equipamento de Resson\u00e2ncia Magn\u00e9tica do Brasil, instalado em um ambiente totalmente humanizado e projetado para oferecer conforto, seguran\u00e7a e\" \/>\n\t<meta name=\"robots\" content=\"max-image-preview:large\" \/>\n\t<meta name=\"author\" content=\"Portal Grande Norte\"\/>\n\t<link rel=\"canonical\" href=\"https:\/\/portalgrandenorte.com.br\/?p=2116\" \/>\n\t<meta name=\"generator\" content=\"All in One SEO (AIOSEO) 5.0.1.1\" \/>\n\t\t<meta property=\"og:locale\" content=\"pt_BR\" \/>\n\t\t<meta property=\"og:site_name\" content=\"Portal Grande Norte - O maior portal de not\u00edcias do Norte de Minas\" \/>\n\t\t<meta property=\"og:type\" content=\"article\" \/>\n\t\t<meta property=\"og:title\" content=\"Tecnologia e humaniza\u00e7\u00e3o: Santa Casa Montes Claros inaugura moderno equipamento de resson\u00e2ncia magn\u00e9tica - Portal Grande Norte\" \/>\n\t\t<meta property=\"og:description\" content=\"MONTES CLAROS - A Santa Casa Montes Claros celebrou, nesta semana, mais um marco significativo em sua trajet\u00f3ria de inova\u00e7\u00e3o e cuidado com a popula\u00e7\u00e3o do norte de Minas: a entrega de um dos mais modernos equipamento de Resson\u00e2ncia Magn\u00e9tica do Brasil, instalado em um ambiente totalmente humanizado e projetado para oferecer conforto, seguran\u00e7a e\" \/>\n\t\t<meta property=\"og:url\" content=\"https:\/\/portalgrandenorte.com.br\/?p=2116\" \/>\n\t\t<meta property=\"og:image\" content=\"https:\/\/portalgrandenorte.com.br\/wp-content\/uploads\/2025\/08\/cropped-cropped-Logotipo-Portal-Grande-Norte-5.png\" \/>\n\t\t<meta property=\"og:image:secure_url\" content=\"https:\/\/portalgrandenorte.com.br\/wp-content\/uploads\/2025\/08\/cropped-cropped-Logotipo-Portal-Grande-Norte-5.png\" \/>\n\t\t<meta property=\"article:published_time\" content=\"2025-11-27T00:11:03+00:00\" \/>\n\t\t<meta property=\"article:modified_time\" content=\"2025-11-27T00:11:23+00:00\" \/>\n\t\t<meta name=\"twitter:card\" content=\"summary_large_image\" \/>\n\t\t<meta name=\"twitter:title\" content=\"Tecnologia e humaniza\u00e7\u00e3o: Santa Casa Montes Claros inaugura moderno equipamento de resson\u00e2ncia magn\u00e9tica - Portal Grande Norte\" \/>\n\t\t<meta name=\"twitter:description\" content=\"MONTES CLAROS - A Santa Casa Montes Claros celebrou, nesta semana, mais um marco significativo em sua trajet\u00f3ria de inova\u00e7\u00e3o e cuidado com a popula\u00e7\u00e3o do norte de Minas: a entrega de um dos mais modernos equipamento de Resson\u00e2ncia Magn\u00e9tica do Brasil, instalado em um ambiente totalmente humanizado e projetado para oferecer conforto, seguran\u00e7a e\" \/>\n\t\t<meta name=\"twitter:image\" content=\"https:\/\/portalgrandenorte.com.br\/wp-content\/uploads\/2025\/08\/cropped-cropped-Logotipo-Portal-Grande-Norte-5.png\" \/>\n\t\t<script type=\"application\/ld+json\" class=\"aioseo-schema\">\n\t\t\t{\"@context\":\"https:\\\/\\\/schema.org\",\"@graph\":[{\"@type\":\"BlogPosting\",\"@id\":\"https:\\\/\\\/portalgrandenorte.com.br\\\/?p=2116#blogposting\",\"name\":\"Tecnologia e humaniza\\u00e7\\u00e3o: Santa Casa Montes Claros inaugura moderno equipamento de resson\\u00e2ncia magn\\u00e9tica - Portal Grande Norte\",\"headline\":\"Tecnologia e humaniza\\u00e7\\u00e3o: Santa Casa Montes Claros inaugura moderno equipamento de resson\\u00e2ncia magn\\u00e9tica\",\"author\":{\"@id\":\"https:\\\/\\\/portalgrandenorte.com.br\\\/?author=1#author\"},\"publisher\":{\"@id\":\"https:\\\/\\\/portalgrandenorte.com.br\\\/#organization\"},\"image\":{\"@type\":\"ImageObject\",\"url\":\"https:\\\/\\\/portalgrandenorte.com.br\\\/wp-content\\\/uploads\\\/2025\\\/11\\\/reinauguacao-ressonancia-2025-2.jpg\",\"width\":946,\"height\":632,\"caption\":\"Foto: Santa Casa\\\/Divulga\\u00e7\\u00e3o\"},\"datePublished\":\"2025-11-26T21:11:03-03:00\",\"dateModified\":\"2025-11-26T21:11:23-03:00\",\"inLanguage\":\"pt-BR\",\"mainEntityOfPage\":{\"@id\":\"https:\\\/\\\/portalgrandenorte.com.br\\\/?p=2116#webpage\"},\"isPartOf\":{\"@id\":\"https:\\\/\\\/portalgrandenorte.com.br\\\/?p=2116#webpage\"},\"articleSection\":\"Norte de Minas, Sa\\u00fade, Inova\\u00e7\\u00e3o, Resson\\u00e2ncia Magn\\u00e9tica, Santa Casa Montes Claros\"},{\"@type\":\"BreadcrumbList\",\"@id\":\"https:\\\/\\\/portalgrandenorte.com.br\\\/?p=2116#breadcrumblist\",\"itemListElement\":[{\"@type\":\"ListItem\",\"@id\":\"https:\\\/\\\/portalgrandenorte.com.br#listItem\",\"position\":1,\"name\":\"Home\",\"item\":\"https:\\\/\\\/portalgrandenorte.com.br\",\"nextItem\":{\"@type\":\"ListItem\",\"@id\":\"https:\\\/\\\/portalgrandenorte.com.br\\\/?cat=6#listItem\",\"name\":\"Categorias\"}},{\"@type\":\"ListItem\",\"@id\":\"https:\\\/\\\/portalgrandenorte.com.br\\\/?cat=6#listItem\",\"position\":2,\"name\":\"Categorias\",\"item\":\"https:\\\/\\\/portalgrandenorte.com.br\\\/?cat=6\",\"nextItem\":{\"@type\":\"ListItem\",\"@id\":\"https:\\\/\\\/portalgrandenorte.com.br\\\/?cat=8#listItem\",\"name\":\"Sa\\u00fade\"},\"previousItem\":{\"@type\":\"ListItem\",\"@id\":\"https:\\\/\\\/portalgrandenorte.com.br#listItem\",\"name\":\"Home\"}},{\"@type\":\"ListItem\",\"@id\":\"https:\\\/\\\/portalgrandenorte.com.br\\\/?cat=8#listItem\",\"position\":3,\"name\":\"Sa\\u00fade\",\"item\":\"https:\\\/\\\/portalgrandenorte.com.br\\\/?cat=8\",\"nextItem\":{\"@type\":\"ListItem\",\"@id\":\"https:\\\/\\\/portalgrandenorte.com.br\\\/?p=2116#listItem\",\"name\":\"Tecnologia e humaniza\\u00e7\\u00e3o: Santa Casa Montes Claros inaugura moderno equipamento de resson\\u00e2ncia magn\\u00e9tica\"},\"previousItem\":{\"@type\":\"ListItem\",\"@id\":\"https:\\\/\\\/portalgrandenorte.com.br\\\/?cat=6#listItem\",\"name\":\"Categorias\"}},{\"@type\":\"ListItem\",\"@id\":\"https:\\\/\\\/portalgrandenorte.com.br\\\/?p=2116#listItem\",\"position\":4,\"name\":\"Tecnologia e humaniza\\u00e7\\u00e3o: Santa Casa Montes Claros inaugura moderno equipamento de resson\\u00e2ncia magn\\u00e9tica\",\"previousItem\":{\"@type\":\"ListItem\",\"@id\":\"https:\\\/\\\/portalgrandenorte.com.br\\\/?cat=8#listItem\",\"name\":\"Sa\\u00fade\"}}]},{\"@type\":\"Organization\",\"@id\":\"https:\\\/\\\/portalgrandenorte.com.br\\\/#organization\",\"name\":\"Portal Grande Norte\",\"description\":\"O maior portal de not\\u00edcias do Norte de Minas\",\"url\":\"https:\\\/\\\/portalgrandenorte.com.br\\\/\",\"logo\":{\"@type\":\"ImageObject\",\"url\":\"https:\\\/\\\/portalgrandenorte.com.br\\\/wp-content\\\/uploads\\\/2025\\\/08\\\/cropped-cropped-Logotipo-Portal-Grande-Norte-5.png\",\"@id\":\"https:\\\/\\\/portalgrandenorte.com.br\\\/?p=2116\\\/#organizationLogo\",\"width\":500,\"height\":244},\"image\":{\"@id\":\"https:\\\/\\\/portalgrandenorte.com.br\\\/?p=2116\\\/#organizationLogo\"}},{\"@type\":\"Person\",\"@id\":\"https:\\\/\\\/portalgrandenorte.com.br\\\/?author=1#author\",\"url\":\"https:\\\/\\\/portalgrandenorte.com.br\\\/?author=1\",\"name\":\"Portal Grande Norte\",\"image\":{\"@type\":\"ImageObject\",\"@id\":\"https:\\\/\\\/portalgrandenorte.com.br\\\/?p=2116#authorImage\",\"url\":\"https:\\\/\\\/secure.gravatar.com\\\/avatar\\\/f158a5a9dbb2d0e63533b05d8583976740387b7e0d7a969ed14e84a8e1c8308a?s=96&d=mm&r=g\",\"width\":96,\"height\":96,\"caption\":\"Portal Grande Norte\"}},{\"@type\":\"WebPage\",\"@id\":\"https:\\\/\\\/portalgrandenorte.com.br\\\/?p=2116#webpage\",\"url\":\"https:\\\/\\\/portalgrandenorte.com.br\\\/?p=2116\",\"name\":\"Tecnologia e humaniza\\u00e7\\u00e3o: Santa Casa Montes Claros inaugura moderno equipamento de resson\\u00e2ncia magn\\u00e9tica - Portal Grande Norte\",\"description\":\"MONTES CLAROS - A Santa Casa Montes Claros celebrou, nesta semana, mais um marco significativo em sua trajet\\u00f3ria de inova\\u00e7\\u00e3o e cuidado com a popula\\u00e7\\u00e3o do norte de Minas: a entrega de um dos mais modernos equipamento de Resson\\u00e2ncia Magn\\u00e9tica do Brasil, instalado em um ambiente totalmente humanizado e projetado para oferecer conforto, seguran\\u00e7a e\",\"inLanguage\":\"pt-BR\",\"isPartOf\":{\"@id\":\"https:\\\/\\\/portalgrandenorte.com.br\\\/#website\"},\"breadcrumb\":{\"@id\":\"https:\\\/\\\/portalgrandenorte.com.br\\\/?p=2116#breadcrumblist\"},\"author\":{\"@id\":\"https:\\\/\\\/portalgrandenorte.com.br\\\/?author=1#author\"},\"creator\":{\"@id\":\"https:\\\/\\\/portalgrandenorte.com.br\\\/?author=1#author\"},\"image\":{\"@type\":\"ImageObject\",\"url\":\"https:\\\/\\\/portalgrandenorte.com.br\\\/wp-content\\\/uploads\\\/2025\\\/11\\\/reinauguacao-ressonancia-2025-2.jpg\",\"@id\":\"https:\\\/\\\/portalgrandenorte.com.br\\\/?p=2116\\\/#mainImage\",\"width\":946,\"height\":632,\"caption\":\"Foto: Santa Casa\\\/Divulga\\u00e7\\u00e3o\"},\"primaryImageOfPage\":{\"@id\":\"https:\\\/\\\/portalgrandenorte.com.br\\\/?p=2116#mainImage\"},\"datePublished\":\"2025-11-26T21:11:03-03:00\",\"dateModified\":\"2025-11-26T21:11:23-03:00\"},{\"@type\":\"WebSite\",\"@id\":\"https:\\\/\\\/portalgrandenorte.com.br\\\/#website\",\"url\":\"https:\\\/\\\/portalgrandenorte.com.br\\\/\",\"name\":\"Portal Grande Norte\",\"description\":\"O maior portal de not\\u00edcias do Norte de Minas\",\"inLanguage\":\"pt-BR\",\"publisher\":{\"@id\":\"https:\\\/\\\/portalgrandenorte.com.br\\\/#organization\"}}]}\n\t\t<\/script>\n\t\t<!-- All in One SEO -->\n\n","aioseo_head_json":{"title":"Tecnologia e humaniza\u00e7\u00e3o: Santa Casa Montes Claros inaugura moderno equipamento de resson\u00e2ncia magn\u00e9tica - Portal Grande Norte","description":"MONTES CLAROS - A Santa Casa Montes Claros celebrou, nesta semana, mais um marco significativo em sua trajet\u00f3ria de inova\u00e7\u00e3o e cuidado com a popula\u00e7\u00e3o do norte de Minas: a entrega de um dos mais modernos equipamento de Resson\u00e2ncia Magn\u00e9tica do Brasil, instalado em um ambiente totalmente humanizado e projetado para oferecer conforto, seguran\u00e7a e","canonical_url":"https:\/\/portalgrandenorte.com.br\/?p=2116","robots":"max-image-preview:large","keywords":"","webmasterTools":{"miscellaneous":""},"schema":{"@context":"https:\/\/schema.org","@graph":[{"@type":"BlogPosting","@id":"https:\/\/portalgrandenorte.com.br\/?p=2116#blogposting","name":"Tecnologia e humaniza\u00e7\u00e3o: Santa Casa Montes Claros inaugura moderno equipamento de resson\u00e2ncia magn\u00e9tica - Portal Grande Norte","headline":"Tecnologia e humaniza\u00e7\u00e3o: Santa Casa Montes Claros inaugura moderno equipamento de resson\u00e2ncia magn\u00e9tica","author":{"@id":"https:\/\/portalgrandenorte.com.br\/?author=1#author"},"publisher":{"@id":"https:\/\/portalgrandenorte.com.br\/#organization"},"image":{"@type":"ImageObject","url":"https:\/\/portalgrandenorte.com.br\/wp-content\/uploads\/2025\/11\/reinauguacao-ressonancia-2025-2.jpg","width":946,"height":632,"caption":"Foto: Santa Casa\/Divulga\u00e7\u00e3o"},"datePublished":"2025-11-26T21:11:03-03:00","dateModified":"2025-11-26T21:11:23-03:00","inLanguage":"pt-BR","mainEntityOfPage":{"@id":"https:\/\/portalgrandenorte.com.br\/?p=2116#webpage"},"isPartOf":{"@id":"https:\/\/portalgrandenorte.com.br\/?p=2116#webpage"},"articleSection":"Norte de Minas, Sa\u00fade, Inova\u00e7\u00e3o, Resson\u00e2ncia Magn\u00e9tica, Santa Casa Montes Claros"},{"@type":"BreadcrumbList","@id":"https:\/\/portalgrandenorte.com.br\/?p=2116#breadcrumblist","itemListElement":[{"@type":"ListItem","@id":"https:\/\/portalgrandenorte.com.br#listItem","position":1,"name":"Home","item":"https:\/\/portalgrandenorte.com.br","nextItem":{"@type":"ListItem","@id":"https:\/\/portalgrandenorte.com.br\/?cat=6#listItem","name":"Categorias"}},{"@type":"ListItem","@id":"https:\/\/portalgrandenorte.com.br\/?cat=6#listItem","position":2,"name":"Categorias","item":"https:\/\/portalgrandenorte.com.br\/?cat=6","nextItem":{"@type":"ListItem","@id":"https:\/\/portalgrandenorte.com.br\/?cat=8#listItem","name":"Sa\u00fade"},"previousItem":{"@type":"ListItem","@id":"https:\/\/portalgrandenorte.com.br#listItem","name":"Home"}},{"@type":"ListItem","@id":"https:\/\/portalgrandenorte.com.br\/?cat=8#listItem","position":3,"name":"Sa\u00fade","item":"https:\/\/portalgrandenorte.com.br\/?cat=8","nextItem":{"@type":"ListItem","@id":"https:\/\/portalgrandenorte.com.br\/?p=2116#listItem","name":"Tecnologia e humaniza\u00e7\u00e3o: Santa Casa Montes Claros inaugura moderno equipamento de resson\u00e2ncia magn\u00e9tica"},"previousItem":{"@type":"ListItem","@id":"https:\/\/portalgrandenorte.com.br\/?cat=6#listItem","name":"Categorias"}},{"@type":"ListItem","@id":"https:\/\/portalgrandenorte.com.br\/?p=2116#listItem","position":4,"name":"Tecnologia e humaniza\u00e7\u00e3o: Santa Casa Montes Claros inaugura moderno equipamento de resson\u00e2ncia magn\u00e9tica","previousItem":{"@type":"ListItem","@id":"https:\/\/portalgrandenorte.com.br\/?cat=8#listItem","name":"Sa\u00fade"}}]},{"@type":"Organization","@id":"https:\/\/portalgrandenorte.com.br\/#organization","name":"Portal Grande Norte","description":"O maior portal de not\u00edcias do Norte de Minas","url":"https:\/\/portalgrandenorte.com.br\/","logo":{"@type":"ImageObject","url":"https:\/\/portalgrandenorte.com.br\/wp-content\/uploads\/2025\/08\/cropped-cropped-Logotipo-Portal-Grande-Norte-5.png","@id":"https:\/\/portalgrandenorte.com.br\/?p=2116\/#organizationLogo","width":500,"height":244},"image":{"@id":"https:\/\/portalgrandenorte.com.br\/?p=2116\/#organizationLogo"}},{"@type":"Person","@id":"https:\/\/portalgrandenorte.com.br\/?author=1#author","url":"https:\/\/portalgrandenorte.com.br\/?author=1","name":"Portal Grande Norte","image":{"@type":"ImageObject","@id":"https:\/\/portalgrandenorte.com.br\/?p=2116#authorImage","url":"https:\/\/secure.gravatar.com\/avatar\/f158a5a9dbb2d0e63533b05d8583976740387b7e0d7a969ed14e84a8e1c8308a?s=96&d=mm&r=g","width":96,"height":96,"caption":"Portal Grande Norte"}},{"@type":"WebPage","@id":"https:\/\/portalgrandenorte.com.br\/?p=2116#webpage","url":"https:\/\/portalgrandenorte.com.br\/?p=2116","name":"Tecnologia e humaniza\u00e7\u00e3o: Santa Casa Montes Claros inaugura moderno equipamento de resson\u00e2ncia magn\u00e9tica - Portal Grande Norte","description":"MONTES CLAROS - A Santa Casa Montes Claros celebrou, nesta semana, mais um marco significativo em sua trajet\u00f3ria de inova\u00e7\u00e3o e cuidado com a popula\u00e7\u00e3o do norte de Minas: a entrega de um dos mais modernos equipamento de Resson\u00e2ncia Magn\u00e9tica do Brasil, instalado em um ambiente totalmente humanizado e projetado para oferecer conforto, seguran\u00e7a e","inLanguage":"pt-BR","isPartOf":{"@id":"https:\/\/portalgrandenorte.com.br\/#website"},"breadcrumb":{"@id":"https:\/\/portalgrandenorte.com.br\/?p=2116#breadcrumblist"},"author":{"@id":"https:\/\/portalgrandenorte.com.br\/?author=1#author"},"creator":{"@id":"https:\/\/portalgrandenorte.com.br\/?author=1#author"},"image":{"@type":"ImageObject","url":"https:\/\/portalgrandenorte.com.br\/wp-content\/uploads\/2025\/11\/reinauguacao-ressonancia-2025-2.jpg","@id":"https:\/\/portalgrandenorte.com.br\/?p=2116\/#mainImage","width":946,"height":632,"caption":"Foto: Santa Casa\/Divulga\u00e7\u00e3o"},"primaryImageOfPage":{"@id":"https:\/\/portalgrandenorte.com.br\/?p=2116#mainImage"},"datePublished":"2025-11-26T21:11:03-03:00","dateModified":"2025-11-26T21:11:23-03:00"},{"@type":"WebSite","@id":"https:\/\/portalgrandenorte.com.br\/#website","url":"https:\/\/portalgrandenorte.com.br\/","name":"Portal Grande Norte","description":"O maior portal de not\u00edcias do Norte de Minas","inLanguage":"pt-BR","publisher":{"@id":"https:\/\/portalgrandenorte.com.br\/#organization"}}]},"og:locale":"pt_BR","og:site_name":"Portal Grande Norte - O maior portal de not\u00edcias do Norte de Minas","og:type":"article","og:title":"Tecnologia e humaniza\u00e7\u00e3o: Santa Casa Montes Claros inaugura moderno equipamento de resson\u00e2ncia magn\u00e9tica - Portal Grande Norte","og:description":"MONTES CLAROS - A Santa Casa Montes Claros celebrou, nesta semana, mais um marco significativo em sua trajet\u00f3ria de inova\u00e7\u00e3o e cuidado com a popula\u00e7\u00e3o do norte de Minas: a entrega de um dos mais modernos equipamento de Resson\u00e2ncia Magn\u00e9tica do Brasil, instalado em um ambiente totalmente humanizado e projetado para oferecer conforto, seguran\u00e7a e","og:url":"https:\/\/portalgrandenorte.com.br\/?p=2116","og:image":"https:\/\/portalgrandenorte.com.br\/wp-content\/uploads\/2025\/08\/cropped-cropped-Logotipo-Portal-Grande-Norte-5.png","og:image:secure_url":"https:\/\/portalgrandenorte.com.br\/wp-content\/uploads\/2025\/08\/cropped-cropped-Logotipo-Portal-Grande-Norte-5.png","article:published_time":"2025-11-27T00:11:03+00:00","article:modified_time":"2025-11-27T00:11:23+00:00","twitter:card":"summary_large_image","twitter:title":"Tecnologia e humaniza\u00e7\u00e3o: Santa Casa Montes Claros inaugura moderno equipamento de resson\u00e2ncia magn\u00e9tica - Portal Grande Norte","twitter:description":"MONTES CLAROS - A Santa Casa Montes Claros celebrou, nesta semana, mais um marco significativo em sua trajet\u00f3ria de inova\u00e7\u00e3o e cuidado com a popula\u00e7\u00e3o do norte de Minas: a entrega de um dos mais modernos equipamento de Resson\u00e2ncia Magn\u00e9tica do Brasil, instalado em um ambiente totalmente humanizado e projetado para oferecer conforto, seguran\u00e7a e","twitter:image":"https:\/\/portalgrandenorte.com.br\/wp-content\/uploads\/2025\/08\/cropped-cropped-Logotipo-Portal-Grande-Norte-5.png"},"aioseo_meta_data":{"post_id":"2116","title":null,"description":null,"keywords":null,"keyphrases":null,"primary_term":null,"canonical_url":null,"og_title":null,"og_description":null,"og_object_type":"default","og_image_type":"default","og_image_custom_url":null,"og_image_custom_fields":null,"og_image_url":null,"og_image_width":null,"og_image_height":null,"og_video":null,"og_custom_url":null,"og_article_section":null,"og_article_tags":null,"twitter_use_og":true,"twitter_card":"default","twitter_image_type":"default","twitter_image_custom_url":null,"twitter_image_custom_fields":null,"twitter_image_url":null,"twitter_title":null,"twitter_description":null,"schema_type":"default","schema_type_options":null,"schema":{"blockGraphs":[],"customGraphs":[],"default":{"data":{"Article":[],"Course":[],"Dataset":[],"FAQPage":[],"Movie":[],"Person":[],"Product":[],"ProductReview":[],"Car":[],"Recipe":[],"Service":[],"SoftwareApplication":[],"WebPage":[]},"graphName":"","isEnabled":true},"graphs":[]},"pillar_content":false,"robots_default":true,"robots_noindex":false,"robots_noarchive":false,"robots_nosnippet":false,"robots_nofollow":false,"robots_noimageindex":false,"robots_noodp":false,"robots_notranslate":false,"robots_max_snippet":null,"robots_max_videopreview":null,"robots_max_imagepreview":"large","priority":null,"frequency":null,"local_seo":null,"limit_modified_date":false,"ai":null,"breadcrumb_settings":null,"seo_analyzer_scan_date":null,"created":"2026-07-27 16:01:51","updated":"2026-07-27 16:01:51","focus_keyword":null,"additional_keywords":null,"truseo_locale":null},"aioseo_breadcrumb":"<div class=\"aioseo-breadcrumbs\"><span class=\"aioseo-breadcrumb\">\n\t\t\t<a href=\"https:\/\/portalgrandenorte.com.br\" title=\"Home\">Home<\/a>\n\t\t<\/span><span class=\"aioseo-breadcrumb-separator\">&raquo;<\/span><span class=\"aioseo-breadcrumb\">\n\t\t\t<a href=\"https:\/\/portalgrandenorte.com.br\/?cat=6\" title=\"Categorias\">Categorias<\/a>\n\t\t<\/span><span class=\"aioseo-breadcrumb-separator\">&raquo;<\/span><span class=\"aioseo-breadcrumb\">\n\t\t\t<a href=\"https:\/\/portalgrandenorte.com.br\/?cat=8\" title=\"Sa\u00fade\">Sa\u00fade<\/a>\n\t\t<\/span><span class=\"aioseo-breadcrumb-separator\">&raquo;<\/span><span class=\"aioseo-breadcrumb\">\n\t\t\tTecnologia e humaniza\u00e7\u00e3o: Santa Casa Montes Claros inaugura moderno equipamento de resson\u00e2ncia magn\u00e9tica\n\t\t<\/span><\/div>","aioseo_breadcrumb_json":[{"label":"Home","link":"https:\/\/portalgrandenorte.com.br"},{"label":"Categorias","link":"https:\/\/portalgrandenorte.com.br\/?cat=6"},{"label":"Sa\u00fade","link":"https:\/\/portalgrandenorte.com.br\/?cat=8"},{"label":"Tecnologia e humaniza\u00e7\u00e3o: Santa Casa Montes Claros inaugura moderno equipamento de resson\u00e2ncia magn\u00e9tica","link":"https:\/\/portalgrandenorte.com.br\/?p=2116"}],"_links":{"self":[{"href":"https:\/\/portalgrandenorte.com.br\/index.php?rest_route=\/wp\/v2\/posts\/2116","targetHints":{"allow":["GET"]}}],"collection":[{"href":"https:\/\/portalgrandenorte.com.br\/index.php?rest_route=\/wp\/v2\/posts"}],"about":[{"href":"https:\/\/portalgrandenorte.com.br\/index.php?rest_route=\/wp\/v2\/types\/post"}],"author":[{"embeddable":true,"href":"https:\/\/portalgrandenorte.com.br\/index.php?rest_route=\/wp\/v2\/users\/1"}],"replies":[{"embeddable":true,"href":"https:\/\/portalgrandenorte.com.br\/index.php?rest_route=%2Fwp%2Fv2%2Fcomments&post=2116"}],"version-history":[{"count":2,"href":"https:\/\/portalgrandenorte.com.br\/index.php?rest_route=\/wp\/v2\/posts\/2116\/revisions"}],"predecessor-version":[{"id":2119,"href":"https:\/\/portalgrandenorte.com.br\/index.php?rest_route=\/wp\/v2\/posts\/2116\/revisions\/2119"}],"wp:featuredmedia":[{"embeddable":true,"href":"https:\/\/portalgrandenorte.com.br\/index.php?rest_route=\/wp\/v2\/media\/2117"}],"wp:attachment":[{"href":"https:\/\/portalgrandenorte.com.br\/index.php?rest_route=%2Fwp%2Fv2%2Fmedia&parent=2116"}],"wp:term":[{"taxonomy":"category","embeddable":true,"href":"https:\/\/portalgrandenorte.com.br\/index.php?rest_route=%2Fwp%2Fv2%2Fcategories&post=2116"},{"taxonomy":"post_tag","embeddable":true,"href":"https:\/\/portalgrandenorte.com.br\/index.php?rest_route=%2Fwp%2Fv2%2Ftags&post=2116"}],"curies":[{"name":"wp","href":"https:\/\/api.w.org\/{rel}","templated":true}]}}