{"id":1825,"date":"2025-10-07T09:55:38","date_gmt":"2025-10-07T12:55:38","guid":{"rendered":"https:\/\/portalgrandenorte.com.br\/?p=1825"},"modified":"2025-10-08T12:06:57","modified_gmt":"2025-10-08T15:06:57","slug":"inss-leva-educacao-previdenciaria-ao-vale-do-jequitinhonha","status":"publish","type":"post","link":"https:\/\/portalgrandenorte.com.br\/?p=1825","title":{"rendered":"INSS leva educa\u00e7\u00e3o previdenci\u00e1ria ao Vale do Jequitinhonha"},"content":{"rendered":"<h2 class=\"documentDescription\">Atendimentos foram realizados de 7 a 9 de outubro nos munic\u00edpios de Jos\u00e9 Gon\u00e7alves de Minas, Leme do Prado e Veredinha, com foco em orienta\u00e7\u00e3o sobre benef\u00edcios e direitos previdenci\u00e1rios<\/h2>\n<div>\n<figure id=\"attachment_1826\" aria-describedby=\"caption-attachment-1826\" style=\"width: 848px\" class=\"wp-caption alignnone\"><img fetchpriority=\"high\" decoding=\"async\" class=\" wp-image-1826\" src=\"https:\/\/portalgrandenorte.com.br\/wp-content\/uploads\/2025\/10\/INSS-300x200.jpeg\" alt=\"\" width=\"848\" height=\"565\" srcset=\"https:\/\/portalgrandenorte.com.br\/wp-content\/uploads\/2025\/10\/INSS-300x200.jpeg 300w, https:\/\/portalgrandenorte.com.br\/wp-content\/uploads\/2025\/10\/INSS-150x100.jpeg 150w, https:\/\/portalgrandenorte.com.br\/wp-content\/uploads\/2025\/10\/INSS-330x220.jpeg 330w, https:\/\/portalgrandenorte.com.br\/wp-content\/uploads\/2025\/10\/INSS-420x280.jpeg 420w, https:\/\/portalgrandenorte.com.br\/wp-content\/uploads\/2025\/10\/INSS-510x340.jpeg 510w, https:\/\/portalgrandenorte.com.br\/wp-content\/uploads\/2025\/10\/INSS.jpeg 768w\" sizes=\"(max-width: 848px) 100vw, 848px\" \/><figcaption id=\"caption-attachment-1826\" class=\"wp-caption-text\">INSS participa de a\u00e7\u00e3o conjunta com Minist\u00e9rio P\u00fablico, em Esmeraldas (MG) &#8211; Foto: Nilmara Pereira.<\/figcaption><\/figure>\n<\/div>\n<div>\n<p>Nesta semana, os moradores dos munic\u00edpios de <a href=\"https:\/\/portalgrandenorte.com.br\/?cat=16\">Jos\u00e9 Gon\u00e7alves de Minas, Leme do Prado e Veredinha<\/a> receber\u00e3o atendimentos presenciais do Instituto Nacional do Seguro Social (INSS), por meio do Programa de Educa\u00e7\u00e3o Previdenci\u00e1ria (PEP). A a\u00e7\u00e3o faz parte do projeto Minist\u00e9rio P\u00fablico Itinerante, promovido pelo Minist\u00e9rio P\u00fablico de Minas Gerais (MPMG).<\/p>\n<p>A a\u00e7\u00e3o ter\u00e1 in\u00edcio nesta ter\u00e7a-feira (7), em Jos\u00e9 Gon\u00e7alves de Minas, cidade com 3.969 habitantes. Em seguida, na quarta-feira (8), o evento ocorrer\u00e1 no munic\u00edpio de Leme do Prado, que conta com 4.341 habitantes. E na quinta-feira (9), o MP Itinerante chega a Veredinha, com uma popula\u00e7\u00e3o de 5.181 habitantes.<\/p>\n<p>A gerente da Ag\u00eancia do INSS de Minas Novas (MG), Viviane de Oliveira Santos Rodrigues, ser\u00e1 respons\u00e1vel por prestar orienta\u00e7\u00f5es sobre benef\u00edcios previdenci\u00e1rios, al\u00e9m de realizar servi\u00e7os como consultas de andamento de processos e requerimentos de benef\u00edcios.<\/p>\n<p><strong>MP Itinerante<\/strong><\/p>\n<p>Desde 2010, o MP Itinerante, por meio de parcerias, se desloca para munic\u00edpios de pequeno porte em Minas Gerais, realizando atendimentos jur\u00eddicos, orienta\u00e7\u00f5es, palestras, rodas de conversa e presta\u00e7\u00e3o de servi\u00e7os, dentre eles o de educa\u00e7\u00e3o previdenci\u00e1ria. Al\u00e9m do INSS, o projeto conta com o apoio de diversos \u00f3rg\u00e3os p\u00fablicos, como o Tribunal de Justi\u00e7a de Minas Gerais (TJMG), Sindicato dos Oficiais de Registro Civil de Minas Gerais (Recivil), Ouvidoria do Minist\u00e9rio P\u00fablico, Ouvidoria da Mulher, Defensoria P\u00fablica, Correios, Tribunal Regional Eleitoral, OAB, prefeituras municipais, Pol\u00edcias Civil, Militar e Ambiental, Companhia Energ\u00e9tica de Minas Gerais (Cemig) e Companhia de Saneamento de Minas Gerais (Copasa), entre outros parceiros.<\/p>\n<\/div>\n","protected":false},"excerpt":{"rendered":"<p>Atendimentos foram realizados de 7 a 9 de outubro nos munic\u00edpios de Jos\u00e9 Gon\u00e7alves de Minas, Leme do Prado e Veredinha, com foco em orienta\u00e7\u00e3o sobre benef\u00edcios e direitos previdenci\u00e1rios Nesta semana, os moradores dos munic\u00edpios de Jos\u00e9 Gon\u00e7alves de Minas, Leme do Prado e Veredinha receber\u00e3o atendimentos presenciais do Instituto Nacional do Seguro Social (INSS), por meio do Programa de Educa\u00e7\u00e3o Previdenci\u00e1ria (PEP). A a\u00e7\u00e3o faz parte do projeto Minist\u00e9rio P\u00fablico Itinerante, promovido pelo Minist\u00e9rio P\u00fablico de Minas Gerais (MPMG). A a\u00e7\u00e3o ter\u00e1 in\u00edcio nesta ter\u00e7a-feira (7), em Jos\u00e9 Gon\u00e7alves de Minas, cidade com 3.969 habitantes. Em seguida, na quarta-feira (8), o evento ocorrer\u00e1 no munic\u00edpio de Leme do Prado, que conta com 4.341 habitantes. E na quinta-feira (9), o MP Itinerante chega a Veredinha, com uma popula\u00e7\u00e3o de 5.181 habitantes. A gerente da Ag\u00eancia do INSS de Minas Novas (MG), Viviane de Oliveira Santos Rodrigues, ser\u00e1 respons\u00e1vel por prestar orienta\u00e7\u00f5es sobre benef\u00edcios previdenci\u00e1rios, al\u00e9m de realizar servi\u00e7os como consultas de andamento de processos e requerimentos de benef\u00edcios. MP Itinerante Desde 2010, o MP Itinerante, por meio de parcerias, se desloca para munic\u00edpios de pequeno porte em Minas Gerais, realizando atendimentos jur\u00eddicos, orienta\u00e7\u00f5es, palestras, rodas de conversa e presta\u00e7\u00e3o de servi\u00e7os, dentre eles o de educa\u00e7\u00e3o previdenci\u00e1ria. Al\u00e9m do INSS, o projeto conta com o apoio de diversos \u00f3rg\u00e3os p\u00fablicos, como o Tribunal de Justi\u00e7a de Minas Gerais (TJMG), Sindicato dos Oficiais de Registro Civil de Minas Gerais (Recivil), Ouvidoria do Minist\u00e9rio P\u00fablico, Ouvidoria da Mulher, Defensoria P\u00fablica, Correios, Tribunal Regional Eleitoral, OAB, prefeituras municipais, Pol\u00edcias Civil, Militar e Ambiental, Companhia Energ\u00e9tica de Minas Gerais (Cemig) e Companhia de Saneamento de Minas Gerais (Copasa), entre outros parceiros.<\/p>\n","protected":false},"author":1,"featured_media":1826,"comment_status":"open","ping_status":"open","sticky":false,"template":"","format":"standard","meta":{"_monsterinsights_skip_tracking":false,"footnotes":""},"categories":[340,16],"tags":[457,27,211,323],"class_list":["post-1825","post","type-post","status-publish","format-standard","has-post-thumbnail","hentry","category-oportunidade","category-vale-do-jequitinhonha","tag-inss","tag-minas-gerais","tag-oportunidade","tag-vale-do-jequitinhonha"],"aioseo_notices":[],"aioseo_head":"\n\t\t<!-- All in One SEO 5.0.1.1 - aioseo.com -->\n\t<meta name=\"description\" content=\"Atendimentos foram realizados de 7 a 9 de outubro nos munic\u00edpios de Jos\u00e9 Gon\u00e7alves de Minas, Leme do Prado e Veredinha, com foco em orienta\u00e7\u00e3o sobre benef\u00edcios e direitos previdenci\u00e1rios Nesta semana, os moradores dos munic\u00edpios de Jos\u00e9 Gon\u00e7alves de Minas, Leme do Prado e Veredinha receber\u00e3o atendimentos presenciais do Instituto Nacional do Seguro Social\" \/>\n\t<meta name=\"robots\" content=\"max-image-preview:large\" \/>\n\t<meta name=\"author\" content=\"Portal Grande Norte\"\/>\n\t<link rel=\"canonical\" href=\"https:\/\/portalgrandenorte.com.br\/?p=1825\" \/>\n\t<meta name=\"generator\" content=\"All in One SEO (AIOSEO) 5.0.1.1\" \/>\n\t\t<meta property=\"og:locale\" content=\"pt_BR\" \/>\n\t\t<meta property=\"og:site_name\" content=\"Portal Grande Norte - O maior portal de not\u00edcias do Norte de Minas\" \/>\n\t\t<meta property=\"og:type\" content=\"article\" \/>\n\t\t<meta property=\"og:title\" content=\"INSS leva educa\u00e7\u00e3o previdenci\u00e1ria ao Vale do Jequitinhonha - Portal Grande Norte\" \/>\n\t\t<meta property=\"og:description\" content=\"Atendimentos foram realizados de 7 a 9 de outubro nos munic\u00edpios de Jos\u00e9 Gon\u00e7alves de Minas, Leme do Prado e Veredinha, com foco em orienta\u00e7\u00e3o sobre benef\u00edcios e direitos previdenci\u00e1rios Nesta semana, os moradores dos munic\u00edpios de Jos\u00e9 Gon\u00e7alves de Minas, Leme do Prado e Veredinha receber\u00e3o atendimentos presenciais do Instituto Nacional do Seguro Social\" \/>\n\t\t<meta property=\"og:url\" content=\"https:\/\/portalgrandenorte.com.br\/?p=1825\" \/>\n\t\t<meta property=\"og:image\" content=\"https:\/\/portalgrandenorte.com.br\/wp-content\/uploads\/2025\/08\/cropped-cropped-Logotipo-Portal-Grande-Norte-5.png\" \/>\n\t\t<meta property=\"og:image:secure_url\" content=\"https:\/\/portalgrandenorte.com.br\/wp-content\/uploads\/2025\/08\/cropped-cropped-Logotipo-Portal-Grande-Norte-5.png\" \/>\n\t\t<meta property=\"article:published_time\" content=\"2025-10-07T12:55:38+00:00\" \/>\n\t\t<meta property=\"article:modified_time\" content=\"2025-10-08T15:06:57+00:00\" \/>\n\t\t<meta name=\"twitter:card\" content=\"summary_large_image\" \/>\n\t\t<meta name=\"twitter:title\" content=\"INSS leva educa\u00e7\u00e3o previdenci\u00e1ria ao Vale do Jequitinhonha - Portal Grande Norte\" \/>\n\t\t<meta name=\"twitter:description\" content=\"Atendimentos foram realizados de 7 a 9 de outubro nos munic\u00edpios de Jos\u00e9 Gon\u00e7alves de Minas, Leme do Prado e Veredinha, com foco em orienta\u00e7\u00e3o sobre benef\u00edcios e direitos previdenci\u00e1rios Nesta semana, os moradores dos munic\u00edpios de Jos\u00e9 Gon\u00e7alves de Minas, Leme do Prado e Veredinha receber\u00e3o atendimentos presenciais do Instituto Nacional do Seguro Social\" \/>\n\t\t<meta name=\"twitter:image\" content=\"https:\/\/portalgrandenorte.com.br\/wp-content\/uploads\/2025\/08\/cropped-cropped-Logotipo-Portal-Grande-Norte-5.png\" \/>\n\t\t<script type=\"application\/ld+json\" class=\"aioseo-schema\">\n\t\t\t{\"@context\":\"https:\\\/\\\/schema.org\",\"@graph\":[{\"@type\":\"BlogPosting\",\"@id\":\"https:\\\/\\\/portalgrandenorte.com.br\\\/?p=1825#blogposting\",\"name\":\"INSS leva educa\\u00e7\\u00e3o previdenci\\u00e1ria ao Vale do Jequitinhonha - Portal Grande Norte\",\"headline\":\"INSS leva educa\\u00e7\\u00e3o previdenci\\u00e1ria ao Vale do Jequitinhonha\",\"author\":{\"@id\":\"https:\\\/\\\/portalgrandenorte.com.br\\\/?author=1#author\"},\"publisher\":{\"@id\":\"https:\\\/\\\/portalgrandenorte.com.br\\\/#organization\"},\"image\":{\"@type\":\"ImageObject\",\"url\":\"https:\\\/\\\/portalgrandenorte.com.br\\\/wp-content\\\/uploads\\\/2025\\\/10\\\/INSS.jpeg\",\"width\":768,\"height\":512,\"caption\":\"INSS participa de a\\u00e7\\u00e3o conjunta com Minist\\u00e9rio P\\u00fablico, em Esmeraldas (MG) - Foto: Nilmara Pereira.\"},\"datePublished\":\"2025-10-07T09:55:38-03:00\",\"dateModified\":\"2025-10-08T12:06:57-03:00\",\"inLanguage\":\"pt-BR\",\"mainEntityOfPage\":{\"@id\":\"https:\\\/\\\/portalgrandenorte.com.br\\\/?p=1825#webpage\"},\"isPartOf\":{\"@id\":\"https:\\\/\\\/portalgrandenorte.com.br\\\/?p=1825#webpage\"},\"articleSection\":\"Oportunidade, Vale do Jequitinhonha, INSS, Minas Gerais, Oportunidade, Vale do Jequitinhonha\"},{\"@type\":\"BreadcrumbList\",\"@id\":\"https:\\\/\\\/portalgrandenorte.com.br\\\/?p=1825#breadcrumblist\",\"itemListElement\":[{\"@type\":\"ListItem\",\"@id\":\"https:\\\/\\\/portalgrandenorte.com.br#listItem\",\"position\":1,\"name\":\"Home\",\"item\":\"https:\\\/\\\/portalgrandenorte.com.br\",\"nextItem\":{\"@type\":\"ListItem\",\"@id\":\"https:\\\/\\\/portalgrandenorte.com.br\\\/?cat=6#listItem\",\"name\":\"Categorias\"}},{\"@type\":\"ListItem\",\"@id\":\"https:\\\/\\\/portalgrandenorte.com.br\\\/?cat=6#listItem\",\"position\":2,\"name\":\"Categorias\",\"item\":\"https:\\\/\\\/portalgrandenorte.com.br\\\/?cat=6\",\"nextItem\":{\"@type\":\"ListItem\",\"@id\":\"https:\\\/\\\/portalgrandenorte.com.br\\\/?cat=340#listItem\",\"name\":\"Oportunidade\"},\"previousItem\":{\"@type\":\"ListItem\",\"@id\":\"https:\\\/\\\/portalgrandenorte.com.br#listItem\",\"name\":\"Home\"}},{\"@type\":\"ListItem\",\"@id\":\"https:\\\/\\\/portalgrandenorte.com.br\\\/?cat=340#listItem\",\"position\":3,\"name\":\"Oportunidade\",\"item\":\"https:\\\/\\\/portalgrandenorte.com.br\\\/?cat=340\",\"nextItem\":{\"@type\":\"ListItem\",\"@id\":\"https:\\\/\\\/portalgrandenorte.com.br\\\/?p=1825#listItem\",\"name\":\"INSS leva educa\\u00e7\\u00e3o previdenci\\u00e1ria ao Vale do Jequitinhonha\"},\"previousItem\":{\"@type\":\"ListItem\",\"@id\":\"https:\\\/\\\/portalgrandenorte.com.br\\\/?cat=6#listItem\",\"name\":\"Categorias\"}},{\"@type\":\"ListItem\",\"@id\":\"https:\\\/\\\/portalgrandenorte.com.br\\\/?p=1825#listItem\",\"position\":4,\"name\":\"INSS leva educa\\u00e7\\u00e3o previdenci\\u00e1ria ao Vale do Jequitinhonha\",\"previousItem\":{\"@type\":\"ListItem\",\"@id\":\"https:\\\/\\\/portalgrandenorte.com.br\\\/?cat=340#listItem\",\"name\":\"Oportunidade\"}}]},{\"@type\":\"Organization\",\"@id\":\"https:\\\/\\\/portalgrandenorte.com.br\\\/#organization\",\"name\":\"Portal Grande Norte\",\"description\":\"O maior portal de not\\u00edcias do Norte de Minas\",\"url\":\"https:\\\/\\\/portalgrandenorte.com.br\\\/\",\"logo\":{\"@type\":\"ImageObject\",\"url\":\"https:\\\/\\\/portalgrandenorte.com.br\\\/wp-content\\\/uploads\\\/2025\\\/08\\\/cropped-cropped-Logotipo-Portal-Grande-Norte-5.png\",\"@id\":\"https:\\\/\\\/portalgrandenorte.com.br\\\/?p=1825\\\/#organizationLogo\",\"width\":500,\"height\":244},\"image\":{\"@id\":\"https:\\\/\\\/portalgrandenorte.com.br\\\/?p=1825\\\/#organizationLogo\"}},{\"@type\":\"Person\",\"@id\":\"https:\\\/\\\/portalgrandenorte.com.br\\\/?author=1#author\",\"url\":\"https:\\\/\\\/portalgrandenorte.com.br\\\/?author=1\",\"name\":\"Portal Grande Norte\",\"image\":{\"@type\":\"ImageObject\",\"@id\":\"https:\\\/\\\/portalgrandenorte.com.br\\\/?p=1825#authorImage\",\"url\":\"https:\\\/\\\/secure.gravatar.com\\\/avatar\\\/f158a5a9dbb2d0e63533b05d8583976740387b7e0d7a969ed14e84a8e1c8308a?s=96&d=mm&r=g\",\"width\":96,\"height\":96,\"caption\":\"Portal Grande Norte\"}},{\"@type\":\"WebPage\",\"@id\":\"https:\\\/\\\/portalgrandenorte.com.br\\\/?p=1825#webpage\",\"url\":\"https:\\\/\\\/portalgrandenorte.com.br\\\/?p=1825\",\"name\":\"INSS leva educa\\u00e7\\u00e3o previdenci\\u00e1ria ao Vale do Jequitinhonha - Portal Grande Norte\",\"description\":\"Atendimentos foram realizados de 7 a 9 de outubro nos munic\\u00edpios de Jos\\u00e9 Gon\\u00e7alves de Minas, Leme do Prado e Veredinha, com foco em orienta\\u00e7\\u00e3o sobre benef\\u00edcios e direitos previdenci\\u00e1rios Nesta semana, os moradores dos munic\\u00edpios de Jos\\u00e9 Gon\\u00e7alves de Minas, Leme do Prado e Veredinha receber\\u00e3o atendimentos presenciais do Instituto Nacional do Seguro Social\",\"inLanguage\":\"pt-BR\",\"isPartOf\":{\"@id\":\"https:\\\/\\\/portalgrandenorte.com.br\\\/#website\"},\"breadcrumb\":{\"@id\":\"https:\\\/\\\/portalgrandenorte.com.br\\\/?p=1825#breadcrumblist\"},\"author\":{\"@id\":\"https:\\\/\\\/portalgrandenorte.com.br\\\/?author=1#author\"},\"creator\":{\"@id\":\"https:\\\/\\\/portalgrandenorte.com.br\\\/?author=1#author\"},\"image\":{\"@type\":\"ImageObject\",\"url\":\"https:\\\/\\\/portalgrandenorte.com.br\\\/wp-content\\\/uploads\\\/2025\\\/10\\\/INSS.jpeg\",\"@id\":\"https:\\\/\\\/portalgrandenorte.com.br\\\/?p=1825\\\/#mainImage\",\"width\":768,\"height\":512,\"caption\":\"INSS participa de a\\u00e7\\u00e3o conjunta com Minist\\u00e9rio P\\u00fablico, em Esmeraldas (MG) - Foto: Nilmara Pereira.\"},\"primaryImageOfPage\":{\"@id\":\"https:\\\/\\\/portalgrandenorte.com.br\\\/?p=1825#mainImage\"},\"datePublished\":\"2025-10-07T09:55:38-03:00\",\"dateModified\":\"2025-10-08T12:06:57-03:00\"},{\"@type\":\"WebSite\",\"@id\":\"https:\\\/\\\/portalgrandenorte.com.br\\\/#website\",\"url\":\"https:\\\/\\\/portalgrandenorte.com.br\\\/\",\"name\":\"Portal Grande Norte\",\"description\":\"O maior portal de not\\u00edcias do Norte de Minas\",\"inLanguage\":\"pt-BR\",\"publisher\":{\"@id\":\"https:\\\/\\\/portalgrandenorte.com.br\\\/#organization\"}}]}\n\t\t<\/script>\n\t\t<!-- All in One SEO -->\n\n","aioseo_head_json":{"title":"INSS leva educa\u00e7\u00e3o previdenci\u00e1ria ao Vale do Jequitinhonha - Portal Grande Norte","description":"Atendimentos foram realizados de 7 a 9 de outubro nos munic\u00edpios de Jos\u00e9 Gon\u00e7alves de Minas, Leme do Prado e Veredinha, com foco em orienta\u00e7\u00e3o sobre benef\u00edcios e direitos previdenci\u00e1rios Nesta semana, os moradores dos munic\u00edpios de Jos\u00e9 Gon\u00e7alves de Minas, Leme do Prado e Veredinha receber\u00e3o atendimentos presenciais do Instituto Nacional do Seguro Social","canonical_url":"https:\/\/portalgrandenorte.com.br\/?p=1825","robots":"max-image-preview:large","keywords":"","webmasterTools":{"miscellaneous":""},"schema":{"@context":"https:\/\/schema.org","@graph":[{"@type":"BlogPosting","@id":"https:\/\/portalgrandenorte.com.br\/?p=1825#blogposting","name":"INSS leva educa\u00e7\u00e3o previdenci\u00e1ria ao Vale do Jequitinhonha - Portal Grande Norte","headline":"INSS leva educa\u00e7\u00e3o previdenci\u00e1ria ao Vale do Jequitinhonha","author":{"@id":"https:\/\/portalgrandenorte.com.br\/?author=1#author"},"publisher":{"@id":"https:\/\/portalgrandenorte.com.br\/#organization"},"image":{"@type":"ImageObject","url":"https:\/\/portalgrandenorte.com.br\/wp-content\/uploads\/2025\/10\/INSS.jpeg","width":768,"height":512,"caption":"INSS participa de a\u00e7\u00e3o conjunta com Minist\u00e9rio P\u00fablico, em Esmeraldas (MG) - Foto: Nilmara Pereira."},"datePublished":"2025-10-07T09:55:38-03:00","dateModified":"2025-10-08T12:06:57-03:00","inLanguage":"pt-BR","mainEntityOfPage":{"@id":"https:\/\/portalgrandenorte.com.br\/?p=1825#webpage"},"isPartOf":{"@id":"https:\/\/portalgrandenorte.com.br\/?p=1825#webpage"},"articleSection":"Oportunidade, Vale do Jequitinhonha, INSS, Minas Gerais, Oportunidade, Vale do Jequitinhonha"},{"@type":"BreadcrumbList","@id":"https:\/\/portalgrandenorte.com.br\/?p=1825#breadcrumblist","itemListElement":[{"@type":"ListItem","@id":"https:\/\/portalgrandenorte.com.br#listItem","position":1,"name":"Home","item":"https:\/\/portalgrandenorte.com.br","nextItem":{"@type":"ListItem","@id":"https:\/\/portalgrandenorte.com.br\/?cat=6#listItem","name":"Categorias"}},{"@type":"ListItem","@id":"https:\/\/portalgrandenorte.com.br\/?cat=6#listItem","position":2,"name":"Categorias","item":"https:\/\/portalgrandenorte.com.br\/?cat=6","nextItem":{"@type":"ListItem","@id":"https:\/\/portalgrandenorte.com.br\/?cat=340#listItem","name":"Oportunidade"},"previousItem":{"@type":"ListItem","@id":"https:\/\/portalgrandenorte.com.br#listItem","name":"Home"}},{"@type":"ListItem","@id":"https:\/\/portalgrandenorte.com.br\/?cat=340#listItem","position":3,"name":"Oportunidade","item":"https:\/\/portalgrandenorte.com.br\/?cat=340","nextItem":{"@type":"ListItem","@id":"https:\/\/portalgrandenorte.com.br\/?p=1825#listItem","name":"INSS leva educa\u00e7\u00e3o previdenci\u00e1ria ao Vale do Jequitinhonha"},"previousItem":{"@type":"ListItem","@id":"https:\/\/portalgrandenorte.com.br\/?cat=6#listItem","name":"Categorias"}},{"@type":"ListItem","@id":"https:\/\/portalgrandenorte.com.br\/?p=1825#listItem","position":4,"name":"INSS leva educa\u00e7\u00e3o previdenci\u00e1ria ao Vale do Jequitinhonha","previousItem":{"@type":"ListItem","@id":"https:\/\/portalgrandenorte.com.br\/?cat=340#listItem","name":"Oportunidade"}}]},{"@type":"Organization","@id":"https:\/\/portalgrandenorte.com.br\/#organization","name":"Portal Grande Norte","description":"O maior portal de not\u00edcias do Norte de Minas","url":"https:\/\/portalgrandenorte.com.br\/","logo":{"@type":"ImageObject","url":"https:\/\/portalgrandenorte.com.br\/wp-content\/uploads\/2025\/08\/cropped-cropped-Logotipo-Portal-Grande-Norte-5.png","@id":"https:\/\/portalgrandenorte.com.br\/?p=1825\/#organizationLogo","width":500,"height":244},"image":{"@id":"https:\/\/portalgrandenorte.com.br\/?p=1825\/#organizationLogo"}},{"@type":"Person","@id":"https:\/\/portalgrandenorte.com.br\/?author=1#author","url":"https:\/\/portalgrandenorte.com.br\/?author=1","name":"Portal Grande Norte","image":{"@type":"ImageObject","@id":"https:\/\/portalgrandenorte.com.br\/?p=1825#authorImage","url":"https:\/\/secure.gravatar.com\/avatar\/f158a5a9dbb2d0e63533b05d8583976740387b7e0d7a969ed14e84a8e1c8308a?s=96&d=mm&r=g","width":96,"height":96,"caption":"Portal Grande Norte"}},{"@type":"WebPage","@id":"https:\/\/portalgrandenorte.com.br\/?p=1825#webpage","url":"https:\/\/portalgrandenorte.com.br\/?p=1825","name":"INSS leva educa\u00e7\u00e3o previdenci\u00e1ria ao Vale do Jequitinhonha - Portal Grande Norte","description":"Atendimentos foram realizados de 7 a 9 de outubro nos munic\u00edpios de Jos\u00e9 Gon\u00e7alves de Minas, Leme do Prado e Veredinha, com foco em orienta\u00e7\u00e3o sobre benef\u00edcios e direitos previdenci\u00e1rios Nesta semana, os moradores dos munic\u00edpios de Jos\u00e9 Gon\u00e7alves de Minas, Leme do Prado e Veredinha receber\u00e3o atendimentos presenciais do Instituto Nacional do Seguro Social","inLanguage":"pt-BR","isPartOf":{"@id":"https:\/\/portalgrandenorte.com.br\/#website"},"breadcrumb":{"@id":"https:\/\/portalgrandenorte.com.br\/?p=1825#breadcrumblist"},"author":{"@id":"https:\/\/portalgrandenorte.com.br\/?author=1#author"},"creator":{"@id":"https:\/\/portalgrandenorte.com.br\/?author=1#author"},"image":{"@type":"ImageObject","url":"https:\/\/portalgrandenorte.com.br\/wp-content\/uploads\/2025\/10\/INSS.jpeg","@id":"https:\/\/portalgrandenorte.com.br\/?p=1825\/#mainImage","width":768,"height":512,"caption":"INSS participa de a\u00e7\u00e3o conjunta com Minist\u00e9rio P\u00fablico, em Esmeraldas (MG) - Foto: Nilmara Pereira."},"primaryImageOfPage":{"@id":"https:\/\/portalgrandenorte.com.br\/?p=1825#mainImage"},"datePublished":"2025-10-07T09:55:38-03:00","dateModified":"2025-10-08T12:06:57-03:00"},{"@type":"WebSite","@id":"https:\/\/portalgrandenorte.com.br\/#website","url":"https:\/\/portalgrandenorte.com.br\/","name":"Portal Grande Norte","description":"O maior portal de not\u00edcias do Norte de Minas","inLanguage":"pt-BR","publisher":{"@id":"https:\/\/portalgrandenorte.com.br\/#organization"}}]},"og:locale":"pt_BR","og:site_name":"Portal Grande Norte - O maior portal de not\u00edcias do Norte de Minas","og:type":"article","og:title":"INSS leva educa\u00e7\u00e3o previdenci\u00e1ria ao Vale do Jequitinhonha - Portal Grande Norte","og:description":"Atendimentos foram realizados de 7 a 9 de outubro nos munic\u00edpios de Jos\u00e9 Gon\u00e7alves de Minas, Leme do Prado e Veredinha, com foco em orienta\u00e7\u00e3o sobre benef\u00edcios e direitos previdenci\u00e1rios Nesta semana, os moradores dos munic\u00edpios de Jos\u00e9 Gon\u00e7alves de Minas, Leme do Prado e Veredinha receber\u00e3o atendimentos presenciais do Instituto Nacional do Seguro Social","og:url":"https:\/\/portalgrandenorte.com.br\/?p=1825","og:image":"https:\/\/portalgrandenorte.com.br\/wp-content\/uploads\/2025\/08\/cropped-cropped-Logotipo-Portal-Grande-Norte-5.png","og:image:secure_url":"https:\/\/portalgrandenorte.com.br\/wp-content\/uploads\/2025\/08\/cropped-cropped-Logotipo-Portal-Grande-Norte-5.png","article:published_time":"2025-10-07T12:55:38+00:00","article:modified_time":"2025-10-08T15:06:57+00:00","twitter:card":"summary_large_image","twitter:title":"INSS leva educa\u00e7\u00e3o previdenci\u00e1ria ao Vale do Jequitinhonha - Portal Grande Norte","twitter:description":"Atendimentos foram realizados de 7 a 9 de outubro nos munic\u00edpios de Jos\u00e9 Gon\u00e7alves de Minas, Leme do Prado e Veredinha, com foco em orienta\u00e7\u00e3o sobre benef\u00edcios e direitos previdenci\u00e1rios Nesta semana, os moradores dos munic\u00edpios de Jos\u00e9 Gon\u00e7alves de Minas, Leme do Prado e Veredinha receber\u00e3o atendimentos presenciais do Instituto Nacional do Seguro Social","twitter:image":"https:\/\/portalgrandenorte.com.br\/wp-content\/uploads\/2025\/08\/cropped-cropped-Logotipo-Portal-Grande-Norte-5.png"},"aioseo_meta_data":{"post_id":"1825","title":null,"description":null,"keywords":null,"keyphrases":null,"primary_term":null,"canonical_url":null,"og_title":null,"og_description":null,"og_object_type":"default","og_image_type":"default","og_image_custom_url":null,"og_image_custom_fields":null,"og_image_url":null,"og_image_width":null,"og_image_height":null,"og_video":null,"og_custom_url":null,"og_article_section":null,"og_article_tags":null,"twitter_use_og":true,"twitter_card":"default","twitter_image_type":"default","twitter_image_custom_url":null,"twitter_image_custom_fields":null,"twitter_image_url":null,"twitter_title":null,"twitter_description":null,"schema_type":"default","schema_type_options":null,"schema":{"blockGraphs":[],"customGraphs":[],"default":{"data":{"Article":[],"Course":[],"Dataset":[],"FAQPage":[],"Movie":[],"Person":[],"Product":[],"ProductReview":[],"Car":[],"Recipe":[],"Service":[],"SoftwareApplication":[],"WebPage":[]},"graphName":"","isEnabled":true},"graphs":[]},"pillar_content":false,"robots_default":true,"robots_noindex":false,"robots_noarchive":false,"robots_nosnippet":false,"robots_nofollow":false,"robots_noimageindex":false,"robots_noodp":false,"robots_notranslate":false,"robots_max_snippet":null,"robots_max_videopreview":null,"robots_max_imagepreview":"large","priority":null,"frequency":null,"local_seo":null,"limit_modified_date":false,"ai":null,"breadcrumb_settings":null,"seo_analyzer_scan_date":null,"created":"2026-07-27 14:08:45","updated":"2026-07-27 14:08:45","focus_keyword":null,"additional_keywords":null,"truseo_locale":null},"aioseo_breadcrumb":"<div class=\"aioseo-breadcrumbs\"><span class=\"aioseo-breadcrumb\">\n\t\t\t<a href=\"https:\/\/portalgrandenorte.com.br\" title=\"Home\">Home<\/a>\n\t\t<\/span><span class=\"aioseo-breadcrumb-separator\">&raquo;<\/span><span class=\"aioseo-breadcrumb\">\n\t\t\t<a href=\"https:\/\/portalgrandenorte.com.br\/?cat=6\" title=\"Categorias\">Categorias<\/a>\n\t\t<\/span><span class=\"aioseo-breadcrumb-separator\">&raquo;<\/span><span class=\"aioseo-breadcrumb\">\n\t\t\t<a href=\"https:\/\/portalgrandenorte.com.br\/?cat=340\" title=\"Oportunidade\">Oportunidade<\/a>\n\t\t<\/span><span class=\"aioseo-breadcrumb-separator\">&raquo;<\/span><span class=\"aioseo-breadcrumb\">\n\t\t\tINSS leva educa\u00e7\u00e3o previdenci\u00e1ria ao Vale do Jequitinhonha\n\t\t<\/span><\/div>","aioseo_breadcrumb_json":[{"label":"Home","link":"https:\/\/portalgrandenorte.com.br"},{"label":"Categorias","link":"https:\/\/portalgrandenorte.com.br\/?cat=6"},{"label":"Oportunidade","link":"https:\/\/portalgrandenorte.com.br\/?cat=340"},{"label":"INSS leva educa\u00e7\u00e3o previdenci\u00e1ria ao Vale do Jequitinhonha","link":"https:\/\/portalgrandenorte.com.br\/?p=1825"}],"_links":{"self":[{"href":"https:\/\/portalgrandenorte.com.br\/index.php?rest_route=\/wp\/v2\/posts\/1825","targetHints":{"allow":["GET"]}}],"collection":[{"href":"https:\/\/portalgrandenorte.com.br\/index.php?rest_route=\/wp\/v2\/posts"}],"about":[{"href":"https:\/\/portalgrandenorte.com.br\/index.php?rest_route=\/wp\/v2\/types\/post"}],"author":[{"embeddable":true,"href":"https:\/\/portalgrandenorte.com.br\/index.php?rest_route=\/wp\/v2\/users\/1"}],"replies":[{"embeddable":true,"href":"https:\/\/portalgrandenorte.com.br\/index.php?rest_route=%2Fwp%2Fv2%2Fcomments&post=1825"}],"version-history":[{"count":3,"href":"https:\/\/portalgrandenorte.com.br\/index.php?rest_route=\/wp\/v2\/posts\/1825\/revisions"}],"predecessor-version":[{"id":1832,"href":"https:\/\/portalgrandenorte.com.br\/index.php?rest_route=\/wp\/v2\/posts\/1825\/revisions\/1832"}],"wp:featuredmedia":[{"embeddable":true,"href":"https:\/\/portalgrandenorte.com.br\/index.php?rest_route=\/wp\/v2\/media\/1826"}],"wp:attachment":[{"href":"https:\/\/portalgrandenorte.com.br\/index.php?rest_route=%2Fwp%2Fv2%2Fmedia&parent=1825"}],"wp:term":[{"taxonomy":"category","embeddable":true,"href":"https:\/\/portalgrandenorte.com.br\/index.php?rest_route=%2Fwp%2Fv2%2Fcategories&post=1825"},{"taxonomy":"post_tag","embeddable":true,"href":"https:\/\/portalgrandenorte.com.br\/index.php?rest_route=%2Fwp%2Fv2%2Ftags&post=1825"}],"curies":[{"name":"wp","href":"https:\/\/api.w.org\/{rel}","templated":true}]}}