{"id":1746,"date":"2025-09-24T15:55:54","date_gmt":"2025-09-24T18:55:54","guid":{"rendered":"https:\/\/portalgrandenorte.com.br\/?p=1746"},"modified":"2025-09-24T15:56:36","modified_gmt":"2025-09-24T18:56:36","slug":"reconhecimento-nacional-santa-casa-recebe-premio-excelencia-da-saude-pela-5a-vez","status":"publish","type":"post","link":"https:\/\/portalgrandenorte.com.br\/?p=1746","title":{"rendered":"Reconhecimento nacional: Santa Casa recebe Pr\u00eamio Excel\u00eancia da Sa\u00fade pela quinta vez"},"content":{"rendered":"<div>\n<figure id=\"attachment_1747\" aria-describedby=\"caption-attachment-1747\" style=\"width: 704px\" class=\"wp-caption alignnone\"><img fetchpriority=\"high\" decoding=\"async\" class=\"wp-image-1747\" src=\"https:\/\/portalgrandenorte.com.br\/wp-content\/uploads\/2025\/09\/Santa-Casa-3-225x300.jpg\" alt=\"\" width=\"704\" height=\"939\" srcset=\"https:\/\/portalgrandenorte.com.br\/wp-content\/uploads\/2025\/09\/Santa-Casa-3-225x300.jpg 225w, https:\/\/portalgrandenorte.com.br\/wp-content\/uploads\/2025\/09\/Santa-Casa-3-768x1024.jpg 768w, https:\/\/portalgrandenorte.com.br\/wp-content\/uploads\/2025\/09\/Santa-Casa-3.jpg 960w\" sizes=\"(max-width: 704px) 100vw, 704px\" \/><figcaption id=\"caption-attachment-1747\" class=\"wp-caption-text\">O trof\u00e9u foi entregue aos diretores Alex Fabiano Rocha (RH e Administrativo) e Leandro Sarmento (Marketing e Neg\u00f3cios), que representaram a institui\u00e7\u00e3o &#8211; Foto: Ascom Santa Casa Moc<\/figcaption><\/figure>\n<p id=\"m_-9001292143615205636gmail-docs-internal-guid-87d0b3f6-7fff-3350-9bdb-213a8c088989\" dir=\"ltr\"><strong>MONTES CLAROS<\/strong> &#8211; A Santa Casa Montes Claros foi mais uma vez reconhecida nacionalmente em um dos mais importantes eventos da sa\u00fade na Am\u00e9rica Latina &#8211; o F\u00f3rum Healthcare Business, recebendo pela quinta vez o Pr\u00eamio Excel\u00eancia da Sa\u00fade, na categoria \u201cBoas Pr\u00e1ticas\u201d. A cerim\u00f4nia aconteceu em Ribeir\u00e3o Preto (SP), no \u00faltimo s\u00e1bado (20\/09) e o trof\u00e9u foi entregue aos diretores Alex Fabiano Rocha (RH e Administrativo) e Leandro Sarmento (Marketing e Neg\u00f3cios), que representaram a institui\u00e7\u00e3o.<\/p>\n<p dir=\"ltr\">Ao todo, 45 hospitais foram reconhecidos em 15 categorias distintas, que contemplaram \u00e1reas como inova\u00e7\u00e3o, ensino e pesquisa, boas pr\u00e1ticas, sustentabilidade, arquitetura e engenharia, entre outras. A trajet\u00f3ria da Santa Casa neste reconhecimento \u00e9 consistente: em 2018 e 2019 foi eleita \u201cMelhor Hospital Filantr\u00f3pico do Pa\u00eds\u201d, em 2020 recebeu o pr\u00eamio Excel\u00eancia da Sa\u00fade \u2013 Melhores da D\u00e9cada e, em 2021, novamente o trof\u00e9u na categoria Filantropia. Agora, em 2025, a institui\u00e7\u00e3o consolida seu lugar entre as mais destacadas do pa\u00eds.<\/p>\n<p dir=\"ltr\">Para o superintendente da Santa Casa, Maur\u00edcio S\u00e9rgio Sousa e Silva, a conquista refor\u00e7a o compromisso da institui\u00e7\u00e3o em oferecer sa\u00fade de qualidade para toda a popula\u00e7\u00e3o. \u201c\u00c9 motivo de grande orgulho para a Santa Casa Montes Claros, especialmente neste m\u00eas em que celebramos 154 anos de hist\u00f3ria esse reconhecimento que \u00e9 resultado do trabalho incans\u00e1vel de nossos colaboradores, corpo cl\u00ednico e gestores. Nosso time se dedica diariamente para oferecer uma sa\u00fade de qualidade, com humaniza\u00e7\u00e3o e inova\u00e7\u00e3o. Parabenizo a todos que fazem parte desta trajet\u00f3ria e refor\u00e7o nosso compromisso de seguir cuidando da vida com excel\u00eancia e responsabilidade social.\u201d, destacou.<\/p>\n<p dir=\"ltr\">Criado em 2013, o Pr\u00eamio Excel\u00eancia da Sa\u00fade \u00e9 promovido pelo Grupo M\u00eddia e homenageia as institui\u00e7\u00f5es que alcan\u00e7am alta performance em gest\u00e3o. Os vencedores s\u00e3o selecionados por meio de cases inscritos pelas pr\u00f3prias organiza\u00e7\u00f5es, avaliados pelo Conselho Editorial e pela \u00e1rea de intelig\u00eancia de mercado do Grupo M\u00eddia. O evento reuniu representantes de hospitais, operadoras e redes de cl\u00ednicas em um jantar de gala que celebrou as institui\u00e7\u00f5es que mais se destacaram nos \u00faltimos 12 meses. O evento \u00e9 uma realiza\u00e7\u00e3o da revista Healthcare Management e do Grupo M\u00eddia, consolidando-se como o maior encontro de gestores da sa\u00fade do Brasil.<\/p>\n<\/div>\n","protected":false},"excerpt":{"rendered":"<p>MONTES CLAROS &#8211; A Santa Casa Montes Claros foi mais uma vez reconhecida nacionalmente em um dos mais importantes eventos da sa\u00fade na Am\u00e9rica Latina &#8211; o F\u00f3rum Healthcare Business, recebendo pela quinta vez o Pr\u00eamio Excel\u00eancia da Sa\u00fade, na categoria \u201cBoas Pr\u00e1ticas\u201d. A cerim\u00f4nia aconteceu em Ribeir\u00e3o Preto (SP), no \u00faltimo s\u00e1bado (20\/09) e o trof\u00e9u foi entregue aos diretores Alex Fabiano Rocha (RH e Administrativo) e Leandro Sarmento (Marketing e Neg\u00f3cios), que representaram a institui\u00e7\u00e3o. Ao todo, 45 hospitais foram reconhecidos em 15 categorias distintas, que contemplaram \u00e1reas como inova\u00e7\u00e3o, ensino e pesquisa, boas pr\u00e1ticas, sustentabilidade, arquitetura e engenharia, entre outras. A trajet\u00f3ria da Santa Casa neste reconhecimento \u00e9 consistente: em 2018 e 2019 foi eleita \u201cMelhor Hospital Filantr\u00f3pico do Pa\u00eds\u201d, em 2020 recebeu o pr\u00eamio Excel\u00eancia da Sa\u00fade \u2013 Melhores da D\u00e9cada e, em 2021, novamente o trof\u00e9u na categoria Filantropia. Agora, em 2025, a institui\u00e7\u00e3o consolida seu lugar entre as mais destacadas do pa\u00eds. Para o superintendente da Santa Casa, Maur\u00edcio S\u00e9rgio Sousa e Silva, a conquista refor\u00e7a o compromisso da institui\u00e7\u00e3o em oferecer sa\u00fade de qualidade para toda a popula\u00e7\u00e3o. \u201c\u00c9 motivo de grande orgulho para a Santa Casa Montes Claros, especialmente neste m\u00eas em que celebramos 154 anos de hist\u00f3ria esse reconhecimento que \u00e9 resultado do trabalho incans\u00e1vel de nossos colaboradores, corpo cl\u00ednico e gestores. Nosso time se dedica diariamente para oferecer uma sa\u00fade de qualidade, com humaniza\u00e7\u00e3o e inova\u00e7\u00e3o. Parabenizo a todos que fazem parte desta trajet\u00f3ria e refor\u00e7o nosso compromisso de seguir cuidando da vida com excel\u00eancia e responsabilidade social.\u201d, destacou. Criado em 2013, o Pr\u00eamio Excel\u00eancia da Sa\u00fade \u00e9 promovido pelo Grupo M\u00eddia e homenageia as institui\u00e7\u00f5es que alcan\u00e7am alta performance em gest\u00e3o. Os vencedores s\u00e3o selecionados por meio de cases inscritos pelas pr\u00f3prias organiza\u00e7\u00f5es, avaliados pelo Conselho Editorial e pela \u00e1rea de intelig\u00eancia de mercado do Grupo M\u00eddia. O evento reuniu representantes de hospitais, operadoras e redes de cl\u00ednicas em um jantar de gala que celebrou as institui\u00e7\u00f5es que mais se destacaram nos \u00faltimos 12 meses. O evento \u00e9 uma realiza\u00e7\u00e3o da revista Healthcare Management e do Grupo M\u00eddia, consolidando-se como o maior encontro de gestores da sa\u00fade do Brasil.<\/p>\n","protected":false},"author":1,"featured_media":1748,"comment_status":"open","ping_status":"open","sticky":false,"template":"","format":"standard","meta":{"_monsterinsights_skip_tracking":false,"footnotes":""},"categories":[1,8],"tags":[433,434,432,431],"class_list":["post-1746","post","type-post","status-publish","format-standard","has-post-thumbnail","hentry","category-norte-de-minas","category-saude","tag-boas-praticas","tag-forum-healthcare-business","tag-premio-excelencia-da-saude","tag-santa-casa-montes-claros"],"aioseo_notices":[],"aioseo_head":"\n\t\t<!-- All in One SEO 5.0.1.1 - aioseo.com -->\n\t<meta name=\"description\" content=\"MONTES CLAROS - A Santa Casa Montes Claros foi mais uma vez reconhecida nacionalmente em um dos mais importantes eventos da sa\u00fade na Am\u00e9rica Latina - o F\u00f3rum Healthcare Business, recebendo pela quinta vez o Pr\u00eamio Excel\u00eancia da Sa\u00fade, na categoria \u201cBoas Pr\u00e1ticas\u201d. A cerim\u00f4nia aconteceu em Ribeir\u00e3o Preto (SP), no \u00faltimo s\u00e1bado (20\/09) e\" \/>\n\t<meta name=\"robots\" content=\"max-image-preview:large\" \/>\n\t<meta name=\"author\" content=\"Portal Grande Norte\"\/>\n\t<link rel=\"canonical\" href=\"https:\/\/portalgrandenorte.com.br\/?p=1746\" \/>\n\t<meta name=\"generator\" content=\"All in One SEO (AIOSEO) 5.0.1.1\" \/>\n\t\t<meta property=\"og:locale\" content=\"pt_BR\" \/>\n\t\t<meta property=\"og:site_name\" content=\"Portal Grande Norte - O maior portal de not\u00edcias do Norte de Minas\" \/>\n\t\t<meta property=\"og:type\" content=\"article\" \/>\n\t\t<meta property=\"og:title\" content=\"Reconhecimento nacional: Santa Casa recebe Pr\u00eamio Excel\u00eancia da Sa\u00fade pela quinta vez - Portal Grande Norte\" \/>\n\t\t<meta property=\"og:description\" content=\"MONTES CLAROS - A Santa Casa Montes Claros foi mais uma vez reconhecida nacionalmente em um dos mais importantes eventos da sa\u00fade na Am\u00e9rica Latina - o F\u00f3rum Healthcare Business, recebendo pela quinta vez o Pr\u00eamio Excel\u00eancia da Sa\u00fade, na categoria \u201cBoas Pr\u00e1ticas\u201d. A cerim\u00f4nia aconteceu em Ribeir\u00e3o Preto (SP), no \u00faltimo s\u00e1bado (20\/09) e\" \/>\n\t\t<meta property=\"og:url\" content=\"https:\/\/portalgrandenorte.com.br\/?p=1746\" \/>\n\t\t<meta property=\"og:image\" content=\"https:\/\/portalgrandenorte.com.br\/wp-content\/uploads\/2025\/08\/cropped-cropped-Logotipo-Portal-Grande-Norte-5.png\" \/>\n\t\t<meta property=\"og:image:secure_url\" content=\"https:\/\/portalgrandenorte.com.br\/wp-content\/uploads\/2025\/08\/cropped-cropped-Logotipo-Portal-Grande-Norte-5.png\" \/>\n\t\t<meta property=\"article:published_time\" content=\"2025-09-24T18:55:54+00:00\" \/>\n\t\t<meta property=\"article:modified_time\" content=\"2025-09-24T18:56:36+00:00\" \/>\n\t\t<meta name=\"twitter:card\" content=\"summary_large_image\" \/>\n\t\t<meta name=\"twitter:title\" content=\"Reconhecimento nacional: Santa Casa recebe Pr\u00eamio Excel\u00eancia da Sa\u00fade pela quinta vez - Portal Grande Norte\" \/>\n\t\t<meta name=\"twitter:description\" content=\"MONTES CLAROS - A Santa Casa Montes Claros foi mais uma vez reconhecida nacionalmente em um dos mais importantes eventos da sa\u00fade na Am\u00e9rica Latina - o F\u00f3rum Healthcare Business, recebendo pela quinta vez o Pr\u00eamio Excel\u00eancia da Sa\u00fade, na categoria \u201cBoas Pr\u00e1ticas\u201d. A cerim\u00f4nia aconteceu em Ribeir\u00e3o Preto (SP), no \u00faltimo s\u00e1bado (20\/09) e\" \/>\n\t\t<meta name=\"twitter:image\" content=\"https:\/\/portalgrandenorte.com.br\/wp-content\/uploads\/2025\/08\/cropped-cropped-Logotipo-Portal-Grande-Norte-5.png\" \/>\n\t\t<script type=\"application\/ld+json\" class=\"aioseo-schema\">\n\t\t\t{\"@context\":\"https:\\\/\\\/schema.org\",\"@graph\":[{\"@type\":\"BlogPosting\",\"@id\":\"https:\\\/\\\/portalgrandenorte.com.br\\\/?p=1746#blogposting\",\"name\":\"Reconhecimento nacional: Santa Casa recebe Pr\\u00eamio Excel\\u00eancia da Sa\\u00fade pela quinta vez - Portal Grande Norte\",\"headline\":\"Reconhecimento nacional: Santa Casa recebe Pr\\u00eamio Excel\\u00eancia da Sa\\u00fade pela quinta vez\",\"author\":{\"@id\":\"https:\\\/\\\/portalgrandenorte.com.br\\\/?author=1#author\"},\"publisher\":{\"@id\":\"https:\\\/\\\/portalgrandenorte.com.br\\\/#organization\"},\"image\":{\"@type\":\"ImageObject\",\"url\":\"https:\\\/\\\/portalgrandenorte.com.br\\\/wp-content\\\/uploads\\\/2025\\\/09\\\/Santa-Casa.jpg\",\"width\":1600,\"height\":1066},\"datePublished\":\"2025-09-24T15:55:54-03:00\",\"dateModified\":\"2025-09-24T15:56:36-03:00\",\"inLanguage\":\"pt-BR\",\"mainEntityOfPage\":{\"@id\":\"https:\\\/\\\/portalgrandenorte.com.br\\\/?p=1746#webpage\"},\"isPartOf\":{\"@id\":\"https:\\\/\\\/portalgrandenorte.com.br\\\/?p=1746#webpage\"},\"articleSection\":\"Norte de Minas, Sa\\u00fade, Boas Pr\\u00e1ticas, F\\u00f3rum Healthcare Business, Pr\\u00eamio Excel\\u00eancia da Sa\\u00fade, Santa Casa Montes Claros\"},{\"@type\":\"BreadcrumbList\",\"@id\":\"https:\\\/\\\/portalgrandenorte.com.br\\\/?p=1746#breadcrumblist\",\"itemListElement\":[{\"@type\":\"ListItem\",\"@id\":\"https:\\\/\\\/portalgrandenorte.com.br#listItem\",\"position\":1,\"name\":\"Home\",\"item\":\"https:\\\/\\\/portalgrandenorte.com.br\",\"nextItem\":{\"@type\":\"ListItem\",\"@id\":\"https:\\\/\\\/portalgrandenorte.com.br\\\/?cat=6#listItem\",\"name\":\"Categorias\"}},{\"@type\":\"ListItem\",\"@id\":\"https:\\\/\\\/portalgrandenorte.com.br\\\/?cat=6#listItem\",\"position\":2,\"name\":\"Categorias\",\"item\":\"https:\\\/\\\/portalgrandenorte.com.br\\\/?cat=6\",\"nextItem\":{\"@type\":\"ListItem\",\"@id\":\"https:\\\/\\\/portalgrandenorte.com.br\\\/?cat=8#listItem\",\"name\":\"Sa\\u00fade\"},\"previousItem\":{\"@type\":\"ListItem\",\"@id\":\"https:\\\/\\\/portalgrandenorte.com.br#listItem\",\"name\":\"Home\"}},{\"@type\":\"ListItem\",\"@id\":\"https:\\\/\\\/portalgrandenorte.com.br\\\/?cat=8#listItem\",\"position\":3,\"name\":\"Sa\\u00fade\",\"item\":\"https:\\\/\\\/portalgrandenorte.com.br\\\/?cat=8\",\"nextItem\":{\"@type\":\"ListItem\",\"@id\":\"https:\\\/\\\/portalgrandenorte.com.br\\\/?p=1746#listItem\",\"name\":\"Reconhecimento nacional: Santa Casa recebe Pr\\u00eamio Excel\\u00eancia da Sa\\u00fade pela quinta vez\"},\"previousItem\":{\"@type\":\"ListItem\",\"@id\":\"https:\\\/\\\/portalgrandenorte.com.br\\\/?cat=6#listItem\",\"name\":\"Categorias\"}},{\"@type\":\"ListItem\",\"@id\":\"https:\\\/\\\/portalgrandenorte.com.br\\\/?p=1746#listItem\",\"position\":4,\"name\":\"Reconhecimento nacional: Santa Casa recebe Pr\\u00eamio Excel\\u00eancia da Sa\\u00fade pela quinta vez\",\"previousItem\":{\"@type\":\"ListItem\",\"@id\":\"https:\\\/\\\/portalgrandenorte.com.br\\\/?cat=8#listItem\",\"name\":\"Sa\\u00fade\"}}]},{\"@type\":\"Organization\",\"@id\":\"https:\\\/\\\/portalgrandenorte.com.br\\\/#organization\",\"name\":\"Portal Grande Norte\",\"description\":\"O maior portal de not\\u00edcias do Norte de Minas\",\"url\":\"https:\\\/\\\/portalgrandenorte.com.br\\\/\",\"logo\":{\"@type\":\"ImageObject\",\"url\":\"https:\\\/\\\/portalgrandenorte.com.br\\\/wp-content\\\/uploads\\\/2025\\\/08\\\/cropped-cropped-Logotipo-Portal-Grande-Norte-5.png\",\"@id\":\"https:\\\/\\\/portalgrandenorte.com.br\\\/?p=1746\\\/#organizationLogo\",\"width\":500,\"height\":244},\"image\":{\"@id\":\"https:\\\/\\\/portalgrandenorte.com.br\\\/?p=1746\\\/#organizationLogo\"}},{\"@type\":\"Person\",\"@id\":\"https:\\\/\\\/portalgrandenorte.com.br\\\/?author=1#author\",\"url\":\"https:\\\/\\\/portalgrandenorte.com.br\\\/?author=1\",\"name\":\"Portal Grande Norte\",\"image\":{\"@type\":\"ImageObject\",\"@id\":\"https:\\\/\\\/portalgrandenorte.com.br\\\/?p=1746#authorImage\",\"url\":\"https:\\\/\\\/secure.gravatar.com\\\/avatar\\\/f158a5a9dbb2d0e63533b05d8583976740387b7e0d7a969ed14e84a8e1c8308a?s=96&d=mm&r=g\",\"width\":96,\"height\":96,\"caption\":\"Portal Grande Norte\"}},{\"@type\":\"WebPage\",\"@id\":\"https:\\\/\\\/portalgrandenorte.com.br\\\/?p=1746#webpage\",\"url\":\"https:\\\/\\\/portalgrandenorte.com.br\\\/?p=1746\",\"name\":\"Reconhecimento nacional: Santa Casa recebe Pr\\u00eamio Excel\\u00eancia da Sa\\u00fade pela quinta vez - Portal Grande Norte\",\"description\":\"MONTES CLAROS - A Santa Casa Montes Claros foi mais uma vez reconhecida nacionalmente em um dos mais importantes eventos da sa\\u00fade na Am\\u00e9rica Latina - o F\\u00f3rum Healthcare Business, recebendo pela quinta vez o Pr\\u00eamio Excel\\u00eancia da Sa\\u00fade, na categoria \\u201cBoas Pr\\u00e1ticas\\u201d. A cerim\\u00f4nia aconteceu em Ribeir\\u00e3o Preto (SP), no \\u00faltimo s\\u00e1bado (20\\\/09) e\",\"inLanguage\":\"pt-BR\",\"isPartOf\":{\"@id\":\"https:\\\/\\\/portalgrandenorte.com.br\\\/#website\"},\"breadcrumb\":{\"@id\":\"https:\\\/\\\/portalgrandenorte.com.br\\\/?p=1746#breadcrumblist\"},\"author\":{\"@id\":\"https:\\\/\\\/portalgrandenorte.com.br\\\/?author=1#author\"},\"creator\":{\"@id\":\"https:\\\/\\\/portalgrandenorte.com.br\\\/?author=1#author\"},\"image\":{\"@type\":\"ImageObject\",\"url\":\"https:\\\/\\\/portalgrandenorte.com.br\\\/wp-content\\\/uploads\\\/2025\\\/09\\\/Santa-Casa.jpg\",\"@id\":\"https:\\\/\\\/portalgrandenorte.com.br\\\/?p=1746\\\/#mainImage\",\"width\":1600,\"height\":1066},\"primaryImageOfPage\":{\"@id\":\"https:\\\/\\\/portalgrandenorte.com.br\\\/?p=1746#mainImage\"},\"datePublished\":\"2025-09-24T15:55:54-03:00\",\"dateModified\":\"2025-09-24T15:56:36-03:00\"},{\"@type\":\"WebSite\",\"@id\":\"https:\\\/\\\/portalgrandenorte.com.br\\\/#website\",\"url\":\"https:\\\/\\\/portalgrandenorte.com.br\\\/\",\"name\":\"Portal Grande Norte\",\"description\":\"O maior portal de not\\u00edcias do Norte de Minas\",\"inLanguage\":\"pt-BR\",\"publisher\":{\"@id\":\"https:\\\/\\\/portalgrandenorte.com.br\\\/#organization\"}}]}\n\t\t<\/script>\n\t\t<!-- All in One SEO -->\n\n","aioseo_head_json":{"title":"Reconhecimento nacional: Santa Casa recebe Pr\u00eamio Excel\u00eancia da Sa\u00fade pela quinta vez - Portal Grande Norte","description":"MONTES CLAROS - A Santa Casa Montes Claros foi mais uma vez reconhecida nacionalmente em um dos mais importantes eventos da sa\u00fade na Am\u00e9rica Latina - o F\u00f3rum Healthcare Business, recebendo pela quinta vez o Pr\u00eamio Excel\u00eancia da Sa\u00fade, na categoria \u201cBoas Pr\u00e1ticas\u201d. A cerim\u00f4nia aconteceu em Ribeir\u00e3o Preto (SP), no \u00faltimo s\u00e1bado (20\/09) e","canonical_url":"https:\/\/portalgrandenorte.com.br\/?p=1746","robots":"max-image-preview:large","keywords":"","webmasterTools":{"miscellaneous":""},"schema":{"@context":"https:\/\/schema.org","@graph":[{"@type":"BlogPosting","@id":"https:\/\/portalgrandenorte.com.br\/?p=1746#blogposting","name":"Reconhecimento nacional: Santa Casa recebe Pr\u00eamio Excel\u00eancia da Sa\u00fade pela quinta vez - Portal Grande Norte","headline":"Reconhecimento nacional: Santa Casa recebe Pr\u00eamio Excel\u00eancia da Sa\u00fade pela quinta vez","author":{"@id":"https:\/\/portalgrandenorte.com.br\/?author=1#author"},"publisher":{"@id":"https:\/\/portalgrandenorte.com.br\/#organization"},"image":{"@type":"ImageObject","url":"https:\/\/portalgrandenorte.com.br\/wp-content\/uploads\/2025\/09\/Santa-Casa.jpg","width":1600,"height":1066},"datePublished":"2025-09-24T15:55:54-03:00","dateModified":"2025-09-24T15:56:36-03:00","inLanguage":"pt-BR","mainEntityOfPage":{"@id":"https:\/\/portalgrandenorte.com.br\/?p=1746#webpage"},"isPartOf":{"@id":"https:\/\/portalgrandenorte.com.br\/?p=1746#webpage"},"articleSection":"Norte de Minas, Sa\u00fade, Boas Pr\u00e1ticas, F\u00f3rum Healthcare Business, Pr\u00eamio Excel\u00eancia da Sa\u00fade, Santa Casa Montes Claros"},{"@type":"BreadcrumbList","@id":"https:\/\/portalgrandenorte.com.br\/?p=1746#breadcrumblist","itemListElement":[{"@type":"ListItem","@id":"https:\/\/portalgrandenorte.com.br#listItem","position":1,"name":"Home","item":"https:\/\/portalgrandenorte.com.br","nextItem":{"@type":"ListItem","@id":"https:\/\/portalgrandenorte.com.br\/?cat=6#listItem","name":"Categorias"}},{"@type":"ListItem","@id":"https:\/\/portalgrandenorte.com.br\/?cat=6#listItem","position":2,"name":"Categorias","item":"https:\/\/portalgrandenorte.com.br\/?cat=6","nextItem":{"@type":"ListItem","@id":"https:\/\/portalgrandenorte.com.br\/?cat=8#listItem","name":"Sa\u00fade"},"previousItem":{"@type":"ListItem","@id":"https:\/\/portalgrandenorte.com.br#listItem","name":"Home"}},{"@type":"ListItem","@id":"https:\/\/portalgrandenorte.com.br\/?cat=8#listItem","position":3,"name":"Sa\u00fade","item":"https:\/\/portalgrandenorte.com.br\/?cat=8","nextItem":{"@type":"ListItem","@id":"https:\/\/portalgrandenorte.com.br\/?p=1746#listItem","name":"Reconhecimento nacional: Santa Casa recebe Pr\u00eamio Excel\u00eancia da Sa\u00fade pela quinta vez"},"previousItem":{"@type":"ListItem","@id":"https:\/\/portalgrandenorte.com.br\/?cat=6#listItem","name":"Categorias"}},{"@type":"ListItem","@id":"https:\/\/portalgrandenorte.com.br\/?p=1746#listItem","position":4,"name":"Reconhecimento nacional: Santa Casa recebe Pr\u00eamio Excel\u00eancia da Sa\u00fade pela quinta vez","previousItem":{"@type":"ListItem","@id":"https:\/\/portalgrandenorte.com.br\/?cat=8#listItem","name":"Sa\u00fade"}}]},{"@type":"Organization","@id":"https:\/\/portalgrandenorte.com.br\/#organization","name":"Portal Grande Norte","description":"O maior portal de not\u00edcias do Norte de Minas","url":"https:\/\/portalgrandenorte.com.br\/","logo":{"@type":"ImageObject","url":"https:\/\/portalgrandenorte.com.br\/wp-content\/uploads\/2025\/08\/cropped-cropped-Logotipo-Portal-Grande-Norte-5.png","@id":"https:\/\/portalgrandenorte.com.br\/?p=1746\/#organizationLogo","width":500,"height":244},"image":{"@id":"https:\/\/portalgrandenorte.com.br\/?p=1746\/#organizationLogo"}},{"@type":"Person","@id":"https:\/\/portalgrandenorte.com.br\/?author=1#author","url":"https:\/\/portalgrandenorte.com.br\/?author=1","name":"Portal Grande Norte","image":{"@type":"ImageObject","@id":"https:\/\/portalgrandenorte.com.br\/?p=1746#authorImage","url":"https:\/\/secure.gravatar.com\/avatar\/f158a5a9dbb2d0e63533b05d8583976740387b7e0d7a969ed14e84a8e1c8308a?s=96&d=mm&r=g","width":96,"height":96,"caption":"Portal Grande Norte"}},{"@type":"WebPage","@id":"https:\/\/portalgrandenorte.com.br\/?p=1746#webpage","url":"https:\/\/portalgrandenorte.com.br\/?p=1746","name":"Reconhecimento nacional: Santa Casa recebe Pr\u00eamio Excel\u00eancia da Sa\u00fade pela quinta vez - Portal Grande Norte","description":"MONTES CLAROS - A Santa Casa Montes Claros foi mais uma vez reconhecida nacionalmente em um dos mais importantes eventos da sa\u00fade na Am\u00e9rica Latina - o F\u00f3rum Healthcare Business, recebendo pela quinta vez o Pr\u00eamio Excel\u00eancia da Sa\u00fade, na categoria \u201cBoas Pr\u00e1ticas\u201d. A cerim\u00f4nia aconteceu em Ribeir\u00e3o Preto (SP), no \u00faltimo s\u00e1bado (20\/09) e","inLanguage":"pt-BR","isPartOf":{"@id":"https:\/\/portalgrandenorte.com.br\/#website"},"breadcrumb":{"@id":"https:\/\/portalgrandenorte.com.br\/?p=1746#breadcrumblist"},"author":{"@id":"https:\/\/portalgrandenorte.com.br\/?author=1#author"},"creator":{"@id":"https:\/\/portalgrandenorte.com.br\/?author=1#author"},"image":{"@type":"ImageObject","url":"https:\/\/portalgrandenorte.com.br\/wp-content\/uploads\/2025\/09\/Santa-Casa.jpg","@id":"https:\/\/portalgrandenorte.com.br\/?p=1746\/#mainImage","width":1600,"height":1066},"primaryImageOfPage":{"@id":"https:\/\/portalgrandenorte.com.br\/?p=1746#mainImage"},"datePublished":"2025-09-24T15:55:54-03:00","dateModified":"2025-09-24T15:56:36-03:00"},{"@type":"WebSite","@id":"https:\/\/portalgrandenorte.com.br\/#website","url":"https:\/\/portalgrandenorte.com.br\/","name":"Portal Grande Norte","description":"O maior portal de not\u00edcias do Norte de Minas","inLanguage":"pt-BR","publisher":{"@id":"https:\/\/portalgrandenorte.com.br\/#organization"}}]},"og:locale":"pt_BR","og:site_name":"Portal Grande Norte - O maior portal de not\u00edcias do Norte de Minas","og:type":"article","og:title":"Reconhecimento nacional: Santa Casa recebe Pr\u00eamio Excel\u00eancia da Sa\u00fade pela quinta vez - Portal Grande Norte","og:description":"MONTES CLAROS - A Santa Casa Montes Claros foi mais uma vez reconhecida nacionalmente em um dos mais importantes eventos da sa\u00fade na Am\u00e9rica Latina - o F\u00f3rum Healthcare Business, recebendo pela quinta vez o Pr\u00eamio Excel\u00eancia da Sa\u00fade, na categoria \u201cBoas Pr\u00e1ticas\u201d. A cerim\u00f4nia aconteceu em Ribeir\u00e3o Preto (SP), no \u00faltimo s\u00e1bado (20\/09) e","og:url":"https:\/\/portalgrandenorte.com.br\/?p=1746","og:image":"https:\/\/portalgrandenorte.com.br\/wp-content\/uploads\/2025\/08\/cropped-cropped-Logotipo-Portal-Grande-Norte-5.png","og:image:secure_url":"https:\/\/portalgrandenorte.com.br\/wp-content\/uploads\/2025\/08\/cropped-cropped-Logotipo-Portal-Grande-Norte-5.png","article:published_time":"2025-09-24T18:55:54+00:00","article:modified_time":"2025-09-24T18:56:36+00:00","twitter:card":"summary_large_image","twitter:title":"Reconhecimento nacional: Santa Casa recebe Pr\u00eamio Excel\u00eancia da Sa\u00fade pela quinta vez - Portal Grande Norte","twitter:description":"MONTES CLAROS - A Santa Casa Montes Claros foi mais uma vez reconhecida nacionalmente em um dos mais importantes eventos da sa\u00fade na Am\u00e9rica Latina - o F\u00f3rum Healthcare Business, recebendo pela quinta vez o Pr\u00eamio Excel\u00eancia da Sa\u00fade, na categoria \u201cBoas Pr\u00e1ticas\u201d. A cerim\u00f4nia aconteceu em Ribeir\u00e3o Preto (SP), no \u00faltimo s\u00e1bado (20\/09) e","twitter:image":"https:\/\/portalgrandenorte.com.br\/wp-content\/uploads\/2025\/08\/cropped-cropped-Logotipo-Portal-Grande-Norte-5.png"},"aioseo_meta_data":{"post_id":"1746","title":null,"description":null,"keywords":null,"keyphrases":null,"primary_term":null,"canonical_url":null,"og_title":null,"og_description":null,"og_object_type":"default","og_image_type":"default","og_image_custom_url":null,"og_image_custom_fields":null,"og_image_url":null,"og_image_width":null,"og_image_height":null,"og_video":null,"og_custom_url":null,"og_article_section":null,"og_article_tags":null,"twitter_use_og":true,"twitter_card":"default","twitter_image_type":"default","twitter_image_custom_url":null,"twitter_image_custom_fields":null,"twitter_image_url":null,"twitter_title":null,"twitter_description":null,"schema_type":"default","schema_type_options":null,"schema":{"blockGraphs":[],"customGraphs":[],"default":{"data":{"Article":[],"Course":[],"Dataset":[],"FAQPage":[],"Movie":[],"Person":[],"Product":[],"ProductReview":[],"Car":[],"Recipe":[],"Service":[],"SoftwareApplication":[],"WebPage":[]},"graphName":"","isEnabled":true},"graphs":[]},"pillar_content":false,"robots_default":true,"robots_noindex":false,"robots_noarchive":false,"robots_nosnippet":false,"robots_nofollow":false,"robots_noimageindex":false,"robots_noodp":false,"robots_notranslate":false,"robots_max_snippet":null,"robots_max_videopreview":null,"robots_max_imagepreview":"large","priority":null,"frequency":null,"local_seo":null,"limit_modified_date":false,"ai":null,"breadcrumb_settings":null,"seo_analyzer_scan_date":null,"created":"2026-07-27 14:04:42","updated":"2026-07-27 14:04:42","focus_keyword":null,"additional_keywords":null,"truseo_locale":null},"aioseo_breadcrumb":"<div class=\"aioseo-breadcrumbs\"><span class=\"aioseo-breadcrumb\">\n\t\t\t<a href=\"https:\/\/portalgrandenorte.com.br\" title=\"Home\">Home<\/a>\n\t\t<\/span><span class=\"aioseo-breadcrumb-separator\">&raquo;<\/span><span class=\"aioseo-breadcrumb\">\n\t\t\t<a href=\"https:\/\/portalgrandenorte.com.br\/?cat=6\" title=\"Categorias\">Categorias<\/a>\n\t\t<\/span><span class=\"aioseo-breadcrumb-separator\">&raquo;<\/span><span class=\"aioseo-breadcrumb\">\n\t\t\t<a href=\"https:\/\/portalgrandenorte.com.br\/?cat=8\" title=\"Sa\u00fade\">Sa\u00fade<\/a>\n\t\t<\/span><span class=\"aioseo-breadcrumb-separator\">&raquo;<\/span><span class=\"aioseo-breadcrumb\">\n\t\t\tReconhecimento nacional: Santa Casa recebe Pr\u00eamio Excel\u00eancia da Sa\u00fade pela quinta vez\n\t\t<\/span><\/div>","aioseo_breadcrumb_json":[{"label":"Home","link":"https:\/\/portalgrandenorte.com.br"},{"label":"Categorias","link":"https:\/\/portalgrandenorte.com.br\/?cat=6"},{"label":"Sa\u00fade","link":"https:\/\/portalgrandenorte.com.br\/?cat=8"},{"label":"Reconhecimento nacional: Santa Casa recebe Pr\u00eamio Excel\u00eancia da Sa\u00fade pela quinta vez","link":"https:\/\/portalgrandenorte.com.br\/?p=1746"}],"_links":{"self":[{"href":"https:\/\/portalgrandenorte.com.br\/index.php?rest_route=\/wp\/v2\/posts\/1746","targetHints":{"allow":["GET"]}}],"collection":[{"href":"https:\/\/portalgrandenorte.com.br\/index.php?rest_route=\/wp\/v2\/posts"}],"about":[{"href":"https:\/\/portalgrandenorte.com.br\/index.php?rest_route=\/wp\/v2\/types\/post"}],"author":[{"embeddable":true,"href":"https:\/\/portalgrandenorte.com.br\/index.php?rest_route=\/wp\/v2\/users\/1"}],"replies":[{"embeddable":true,"href":"https:\/\/portalgrandenorte.com.br\/index.php?rest_route=%2Fwp%2Fv2%2Fcomments&post=1746"}],"version-history":[{"count":3,"href":"https:\/\/portalgrandenorte.com.br\/index.php?rest_route=\/wp\/v2\/posts\/1746\/revisions"}],"predecessor-version":[{"id":1751,"href":"https:\/\/portalgrandenorte.com.br\/index.php?rest_route=\/wp\/v2\/posts\/1746\/revisions\/1751"}],"wp:featuredmedia":[{"embeddable":true,"href":"https:\/\/portalgrandenorte.com.br\/index.php?rest_route=\/wp\/v2\/media\/1748"}],"wp:attachment":[{"href":"https:\/\/portalgrandenorte.com.br\/index.php?rest_route=%2Fwp%2Fv2%2Fmedia&parent=1746"}],"wp:term":[{"taxonomy":"category","embeddable":true,"href":"https:\/\/portalgrandenorte.com.br\/index.php?rest_route=%2Fwp%2Fv2%2Fcategories&post=1746"},{"taxonomy":"post_tag","embeddable":true,"href":"https:\/\/portalgrandenorte.com.br\/index.php?rest_route=%2Fwp%2Fv2%2Ftags&post=1746"}],"curies":[{"name":"wp","href":"https:\/\/api.w.org\/{rel}","templated":true}]}}