{"id":1670,"date":"2025-09-18T20:30:52","date_gmt":"2025-09-18T23:30:52","guid":{"rendered":"https:\/\/portalgrandenorte.com.br\/?p=1670"},"modified":"2025-09-18T21:16:20","modified_gmt":"2025-09-19T00:16:20","slug":"escola-de-pedra-azul-recebe-palestra-do-conhecendo-o-judiciario","status":"publish","type":"post","link":"https:\/\/portalgrandenorte.com.br\/?p=1670","title":{"rendered":"Escola de Pedra Azul recebe palestra do projeto &#8220;Conhecendo o Judici\u00e1rio&#8221;, do TJMG"},"content":{"rendered":"<h2 class=\"materia__tts\">Palestra foi ministrada pela ju\u00edza Fl\u00e1via Braga Corte Imperial<\/h2>\n<figure id=\"attachment_1671\" aria-describedby=\"caption-attachment-1671\" style=\"width: 822px\" class=\"wp-caption alignnone\"><img fetchpriority=\"high\" decoding=\"async\" class=\" wp-image-1671\" src=\"https:\/\/portalgrandenorte.com.br\/wp-content\/uploads\/2025\/09\/Pedra-Azul-MG-300x200.jpeg\" alt=\"\" width=\"822\" height=\"548\" srcset=\"https:\/\/portalgrandenorte.com.br\/wp-content\/uploads\/2025\/09\/Pedra-Azul-MG-300x200.jpeg 300w, https:\/\/portalgrandenorte.com.br\/wp-content\/uploads\/2025\/09\/Pedra-Azul-MG-768x511.jpeg 768w, https:\/\/portalgrandenorte.com.br\/wp-content\/uploads\/2025\/09\/Pedra-Azul-MG-150x100.jpeg 150w, https:\/\/portalgrandenorte.com.br\/wp-content\/uploads\/2025\/09\/Pedra-Azul-MG-330x220.jpeg 330w, https:\/\/portalgrandenorte.com.br\/wp-content\/uploads\/2025\/09\/Pedra-Azul-MG-420x280.jpeg 420w, https:\/\/portalgrandenorte.com.br\/wp-content\/uploads\/2025\/09\/Pedra-Azul-MG-510x340.jpeg 510w, https:\/\/portalgrandenorte.com.br\/wp-content\/uploads\/2025\/09\/Pedra-Azul-MG.jpeg 1000w\" sizes=\"(max-width: 822px) 100vw, 822px\" \/><figcaption id=\"caption-attachment-1671\" class=\"wp-caption-text\">Segundo a ju\u00edza Fl\u00e1via Braga Corte Imperial, o encontro refor\u00e7ou a aproxima\u00e7\u00e3o entre o Poder Judici\u00e1rio e a comunidade escolar (Cr\u00e9dito: TJMG \/ Divulga\u00e7\u00e3o)<\/figcaption><\/figure>\n<p><strong>PEDRA AZUL &#8211;<\/strong> A Escola Estadual Ana Faria, em Pedra Azul, no <a href=\"https:\/\/portalgrandenorte.com.br\/?cat=16\">Vale do Jequitinhonha<\/a>, recebeu, no dia 12\/9, palestra do programa &#8220;Conhecendo o Judici\u00e1rio&#8221;. Al\u00e9m de aproximar o p\u00fablico da realidade do Poder Judici\u00e1rio e das atividades do <a href=\"https:\/\/www.tjmg.jus.br\/\">Tribunal de Justi\u00e7a de Minas Gerais (TJMG)<\/a>, a a\u00e7\u00e3o tratou do tema \u201cProfiss\u00f5es\u201d.<\/p>\n<p>A palestra foi ministrada pela ju\u00edza da 2\u00aa Vara C\u00edvel e Criminal da Comarca de Pedra Azul, Fl\u00e1via Braga Corte Imperial, a convite do professor de Filosofia da Escola, Cristopher Souza, e da gestora da institui\u00e7\u00e3o, Fl\u00e1via Brito.<\/p>\n<p>A ju\u00edza Fl\u00e1via Braga Corte Imperial falou sobre o tema de sua apresenta\u00e7\u00e3o:<\/p>\n<p>\u201cA iniciativa teve como objetivo promover a reflex\u00e3o dos estudantes sobre as diversas possibilidades de carreira, ressaltando a import\u00e2ncia da dedica\u00e7\u00e3o aos estudos e da escolha consciente da trajet\u00f3ria profissional. O encontro refor\u00e7ou a aproxima\u00e7\u00e3o entre o Poder Judici\u00e1rio e a comunidade escolar, evidenciando o compromisso da magistratura com a forma\u00e7\u00e3o cidad\u00e3 e o incentivo ao desenvolvimento educacional dos jovens.\u201d<\/p>\n<p><strong>Sobre o Programa<\/strong><\/p>\n<p>Idealizado pela Diretoria Executiva de Comunica\u00e7\u00e3o (Dircom) e organizado pela Coordena\u00e7\u00e3o de Rela\u00e7\u00f5es P\u00fablicas (Cerp) do TJMG), o programa \u201cConhecendo o Judici\u00e1rio\u201d completou 26 anos de cria\u00e7\u00e3o em 2025.<\/p>\n<p>Desde 1999, a iniciativa j\u00e1 aproximou o Judici\u00e1rio mineiro de mais de 180 mil pessoas, entre crian\u00e7as, adolescentes, adultos e idosos.<\/p>\n<p>Em 2024, o TJMG promoveu o curso de Forma\u00e7\u00e3o de Multiplicadores do Programa Conhecendo o Judici\u00e1rio. A a\u00e7\u00e3o, que contou com a parceria da <a href=\"https:\/\/ejef.tjmg.jus.br\/\">Escola Judicial Desembargador Ed\u00e9sio Fernandes<\/a> (Ejef), teve como objetivo capacitar magistrados e servidores das comarcas mineiras na cria\u00e7\u00e3o de canais de comunica\u00e7\u00e3o com a sociedade, sobretudo a comunidade escolar. Essa a\u00e7\u00e3o educacional fez parte das comemora\u00e7\u00f5es dos 25 anos do Programa.<\/p>\n<p>Fonte: TJMG<\/p>\n","protected":false},"excerpt":{"rendered":"<p>Palestra foi ministrada pela ju\u00edza Fl\u00e1via Braga Corte Imperial PEDRA AZUL &#8211; A Escola Estadual Ana Faria, em Pedra Azul, no Vale do Jequitinhonha, recebeu, no dia 12\/9, palestra do programa &#8220;Conhecendo o Judici\u00e1rio&#8221;. Al\u00e9m de aproximar o p\u00fablico da realidade do Poder Judici\u00e1rio e das atividades do Tribunal de Justi\u00e7a de Minas Gerais (TJMG), a a\u00e7\u00e3o tratou do tema \u201cProfiss\u00f5es\u201d. A palestra foi ministrada pela ju\u00edza da 2\u00aa Vara C\u00edvel e Criminal da Comarca de Pedra Azul, Fl\u00e1via Braga Corte Imperial, a convite do professor de Filosofia da Escola, Cristopher Souza, e da gestora da institui\u00e7\u00e3o, Fl\u00e1via Brito. A ju\u00edza Fl\u00e1via Braga Corte Imperial falou sobre o tema de sua apresenta\u00e7\u00e3o: \u201cA iniciativa teve como objetivo promover a reflex\u00e3o dos estudantes sobre as diversas possibilidades de carreira, ressaltando a import\u00e2ncia da dedica\u00e7\u00e3o aos estudos e da escolha consciente da trajet\u00f3ria profissional. O encontro refor\u00e7ou a aproxima\u00e7\u00e3o entre o Poder Judici\u00e1rio e a comunidade escolar, evidenciando o compromisso da magistratura com a forma\u00e7\u00e3o cidad\u00e3 e o incentivo ao desenvolvimento educacional dos jovens.\u201d Sobre o Programa Idealizado pela Diretoria Executiva de Comunica\u00e7\u00e3o (Dircom) e organizado pela Coordena\u00e7\u00e3o de Rela\u00e7\u00f5es P\u00fablicas (Cerp) do TJMG), o programa \u201cConhecendo o Judici\u00e1rio\u201d completou 26 anos de cria\u00e7\u00e3o em 2025. Desde 1999, a iniciativa j\u00e1 aproximou o Judici\u00e1rio mineiro de mais de 180 mil pessoas, entre crian\u00e7as, adolescentes, adultos e idosos. Em 2024, o TJMG promoveu o curso de Forma\u00e7\u00e3o de Multiplicadores do Programa Conhecendo o Judici\u00e1rio. A a\u00e7\u00e3o, que contou com a parceria da Escola Judicial Desembargador Ed\u00e9sio Fernandes (Ejef), teve como objetivo capacitar magistrados e servidores das comarcas mineiras na cria\u00e7\u00e3o de canais de comunica\u00e7\u00e3o com a sociedade, sobretudo a comunidade escolar. Essa a\u00e7\u00e3o educacional fez parte das comemora\u00e7\u00f5es dos 25 anos do Programa. Fonte: TJMG<\/p>\n","protected":false},"author":1,"featured_media":1671,"comment_status":"open","ping_status":"open","sticky":false,"template":"","format":"standard","meta":{"_monsterinsights_skip_tracking":false,"footnotes":""},"categories":[9,16],"tags":[400,402,203,401,211,118,399,323],"class_list":["post-1670","post","type-post","status-publish","format-standard","has-post-thumbnail","hentry","category-educacao","category-vale-do-jequitinhonha","tag-conhecendo-o-judiciario","tag-desenvolvimento-educacional","tag-educacao","tag-formacao-cidada","tag-oportunidade","tag-pedra-azul","tag-profissoes","tag-vale-do-jequitinhonha"],"aioseo_notices":[],"aioseo_head":"\n\t\t<!-- All in One SEO 5.0.1.1 - aioseo.com -->\n\t<meta name=\"description\" content=\"Palestra foi ministrada pela ju\u00edza Fl\u00e1via Braga Corte Imperial PEDRA AZUL - A Escola Estadual Ana Faria, em Pedra Azul, no Vale do Jequitinhonha, recebeu, no dia 12\/9, palestra do programa &quot;Conhecendo o Judici\u00e1rio&quot;. Al\u00e9m de aproximar o p\u00fablico da realidade do Poder Judici\u00e1rio e das atividades do Tribunal de Justi\u00e7a de Minas Gerais (TJMG),\" \/>\n\t<meta name=\"robots\" content=\"max-image-preview:large\" \/>\n\t<meta name=\"author\" content=\"Portal Grande Norte\"\/>\n\t<link rel=\"canonical\" href=\"https:\/\/portalgrandenorte.com.br\/?p=1670\" \/>\n\t<meta name=\"generator\" content=\"All in One SEO (AIOSEO) 5.0.1.1\" \/>\n\t\t<meta property=\"og:locale\" content=\"pt_BR\" \/>\n\t\t<meta property=\"og:site_name\" content=\"Portal Grande Norte - O maior portal de not\u00edcias do Norte de Minas\" \/>\n\t\t<meta property=\"og:type\" content=\"article\" \/>\n\t\t<meta property=\"og:title\" content=\"Escola de Pedra Azul recebe palestra do projeto \u201cConhecendo o Judici\u00e1rio\u201d, do TJMG - Portal Grande Norte\" \/>\n\t\t<meta property=\"og:description\" content=\"Palestra foi ministrada pela ju\u00edza Fl\u00e1via Braga Corte Imperial PEDRA AZUL - A Escola Estadual Ana Faria, em Pedra Azul, no Vale do Jequitinhonha, recebeu, no dia 12\/9, palestra do programa &quot;Conhecendo o Judici\u00e1rio&quot;. Al\u00e9m de aproximar o p\u00fablico da realidade do Poder Judici\u00e1rio e das atividades do Tribunal de Justi\u00e7a de Minas Gerais (TJMG),\" \/>\n\t\t<meta property=\"og:url\" content=\"https:\/\/portalgrandenorte.com.br\/?p=1670\" \/>\n\t\t<meta property=\"og:image\" content=\"https:\/\/portalgrandenorte.com.br\/wp-content\/uploads\/2025\/08\/cropped-cropped-Logotipo-Portal-Grande-Norte-5.png\" \/>\n\t\t<meta property=\"og:image:secure_url\" content=\"https:\/\/portalgrandenorte.com.br\/wp-content\/uploads\/2025\/08\/cropped-cropped-Logotipo-Portal-Grande-Norte-5.png\" \/>\n\t\t<meta property=\"article:published_time\" content=\"2025-09-18T23:30:52+00:00\" \/>\n\t\t<meta property=\"article:modified_time\" content=\"2025-09-19T00:16:20+00:00\" \/>\n\t\t<meta name=\"twitter:card\" content=\"summary_large_image\" \/>\n\t\t<meta name=\"twitter:title\" content=\"Escola de Pedra Azul recebe palestra do projeto \u201cConhecendo o Judici\u00e1rio\u201d, do TJMG - Portal Grande Norte\" \/>\n\t\t<meta name=\"twitter:description\" content=\"Palestra foi ministrada pela ju\u00edza Fl\u00e1via Braga Corte Imperial PEDRA AZUL - A Escola Estadual Ana Faria, em Pedra Azul, no Vale do Jequitinhonha, recebeu, no dia 12\/9, palestra do programa &quot;Conhecendo o Judici\u00e1rio&quot;. Al\u00e9m de aproximar o p\u00fablico da realidade do Poder Judici\u00e1rio e das atividades do Tribunal de Justi\u00e7a de Minas Gerais (TJMG),\" \/>\n\t\t<meta name=\"twitter:image\" content=\"https:\/\/portalgrandenorte.com.br\/wp-content\/uploads\/2025\/08\/cropped-cropped-Logotipo-Portal-Grande-Norte-5.png\" \/>\n\t\t<script type=\"application\/ld+json\" class=\"aioseo-schema\">\n\t\t\t{\"@context\":\"https:\\\/\\\/schema.org\",\"@graph\":[{\"@type\":\"BlogPosting\",\"@id\":\"https:\\\/\\\/portalgrandenorte.com.br\\\/?p=1670#blogposting\",\"name\":\"Escola de Pedra Azul recebe palestra do projeto \\u201cConhecendo o Judici\\u00e1rio\\u201d, do TJMG - Portal Grande Norte\",\"headline\":\"Escola de Pedra Azul recebe palestra do projeto &#8220;Conhecendo o Judici\\u00e1rio&#8221;, do TJMG\",\"author\":{\"@id\":\"https:\\\/\\\/portalgrandenorte.com.br\\\/?author=1#author\"},\"publisher\":{\"@id\":\"https:\\\/\\\/portalgrandenorte.com.br\\\/#organization\"},\"image\":{\"@type\":\"ImageObject\",\"url\":\"https:\\\/\\\/portalgrandenorte.com.br\\\/wp-content\\\/uploads\\\/2025\\\/09\\\/Pedra-Azul-MG.jpeg\",\"width\":1000,\"height\":666,\"caption\":\"Segundo a ju\\u00edza Fl\\u00e1via Braga Corte Imperial, o encontro refor\\u00e7ou a aproxima\\u00e7\\u00e3o entre o Poder Judici\\u00e1rio e a comunidade escolar (Cr\\u00e9dito: TJMG \\\/ Divulga\\u00e7\\u00e3o)\"},\"datePublished\":\"2025-09-18T20:30:52-03:00\",\"dateModified\":\"2025-09-18T21:16:20-03:00\",\"inLanguage\":\"pt-BR\",\"mainEntityOfPage\":{\"@id\":\"https:\\\/\\\/portalgrandenorte.com.br\\\/?p=1670#webpage\"},\"isPartOf\":{\"@id\":\"https:\\\/\\\/portalgrandenorte.com.br\\\/?p=1670#webpage\"},\"articleSection\":\"Educa\\u00e7\\u00e3o, Vale do Jequitinhonha, Conhecendo o Judici\\u00e1rio, Desenvolvimento educacional, Educa\\u00e7\\u00e3o, Forma\\u00e7\\u00e3o cidad\\u00e3, Oportunidade, Pedra Azul, Profiss\\u00f5es, Vale do Jequitinhonha\"},{\"@type\":\"BreadcrumbList\",\"@id\":\"https:\\\/\\\/portalgrandenorte.com.br\\\/?p=1670#breadcrumblist\",\"itemListElement\":[{\"@type\":\"ListItem\",\"@id\":\"https:\\\/\\\/portalgrandenorte.com.br#listItem\",\"position\":1,\"name\":\"Home\",\"item\":\"https:\\\/\\\/portalgrandenorte.com.br\",\"nextItem\":{\"@type\":\"ListItem\",\"@id\":\"https:\\\/\\\/portalgrandenorte.com.br\\\/?cat=6#listItem\",\"name\":\"Categorias\"}},{\"@type\":\"ListItem\",\"@id\":\"https:\\\/\\\/portalgrandenorte.com.br\\\/?cat=6#listItem\",\"position\":2,\"name\":\"Categorias\",\"item\":\"https:\\\/\\\/portalgrandenorte.com.br\\\/?cat=6\",\"nextItem\":{\"@type\":\"ListItem\",\"@id\":\"https:\\\/\\\/portalgrandenorte.com.br\\\/?cat=9#listItem\",\"name\":\"Educa\\u00e7\\u00e3o\"},\"previousItem\":{\"@type\":\"ListItem\",\"@id\":\"https:\\\/\\\/portalgrandenorte.com.br#listItem\",\"name\":\"Home\"}},{\"@type\":\"ListItem\",\"@id\":\"https:\\\/\\\/portalgrandenorte.com.br\\\/?cat=9#listItem\",\"position\":3,\"name\":\"Educa\\u00e7\\u00e3o\",\"item\":\"https:\\\/\\\/portalgrandenorte.com.br\\\/?cat=9\",\"nextItem\":{\"@type\":\"ListItem\",\"@id\":\"https:\\\/\\\/portalgrandenorte.com.br\\\/?p=1670#listItem\",\"name\":\"Escola de Pedra Azul recebe palestra do projeto &#8220;Conhecendo o Judici\\u00e1rio&#8221;, do TJMG\"},\"previousItem\":{\"@type\":\"ListItem\",\"@id\":\"https:\\\/\\\/portalgrandenorte.com.br\\\/?cat=6#listItem\",\"name\":\"Categorias\"}},{\"@type\":\"ListItem\",\"@id\":\"https:\\\/\\\/portalgrandenorte.com.br\\\/?p=1670#listItem\",\"position\":4,\"name\":\"Escola de Pedra Azul recebe palestra do projeto &#8220;Conhecendo o Judici\\u00e1rio&#8221;, do TJMG\",\"previousItem\":{\"@type\":\"ListItem\",\"@id\":\"https:\\\/\\\/portalgrandenorte.com.br\\\/?cat=9#listItem\",\"name\":\"Educa\\u00e7\\u00e3o\"}}]},{\"@type\":\"Organization\",\"@id\":\"https:\\\/\\\/portalgrandenorte.com.br\\\/#organization\",\"name\":\"Portal Grande Norte\",\"description\":\"O maior portal de not\\u00edcias do Norte de Minas\",\"url\":\"https:\\\/\\\/portalgrandenorte.com.br\\\/\",\"logo\":{\"@type\":\"ImageObject\",\"url\":\"https:\\\/\\\/portalgrandenorte.com.br\\\/wp-content\\\/uploads\\\/2025\\\/08\\\/cropped-cropped-Logotipo-Portal-Grande-Norte-5.png\",\"@id\":\"https:\\\/\\\/portalgrandenorte.com.br\\\/?p=1670\\\/#organizationLogo\",\"width\":500,\"height\":244},\"image\":{\"@id\":\"https:\\\/\\\/portalgrandenorte.com.br\\\/?p=1670\\\/#organizationLogo\"}},{\"@type\":\"Person\",\"@id\":\"https:\\\/\\\/portalgrandenorte.com.br\\\/?author=1#author\",\"url\":\"https:\\\/\\\/portalgrandenorte.com.br\\\/?author=1\",\"name\":\"Portal Grande Norte\",\"image\":{\"@type\":\"ImageObject\",\"@id\":\"https:\\\/\\\/portalgrandenorte.com.br\\\/?p=1670#authorImage\",\"url\":\"https:\\\/\\\/secure.gravatar.com\\\/avatar\\\/f158a5a9dbb2d0e63533b05d8583976740387b7e0d7a969ed14e84a8e1c8308a?s=96&d=mm&r=g\",\"width\":96,\"height\":96,\"caption\":\"Portal Grande Norte\"}},{\"@type\":\"WebPage\",\"@id\":\"https:\\\/\\\/portalgrandenorte.com.br\\\/?p=1670#webpage\",\"url\":\"https:\\\/\\\/portalgrandenorte.com.br\\\/?p=1670\",\"name\":\"Escola de Pedra Azul recebe palestra do projeto \\u201cConhecendo o Judici\\u00e1rio\\u201d, do TJMG - Portal Grande Norte\",\"description\":\"Palestra foi ministrada pela ju\\u00edza Fl\\u00e1via Braga Corte Imperial PEDRA AZUL - A Escola Estadual Ana Faria, em Pedra Azul, no Vale do Jequitinhonha, recebeu, no dia 12\\\/9, palestra do programa \\\"Conhecendo o Judici\\u00e1rio\\\". Al\\u00e9m de aproximar o p\\u00fablico da realidade do Poder Judici\\u00e1rio e das atividades do Tribunal de Justi\\u00e7a de Minas Gerais (TJMG),\",\"inLanguage\":\"pt-BR\",\"isPartOf\":{\"@id\":\"https:\\\/\\\/portalgrandenorte.com.br\\\/#website\"},\"breadcrumb\":{\"@id\":\"https:\\\/\\\/portalgrandenorte.com.br\\\/?p=1670#breadcrumblist\"},\"author\":{\"@id\":\"https:\\\/\\\/portalgrandenorte.com.br\\\/?author=1#author\"},\"creator\":{\"@id\":\"https:\\\/\\\/portalgrandenorte.com.br\\\/?author=1#author\"},\"image\":{\"@type\":\"ImageObject\",\"url\":\"https:\\\/\\\/portalgrandenorte.com.br\\\/wp-content\\\/uploads\\\/2025\\\/09\\\/Pedra-Azul-MG.jpeg\",\"@id\":\"https:\\\/\\\/portalgrandenorte.com.br\\\/?p=1670\\\/#mainImage\",\"width\":1000,\"height\":666,\"caption\":\"Segundo a ju\\u00edza Fl\\u00e1via Braga Corte Imperial, o encontro refor\\u00e7ou a aproxima\\u00e7\\u00e3o entre o Poder Judici\\u00e1rio e a comunidade escolar (Cr\\u00e9dito: TJMG \\\/ Divulga\\u00e7\\u00e3o)\"},\"primaryImageOfPage\":{\"@id\":\"https:\\\/\\\/portalgrandenorte.com.br\\\/?p=1670#mainImage\"},\"datePublished\":\"2025-09-18T20:30:52-03:00\",\"dateModified\":\"2025-09-18T21:16:20-03:00\"},{\"@type\":\"WebSite\",\"@id\":\"https:\\\/\\\/portalgrandenorte.com.br\\\/#website\",\"url\":\"https:\\\/\\\/portalgrandenorte.com.br\\\/\",\"name\":\"Portal Grande Norte\",\"description\":\"O maior portal de not\\u00edcias do Norte de Minas\",\"inLanguage\":\"pt-BR\",\"publisher\":{\"@id\":\"https:\\\/\\\/portalgrandenorte.com.br\\\/#organization\"}}]}\n\t\t<\/script>\n\t\t<!-- All in One SEO -->\n\n","aioseo_head_json":{"title":"Escola de Pedra Azul recebe palestra do projeto \u201cConhecendo o Judici\u00e1rio\u201d, do TJMG - Portal Grande Norte","description":"Palestra foi ministrada pela ju\u00edza Fl\u00e1via Braga Corte Imperial PEDRA AZUL - A Escola Estadual Ana Faria, em Pedra Azul, no Vale do Jequitinhonha, recebeu, no dia 12\/9, palestra do programa \"Conhecendo o Judici\u00e1rio\". Al\u00e9m de aproximar o p\u00fablico da realidade do Poder Judici\u00e1rio e das atividades do Tribunal de Justi\u00e7a de Minas Gerais (TJMG),","canonical_url":"https:\/\/portalgrandenorte.com.br\/?p=1670","robots":"max-image-preview:large","keywords":"","webmasterTools":{"miscellaneous":""},"schema":{"@context":"https:\/\/schema.org","@graph":[{"@type":"BlogPosting","@id":"https:\/\/portalgrandenorte.com.br\/?p=1670#blogposting","name":"Escola de Pedra Azul recebe palestra do projeto \u201cConhecendo o Judici\u00e1rio\u201d, do TJMG - Portal Grande Norte","headline":"Escola de Pedra Azul recebe palestra do projeto &#8220;Conhecendo o Judici\u00e1rio&#8221;, do TJMG","author":{"@id":"https:\/\/portalgrandenorte.com.br\/?author=1#author"},"publisher":{"@id":"https:\/\/portalgrandenorte.com.br\/#organization"},"image":{"@type":"ImageObject","url":"https:\/\/portalgrandenorte.com.br\/wp-content\/uploads\/2025\/09\/Pedra-Azul-MG.jpeg","width":1000,"height":666,"caption":"Segundo a ju\u00edza Fl\u00e1via Braga Corte Imperial, o encontro refor\u00e7ou a aproxima\u00e7\u00e3o entre o Poder Judici\u00e1rio e a comunidade escolar (Cr\u00e9dito: TJMG \/ Divulga\u00e7\u00e3o)"},"datePublished":"2025-09-18T20:30:52-03:00","dateModified":"2025-09-18T21:16:20-03:00","inLanguage":"pt-BR","mainEntityOfPage":{"@id":"https:\/\/portalgrandenorte.com.br\/?p=1670#webpage"},"isPartOf":{"@id":"https:\/\/portalgrandenorte.com.br\/?p=1670#webpage"},"articleSection":"Educa\u00e7\u00e3o, Vale do Jequitinhonha, Conhecendo o Judici\u00e1rio, Desenvolvimento educacional, Educa\u00e7\u00e3o, Forma\u00e7\u00e3o cidad\u00e3, Oportunidade, Pedra Azul, Profiss\u00f5es, Vale do Jequitinhonha"},{"@type":"BreadcrumbList","@id":"https:\/\/portalgrandenorte.com.br\/?p=1670#breadcrumblist","itemListElement":[{"@type":"ListItem","@id":"https:\/\/portalgrandenorte.com.br#listItem","position":1,"name":"Home","item":"https:\/\/portalgrandenorte.com.br","nextItem":{"@type":"ListItem","@id":"https:\/\/portalgrandenorte.com.br\/?cat=6#listItem","name":"Categorias"}},{"@type":"ListItem","@id":"https:\/\/portalgrandenorte.com.br\/?cat=6#listItem","position":2,"name":"Categorias","item":"https:\/\/portalgrandenorte.com.br\/?cat=6","nextItem":{"@type":"ListItem","@id":"https:\/\/portalgrandenorte.com.br\/?cat=9#listItem","name":"Educa\u00e7\u00e3o"},"previousItem":{"@type":"ListItem","@id":"https:\/\/portalgrandenorte.com.br#listItem","name":"Home"}},{"@type":"ListItem","@id":"https:\/\/portalgrandenorte.com.br\/?cat=9#listItem","position":3,"name":"Educa\u00e7\u00e3o","item":"https:\/\/portalgrandenorte.com.br\/?cat=9","nextItem":{"@type":"ListItem","@id":"https:\/\/portalgrandenorte.com.br\/?p=1670#listItem","name":"Escola de Pedra Azul recebe palestra do projeto &#8220;Conhecendo o Judici\u00e1rio&#8221;, do TJMG"},"previousItem":{"@type":"ListItem","@id":"https:\/\/portalgrandenorte.com.br\/?cat=6#listItem","name":"Categorias"}},{"@type":"ListItem","@id":"https:\/\/portalgrandenorte.com.br\/?p=1670#listItem","position":4,"name":"Escola de Pedra Azul recebe palestra do projeto &#8220;Conhecendo o Judici\u00e1rio&#8221;, do TJMG","previousItem":{"@type":"ListItem","@id":"https:\/\/portalgrandenorte.com.br\/?cat=9#listItem","name":"Educa\u00e7\u00e3o"}}]},{"@type":"Organization","@id":"https:\/\/portalgrandenorte.com.br\/#organization","name":"Portal Grande Norte","description":"O maior portal de not\u00edcias do Norte de Minas","url":"https:\/\/portalgrandenorte.com.br\/","logo":{"@type":"ImageObject","url":"https:\/\/portalgrandenorte.com.br\/wp-content\/uploads\/2025\/08\/cropped-cropped-Logotipo-Portal-Grande-Norte-5.png","@id":"https:\/\/portalgrandenorte.com.br\/?p=1670\/#organizationLogo","width":500,"height":244},"image":{"@id":"https:\/\/portalgrandenorte.com.br\/?p=1670\/#organizationLogo"}},{"@type":"Person","@id":"https:\/\/portalgrandenorte.com.br\/?author=1#author","url":"https:\/\/portalgrandenorte.com.br\/?author=1","name":"Portal Grande Norte","image":{"@type":"ImageObject","@id":"https:\/\/portalgrandenorte.com.br\/?p=1670#authorImage","url":"https:\/\/secure.gravatar.com\/avatar\/f158a5a9dbb2d0e63533b05d8583976740387b7e0d7a969ed14e84a8e1c8308a?s=96&d=mm&r=g","width":96,"height":96,"caption":"Portal Grande Norte"}},{"@type":"WebPage","@id":"https:\/\/portalgrandenorte.com.br\/?p=1670#webpage","url":"https:\/\/portalgrandenorte.com.br\/?p=1670","name":"Escola de Pedra Azul recebe palestra do projeto \u201cConhecendo o Judici\u00e1rio\u201d, do TJMG - Portal Grande Norte","description":"Palestra foi ministrada pela ju\u00edza Fl\u00e1via Braga Corte Imperial PEDRA AZUL - A Escola Estadual Ana Faria, em Pedra Azul, no Vale do Jequitinhonha, recebeu, no dia 12\/9, palestra do programa \"Conhecendo o Judici\u00e1rio\". Al\u00e9m de aproximar o p\u00fablico da realidade do Poder Judici\u00e1rio e das atividades do Tribunal de Justi\u00e7a de Minas Gerais (TJMG),","inLanguage":"pt-BR","isPartOf":{"@id":"https:\/\/portalgrandenorte.com.br\/#website"},"breadcrumb":{"@id":"https:\/\/portalgrandenorte.com.br\/?p=1670#breadcrumblist"},"author":{"@id":"https:\/\/portalgrandenorte.com.br\/?author=1#author"},"creator":{"@id":"https:\/\/portalgrandenorte.com.br\/?author=1#author"},"image":{"@type":"ImageObject","url":"https:\/\/portalgrandenorte.com.br\/wp-content\/uploads\/2025\/09\/Pedra-Azul-MG.jpeg","@id":"https:\/\/portalgrandenorte.com.br\/?p=1670\/#mainImage","width":1000,"height":666,"caption":"Segundo a ju\u00edza Fl\u00e1via Braga Corte Imperial, o encontro refor\u00e7ou a aproxima\u00e7\u00e3o entre o Poder Judici\u00e1rio e a comunidade escolar (Cr\u00e9dito: TJMG \/ Divulga\u00e7\u00e3o)"},"primaryImageOfPage":{"@id":"https:\/\/portalgrandenorte.com.br\/?p=1670#mainImage"},"datePublished":"2025-09-18T20:30:52-03:00","dateModified":"2025-09-18T21:16:20-03:00"},{"@type":"WebSite","@id":"https:\/\/portalgrandenorte.com.br\/#website","url":"https:\/\/portalgrandenorte.com.br\/","name":"Portal Grande Norte","description":"O maior portal de not\u00edcias do Norte de Minas","inLanguage":"pt-BR","publisher":{"@id":"https:\/\/portalgrandenorte.com.br\/#organization"}}]},"og:locale":"pt_BR","og:site_name":"Portal Grande Norte - O maior portal de not\u00edcias do Norte de Minas","og:type":"article","og:title":"Escola de Pedra Azul recebe palestra do projeto \u201cConhecendo o Judici\u00e1rio\u201d, do TJMG - Portal Grande Norte","og:description":"Palestra foi ministrada pela ju\u00edza Fl\u00e1via Braga Corte Imperial PEDRA AZUL - A Escola Estadual Ana Faria, em Pedra Azul, no Vale do Jequitinhonha, recebeu, no dia 12\/9, palestra do programa &quot;Conhecendo o Judici\u00e1rio&quot;. Al\u00e9m de aproximar o p\u00fablico da realidade do Poder Judici\u00e1rio e das atividades do Tribunal de Justi\u00e7a de Minas Gerais (TJMG),","og:url":"https:\/\/portalgrandenorte.com.br\/?p=1670","og:image":"https:\/\/portalgrandenorte.com.br\/wp-content\/uploads\/2025\/08\/cropped-cropped-Logotipo-Portal-Grande-Norte-5.png","og:image:secure_url":"https:\/\/portalgrandenorte.com.br\/wp-content\/uploads\/2025\/08\/cropped-cropped-Logotipo-Portal-Grande-Norte-5.png","article:published_time":"2025-09-18T23:30:52+00:00","article:modified_time":"2025-09-19T00:16:20+00:00","twitter:card":"summary_large_image","twitter:title":"Escola de Pedra Azul recebe palestra do projeto \u201cConhecendo o Judici\u00e1rio\u201d, do TJMG - Portal Grande Norte","twitter:description":"Palestra foi ministrada pela ju\u00edza Fl\u00e1via Braga Corte Imperial PEDRA AZUL - A Escola Estadual Ana Faria, em Pedra Azul, no Vale do Jequitinhonha, recebeu, no dia 12\/9, palestra do programa &quot;Conhecendo o Judici\u00e1rio&quot;. Al\u00e9m de aproximar o p\u00fablico da realidade do Poder Judici\u00e1rio e das atividades do Tribunal de Justi\u00e7a de Minas Gerais (TJMG),","twitter:image":"https:\/\/portalgrandenorte.com.br\/wp-content\/uploads\/2025\/08\/cropped-cropped-Logotipo-Portal-Grande-Norte-5.png"},"aioseo_meta_data":{"post_id":"1670","title":null,"description":null,"keywords":null,"keyphrases":null,"primary_term":null,"canonical_url":null,"og_title":null,"og_description":null,"og_object_type":"default","og_image_type":"default","og_image_custom_url":null,"og_image_custom_fields":null,"og_image_url":null,"og_image_width":null,"og_image_height":null,"og_video":null,"og_custom_url":null,"og_article_section":null,"og_article_tags":null,"twitter_use_og":true,"twitter_card":"default","twitter_image_type":"default","twitter_image_custom_url":null,"twitter_image_custom_fields":null,"twitter_image_url":null,"twitter_title":null,"twitter_description":null,"schema_type":"default","schema_type_options":null,"schema":{"blockGraphs":[],"customGraphs":[],"default":{"data":{"Article":[],"Course":[],"Dataset":[],"FAQPage":[],"Movie":[],"Person":[],"Product":[],"ProductReview":[],"Car":[],"Recipe":[],"Service":[],"SoftwareApplication":[],"WebPage":[]},"graphName":"","isEnabled":true},"graphs":[]},"pillar_content":false,"robots_default":true,"robots_noindex":false,"robots_noarchive":false,"robots_nosnippet":false,"robots_nofollow":false,"robots_noimageindex":false,"robots_noodp":false,"robots_notranslate":false,"robots_max_snippet":null,"robots_max_videopreview":null,"robots_max_imagepreview":"large","priority":null,"frequency":null,"local_seo":null,"limit_modified_date":false,"ai":null,"breadcrumb_settings":null,"seo_analyzer_scan_date":null,"created":"2026-07-27 13:59:35","updated":"2026-07-27 13:59:35","focus_keyword":null,"additional_keywords":null,"truseo_locale":null},"aioseo_breadcrumb":"<div class=\"aioseo-breadcrumbs\"><span class=\"aioseo-breadcrumb\">\n\t\t\t<a href=\"https:\/\/portalgrandenorte.com.br\" title=\"Home\">Home<\/a>\n\t\t<\/span><span class=\"aioseo-breadcrumb-separator\">&raquo;<\/span><span class=\"aioseo-breadcrumb\">\n\t\t\t<a href=\"https:\/\/portalgrandenorte.com.br\/?cat=6\" title=\"Categorias\">Categorias<\/a>\n\t\t<\/span><span class=\"aioseo-breadcrumb-separator\">&raquo;<\/span><span class=\"aioseo-breadcrumb\">\n\t\t\t<a href=\"https:\/\/portalgrandenorte.com.br\/?cat=9\" title=\"Educa\u00e7\u00e3o\">Educa\u00e7\u00e3o<\/a>\n\t\t<\/span><span class=\"aioseo-breadcrumb-separator\">&raquo;<\/span><span class=\"aioseo-breadcrumb\">\n\t\t\tEscola de Pedra Azul recebe palestra do projeto \u201cConhecendo o Judici\u00e1rio\u201d, do TJMG\n\t\t<\/span><\/div>","aioseo_breadcrumb_json":[{"label":"Home","link":"https:\/\/portalgrandenorte.com.br"},{"label":"Categorias","link":"https:\/\/portalgrandenorte.com.br\/?cat=6"},{"label":"Educa\u00e7\u00e3o","link":"https:\/\/portalgrandenorte.com.br\/?cat=9"},{"label":"Escola de Pedra Azul recebe palestra do projeto &#8220;Conhecendo o Judici\u00e1rio&#8221;, do TJMG","link":"https:\/\/portalgrandenorte.com.br\/?p=1670"}],"_links":{"self":[{"href":"https:\/\/portalgrandenorte.com.br\/index.php?rest_route=\/wp\/v2\/posts\/1670","targetHints":{"allow":["GET"]}}],"collection":[{"href":"https:\/\/portalgrandenorte.com.br\/index.php?rest_route=\/wp\/v2\/posts"}],"about":[{"href":"https:\/\/portalgrandenorte.com.br\/index.php?rest_route=\/wp\/v2\/types\/post"}],"author":[{"embeddable":true,"href":"https:\/\/portalgrandenorte.com.br\/index.php?rest_route=\/wp\/v2\/users\/1"}],"replies":[{"embeddable":true,"href":"https:\/\/portalgrandenorte.com.br\/index.php?rest_route=%2Fwp%2Fv2%2Fcomments&post=1670"}],"version-history":[{"count":2,"href":"https:\/\/portalgrandenorte.com.br\/index.php?rest_route=\/wp\/v2\/posts\/1670\/revisions"}],"predecessor-version":[{"id":1688,"href":"https:\/\/portalgrandenorte.com.br\/index.php?rest_route=\/wp\/v2\/posts\/1670\/revisions\/1688"}],"wp:featuredmedia":[{"embeddable":true,"href":"https:\/\/portalgrandenorte.com.br\/index.php?rest_route=\/wp\/v2\/media\/1671"}],"wp:attachment":[{"href":"https:\/\/portalgrandenorte.com.br\/index.php?rest_route=%2Fwp%2Fv2%2Fmedia&parent=1670"}],"wp:term":[{"taxonomy":"category","embeddable":true,"href":"https:\/\/portalgrandenorte.com.br\/index.php?rest_route=%2Fwp%2Fv2%2Fcategories&post=1670"},{"taxonomy":"post_tag","embeddable":true,"href":"https:\/\/portalgrandenorte.com.br\/index.php?rest_route=%2Fwp%2Fv2%2Ftags&post=1670"}],"curies":[{"name":"wp","href":"https:\/\/api.w.org\/{rel}","templated":true}]}}