{"id":1446,"date":"2025-09-10T22:38:49","date_gmt":"2025-09-11T01:38:49","guid":{"rendered":"https:\/\/portalgrandenorte.com.br\/?p=1446"},"modified":"2025-09-10T23:28:57","modified_gmt":"2025-09-11T02:28:57","slug":"artesaos-mineiros-participam-da-7a-edicao-da-fenacce-em-fortaleza","status":"publish","type":"post","link":"https:\/\/portalgrandenorte.com.br\/?p=1446","title":{"rendered":"Artes\u00e3os mineiros participam da 7\u00aa edi\u00e7\u00e3o\u00a0da Fenacce em Fortaleza"},"content":{"rendered":"<h2 class=\"text-subtitle\">Realizado de 10 a 14 de setembro, em\u00a0 Fortaleza, o Festival Nacional de Artesanato e Cultura do Cear\u00e1 \u00e9 refer\u00eancia no cen\u00e1rio nacional; artes\u00e3os de dez munic\u00edpios mineiros participam da 7\u00aa edi\u00e7\u00e3o do evento, promovendo a arte e a express\u00e3o cultural mineiras<\/h2>\n<figure id=\"attachment_1447\" aria-describedby=\"caption-attachment-1447\" style=\"width: 919px\" class=\"wp-caption alignnone\"><img fetchpriority=\"high\" decoding=\"async\" class=\"wp-image-1447\" src=\"https:\/\/portalgrandenorte.com.br\/wp-content\/uploads\/2025\/09\/Sede_MG_Divulgacao_3-300x139.jpeg\" alt=\"\" width=\"919\" height=\"426\" srcset=\"https:\/\/portalgrandenorte.com.br\/wp-content\/uploads\/2025\/09\/Sede_MG_Divulgacao_3-300x139.jpeg 300w, https:\/\/portalgrandenorte.com.br\/wp-content\/uploads\/2025\/09\/Sede_MG_Divulgacao_3-768x355.jpeg 768w\" sizes=\"(max-width: 919px) 100vw, 919px\" \/><figcaption id=\"caption-attachment-1447\" class=\"wp-caption-text\">A presen\u00e7a dos artes\u00e3o mineiros na Fenacce possibilita apresentar seus produtos a um p\u00fablico diversificado, ao mesmo tempo que fortalece a imagem do estado como um polo de artesanato de qualidade &#8211; Foto: Sede-MG\/Divulga\u00e7\u00e3o<\/figcaption><\/figure>\n<p>Artes\u00e3os de dez munic\u00edpios mineiros participam da 7\u00aa edi\u00e7\u00e3o <a href=\"https:\/\/fenacce.com.br\/\">Festival Nacional de Artesanato e Cultura no Cear\u00e1 (Fenacce<\/a>), em Fortaleza. A iniciativa, que tem o objetivo de fomentar o artesanato como motor econ\u00f4mico e express\u00e3o cultural do estado, \u00e9 uma parceria do Programa do Artesanato Brasileiro (PAB), do <a href=\"https:\/\/www.gov.br\/memp\/pt-br\">Minist\u00e9rio do Empreendedorismo,da Microempresa e da Empresa de Pequeno Porte (Memp)<\/a>, <a href=\"https:\/\/sebrae.com.br\/sites\/PortalSebrae\/ufs\/mg?codUf=14\">Sebrae Minas<\/a> e o <a href=\"https:\/\/www.mg.gov.br\/\" target=\"_blank\" rel=\"noopener\">Governo de Minas<\/a>, por meio da\u00a0<a href=\"https:\/\/desenvolvimento.mg.gov.br\/\" target=\"_blank\" rel=\"noopener\">Secretaria de Estado de Desenvolvimento Econ\u00f4mico (Sede-MG)<\/a>,<\/p>\n<p>O Fenacce, refer\u00eancia no cen\u00e1rio do artesanato nacional, teve in\u00edcio nesta quarta-feira (10\/9) e segue at\u00e9 o dia 14\/9. Artes\u00e3os individuais e entidades representativas dos munic\u00edpios de Itinga, Chapada do Norte, Minas Novas, Divin\u00f3polis, Nova Lima, Curvelo, Prados, Pedralva, Ouro Preto e de Belo Horizonte foram selecionados por meio de edital de chamamento p\u00fablico promovido pela Sede-MG.<\/p>\n<p>A presen\u00e7a de Minas na Fenacce possibilita aos artes\u00e3os a mostra de seus produtos a um p\u00fablico diversificado, ao mesmo tempo que fortalece a imagem do estado como um polo de artesanato de qualidade.<\/p>\n<p>&#8220;O artesanato mineiro carrega n\u00e3o apenas a tradi\u00e7\u00e3o e a identidade cultural do povo mineiro, mas tamb\u00e9m representa uma importante fonte de renda para milhares de fam\u00edlias\u201d, avaliou\u00a0a secret\u00e1ria da Sede-MG, Mila Corr\u00eaa da Costa.<\/p>\n<p>\u201cValorizar esse setor \u00e9 garantir dignidade, gera\u00e7\u00e3o de renda e fortalecimento da economia local, ao mesmo tempo em que preservamos a nossa hist\u00f3ria e projetamos Minas Gerais para o Brasil e para o mundo\u201d, completou\u00a0Mila.<\/p>\n<p><strong>Reconhecimento nacional<\/strong><br \/>\nO Governo de Minas, por meio da Sede-MG, e em parceria com o Sebrae Minas e o Programa do Artesanato Brasileiro (PAB), marca presen\u00e7a em diversas feiras nacionais por meio da Diretoria do Artesanato Mineiro da Sede-MG, cumprindo com excel\u00eancia seu papel de fomentar e desenvolver o setor, no qual o estado ocupa a segunda posi\u00e7\u00e3o em representatividade.<\/p>\n<p>Com mais de 350 estandes confirmados, a Fenacce 2025 prev\u00ea a participa\u00e7\u00e3o de cerca de 3 mil artes\u00e3os de v\u00e1rias regi\u00f5es do pa\u00eds. Um dos grandes destaques desta edi\u00e7\u00e3o ser\u00e1 a Rodada de Neg\u00f3cios Nacional, que contar\u00e1 com compradores de todo o Brasil interessados em estabelecer parcerias e realizar aquisi\u00e7\u00f5es junto a artes\u00e3os e empreendedores criativos.<\/p>\n","protected":false},"excerpt":{"rendered":"<p>Realizado de 10 a 14 de setembro, em\u00a0 Fortaleza, o Festival Nacional de Artesanato e Cultura do Cear\u00e1 \u00e9 refer\u00eancia no cen\u00e1rio nacional; artes\u00e3os de dez munic\u00edpios mineiros participam da 7\u00aa edi\u00e7\u00e3o do evento, promovendo a arte e a express\u00e3o cultural mineiras Artes\u00e3os de dez munic\u00edpios mineiros participam da 7\u00aa edi\u00e7\u00e3o Festival Nacional de Artesanato e Cultura no Cear\u00e1 (Fenacce), em Fortaleza. A iniciativa, que tem o objetivo de fomentar o artesanato como motor econ\u00f4mico e express\u00e3o cultural do estado, \u00e9 uma parceria do Programa do Artesanato Brasileiro (PAB), do Minist\u00e9rio do Empreendedorismo,da Microempresa e da Empresa de Pequeno Porte (Memp), Sebrae Minas e o Governo de Minas, por meio da\u00a0Secretaria de Estado de Desenvolvimento Econ\u00f4mico (Sede-MG), O Fenacce, refer\u00eancia no cen\u00e1rio do artesanato nacional, teve in\u00edcio nesta quarta-feira (10\/9) e segue at\u00e9 o dia 14\/9. Artes\u00e3os individuais e entidades representativas dos munic\u00edpios de Itinga, Chapada do Norte, Minas Novas, Divin\u00f3polis, Nova Lima, Curvelo, Prados, Pedralva, Ouro Preto e de Belo Horizonte foram selecionados por meio de edital de chamamento p\u00fablico promovido pela Sede-MG. A presen\u00e7a de Minas na Fenacce possibilita aos artes\u00e3os a mostra de seus produtos a um p\u00fablico diversificado, ao mesmo tempo que fortalece a imagem do estado como um polo de artesanato de qualidade. &#8220;O artesanato mineiro carrega n\u00e3o apenas a tradi\u00e7\u00e3o e a identidade cultural do povo mineiro, mas tamb\u00e9m representa uma importante fonte de renda para milhares de fam\u00edlias\u201d, avaliou\u00a0a secret\u00e1ria da Sede-MG, Mila Corr\u00eaa da Costa. \u201cValorizar esse setor \u00e9 garantir dignidade, gera\u00e7\u00e3o de renda e fortalecimento da economia local, ao mesmo tempo em que preservamos a nossa hist\u00f3ria e projetamos Minas Gerais para o Brasil e para o mundo\u201d, completou\u00a0Mila. Reconhecimento nacional O Governo de Minas, por meio da Sede-MG, e em parceria com o Sebrae Minas e o Programa do Artesanato Brasileiro (PAB), marca presen\u00e7a em diversas feiras nacionais por meio da Diretoria do Artesanato Mineiro da Sede-MG, cumprindo com excel\u00eancia seu papel de fomentar e desenvolver o setor, no qual o estado ocupa a segunda posi\u00e7\u00e3o em representatividade. Com mais de 350 estandes confirmados, a Fenacce 2025 prev\u00ea a participa\u00e7\u00e3o de cerca de 3 mil artes\u00e3os de v\u00e1rias regi\u00f5es do pa\u00eds. Um dos grandes destaques desta edi\u00e7\u00e3o ser\u00e1 a Rodada de Neg\u00f3cios Nacional, que contar\u00e1 com compradores de todo o Brasil interessados em estabelecer parcerias e realizar aquisi\u00e7\u00f5es junto a artes\u00e3os e empreendedores criativos.<\/p>\n","protected":false},"author":1,"featured_media":1447,"comment_status":"open","ping_status":"open","sticky":false,"template":"","format":"standard","meta":{"_monsterinsights_skip_tracking":false,"footnotes":""},"categories":[47,35,49,340,12,16],"tags":[346,347,216,211],"class_list":["post-1446","post","type-post","status-publish","format-standard","has-post-thumbnail","hentry","category-cultura","category-minas-gerais","category-negocios","category-oportunidade","category-regional","category-vale-do-jequitinhonha","tag-artesanato","tag-fenacce","tag-negocios","tag-oportunidade"],"aioseo_notices":[],"aioseo_head":"\n\t\t<!-- All in One SEO 5.0.1.1 - aioseo.com -->\n\t<meta name=\"description\" content=\"Realizado de 10 a 14 de setembro, em Fortaleza, o Festival Nacional de Artesanato e Cultura do Cear\u00e1 \u00e9 refer\u00eancia no cen\u00e1rio nacional; artes\u00e3os de dez munic\u00edpios mineiros participam da 7\u00aa edi\u00e7\u00e3o do evento, promovendo a arte e a express\u00e3o cultural mineiras Artes\u00e3os de dez munic\u00edpios mineiros participam da 7\u00aa edi\u00e7\u00e3o Festival Nacional de Artesanato\" \/>\n\t<meta name=\"robots\" content=\"max-image-preview:large\" \/>\n\t<meta name=\"author\" content=\"Portal Grande Norte\"\/>\n\t<link rel=\"canonical\" href=\"https:\/\/portalgrandenorte.com.br\/?p=1446\" \/>\n\t<meta name=\"generator\" content=\"All in One SEO (AIOSEO) 5.0.1.1\" \/>\n\t\t<meta property=\"og:locale\" content=\"pt_BR\" \/>\n\t\t<meta property=\"og:site_name\" content=\"Portal Grande Norte - O maior portal de not\u00edcias do Norte de Minas\" \/>\n\t\t<meta property=\"og:type\" content=\"article\" \/>\n\t\t<meta property=\"og:title\" content=\"Artes\u00e3os mineiros participam da 7\u00aa edi\u00e7\u00e3o da Fenacce em Fortaleza - Portal Grande Norte\" \/>\n\t\t<meta property=\"og:description\" content=\"Realizado de 10 a 14 de setembro, em Fortaleza, o Festival Nacional de Artesanato e Cultura do Cear\u00e1 \u00e9 refer\u00eancia no cen\u00e1rio nacional; artes\u00e3os de dez munic\u00edpios mineiros participam da 7\u00aa edi\u00e7\u00e3o do evento, promovendo a arte e a express\u00e3o cultural mineiras Artes\u00e3os de dez munic\u00edpios mineiros participam da 7\u00aa edi\u00e7\u00e3o Festival Nacional de Artesanato\" \/>\n\t\t<meta property=\"og:url\" content=\"https:\/\/portalgrandenorte.com.br\/?p=1446\" \/>\n\t\t<meta property=\"og:image\" content=\"https:\/\/portalgrandenorte.com.br\/wp-content\/uploads\/2025\/08\/cropped-cropped-Logotipo-Portal-Grande-Norte-5.png\" \/>\n\t\t<meta property=\"og:image:secure_url\" content=\"https:\/\/portalgrandenorte.com.br\/wp-content\/uploads\/2025\/08\/cropped-cropped-Logotipo-Portal-Grande-Norte-5.png\" \/>\n\t\t<meta property=\"article:published_time\" content=\"2025-09-11T01:38:49+00:00\" \/>\n\t\t<meta property=\"article:modified_time\" content=\"2025-09-11T02:28:57+00:00\" \/>\n\t\t<meta name=\"twitter:card\" content=\"summary_large_image\" \/>\n\t\t<meta name=\"twitter:title\" content=\"Artes\u00e3os mineiros participam da 7\u00aa edi\u00e7\u00e3o da Fenacce em Fortaleza - Portal Grande Norte\" \/>\n\t\t<meta name=\"twitter:description\" content=\"Realizado de 10 a 14 de setembro, em Fortaleza, o Festival Nacional de Artesanato e Cultura do Cear\u00e1 \u00e9 refer\u00eancia no cen\u00e1rio nacional; artes\u00e3os de dez munic\u00edpios mineiros participam da 7\u00aa edi\u00e7\u00e3o do evento, promovendo a arte e a express\u00e3o cultural mineiras Artes\u00e3os de dez munic\u00edpios mineiros participam da 7\u00aa edi\u00e7\u00e3o Festival Nacional de Artesanato\" \/>\n\t\t<meta name=\"twitter:image\" content=\"https:\/\/portalgrandenorte.com.br\/wp-content\/uploads\/2025\/08\/cropped-cropped-Logotipo-Portal-Grande-Norte-5.png\" \/>\n\t\t<script type=\"application\/ld+json\" class=\"aioseo-schema\">\n\t\t\t{\"@context\":\"https:\\\/\\\/schema.org\",\"@graph\":[{\"@type\":\"BlogPosting\",\"@id\":\"https:\\\/\\\/portalgrandenorte.com.br\\\/?p=1446#blogposting\",\"name\":\"Artes\\u00e3os mineiros participam da 7\\u00aa edi\\u00e7\\u00e3o da Fenacce em Fortaleza - Portal Grande Norte\",\"headline\":\"Artes\\u00e3os mineiros participam da 7\\u00aa edi\\u00e7\\u00e3o\\u00a0da Fenacce em Fortaleza\",\"author\":{\"@id\":\"https:\\\/\\\/portalgrandenorte.com.br\\\/?author=1#author\"},\"publisher\":{\"@id\":\"https:\\\/\\\/portalgrandenorte.com.br\\\/#organization\"},\"image\":{\"@type\":\"ImageObject\",\"url\":\"https:\\\/\\\/portalgrandenorte.com.br\\\/wp-content\\\/uploads\\\/2025\\\/09\\\/Sede_MG_Divulgacao_3.jpeg\",\"width\":1600,\"height\":739,\"caption\":\"Foto: Sede-MG\\\/Divulga\\u00e7\\u00e3o\"},\"datePublished\":\"2025-09-10T22:38:49-03:00\",\"dateModified\":\"2025-09-10T23:28:57-03:00\",\"inLanguage\":\"pt-BR\",\"mainEntityOfPage\":{\"@id\":\"https:\\\/\\\/portalgrandenorte.com.br\\\/?p=1446#webpage\"},\"isPartOf\":{\"@id\":\"https:\\\/\\\/portalgrandenorte.com.br\\\/?p=1446#webpage\"},\"articleSection\":\"Cultura, Minas Gerais, Neg\\u00f3cios, Oportunidade, Regional, Vale do Jequitinhonha, Artesanato, Fenacce, Neg\\u00f3cios, Oportunidade\"},{\"@type\":\"BreadcrumbList\",\"@id\":\"https:\\\/\\\/portalgrandenorte.com.br\\\/?p=1446#breadcrumblist\",\"itemListElement\":[{\"@type\":\"ListItem\",\"@id\":\"https:\\\/\\\/portalgrandenorte.com.br#listItem\",\"position\":1,\"name\":\"Home\",\"item\":\"https:\\\/\\\/portalgrandenorte.com.br\",\"nextItem\":{\"@type\":\"ListItem\",\"@id\":\"https:\\\/\\\/portalgrandenorte.com.br\\\/?cat=6#listItem\",\"name\":\"Categorias\"}},{\"@type\":\"ListItem\",\"@id\":\"https:\\\/\\\/portalgrandenorte.com.br\\\/?cat=6#listItem\",\"position\":2,\"name\":\"Categorias\",\"item\":\"https:\\\/\\\/portalgrandenorte.com.br\\\/?cat=6\",\"nextItem\":{\"@type\":\"ListItem\",\"@id\":\"https:\\\/\\\/portalgrandenorte.com.br\\\/?cat=12#listItem\",\"name\":\"Regional\"},\"previousItem\":{\"@type\":\"ListItem\",\"@id\":\"https:\\\/\\\/portalgrandenorte.com.br#listItem\",\"name\":\"Home\"}},{\"@type\":\"ListItem\",\"@id\":\"https:\\\/\\\/portalgrandenorte.com.br\\\/?cat=12#listItem\",\"position\":3,\"name\":\"Regional\",\"item\":\"https:\\\/\\\/portalgrandenorte.com.br\\\/?cat=12\",\"nextItem\":{\"@type\":\"ListItem\",\"@id\":\"https:\\\/\\\/portalgrandenorte.com.br\\\/?p=1446#listItem\",\"name\":\"Artes\\u00e3os mineiros participam da 7\\u00aa edi\\u00e7\\u00e3o\\u00a0da Fenacce em Fortaleza\"},\"previousItem\":{\"@type\":\"ListItem\",\"@id\":\"https:\\\/\\\/portalgrandenorte.com.br\\\/?cat=6#listItem\",\"name\":\"Categorias\"}},{\"@type\":\"ListItem\",\"@id\":\"https:\\\/\\\/portalgrandenorte.com.br\\\/?p=1446#listItem\",\"position\":4,\"name\":\"Artes\\u00e3os mineiros participam da 7\\u00aa edi\\u00e7\\u00e3o\\u00a0da Fenacce em Fortaleza\",\"previousItem\":{\"@type\":\"ListItem\",\"@id\":\"https:\\\/\\\/portalgrandenorte.com.br\\\/?cat=12#listItem\",\"name\":\"Regional\"}}]},{\"@type\":\"Organization\",\"@id\":\"https:\\\/\\\/portalgrandenorte.com.br\\\/#organization\",\"name\":\"Portal Grande Norte\",\"description\":\"O maior portal de not\\u00edcias do Norte de Minas\",\"url\":\"https:\\\/\\\/portalgrandenorte.com.br\\\/\",\"logo\":{\"@type\":\"ImageObject\",\"url\":\"https:\\\/\\\/portalgrandenorte.com.br\\\/wp-content\\\/uploads\\\/2025\\\/08\\\/cropped-cropped-Logotipo-Portal-Grande-Norte-5.png\",\"@id\":\"https:\\\/\\\/portalgrandenorte.com.br\\\/?p=1446\\\/#organizationLogo\",\"width\":500,\"height\":244},\"image\":{\"@id\":\"https:\\\/\\\/portalgrandenorte.com.br\\\/?p=1446\\\/#organizationLogo\"}},{\"@type\":\"Person\",\"@id\":\"https:\\\/\\\/portalgrandenorte.com.br\\\/?author=1#author\",\"url\":\"https:\\\/\\\/portalgrandenorte.com.br\\\/?author=1\",\"name\":\"Portal Grande Norte\",\"image\":{\"@type\":\"ImageObject\",\"@id\":\"https:\\\/\\\/portalgrandenorte.com.br\\\/?p=1446#authorImage\",\"url\":\"https:\\\/\\\/secure.gravatar.com\\\/avatar\\\/f158a5a9dbb2d0e63533b05d8583976740387b7e0d7a969ed14e84a8e1c8308a?s=96&d=mm&r=g\",\"width\":96,\"height\":96,\"caption\":\"Portal Grande Norte\"}},{\"@type\":\"WebPage\",\"@id\":\"https:\\\/\\\/portalgrandenorte.com.br\\\/?p=1446#webpage\",\"url\":\"https:\\\/\\\/portalgrandenorte.com.br\\\/?p=1446\",\"name\":\"Artes\\u00e3os mineiros participam da 7\\u00aa edi\\u00e7\\u00e3o da Fenacce em Fortaleza - Portal Grande Norte\",\"description\":\"Realizado de 10 a 14 de setembro, em Fortaleza, o Festival Nacional de Artesanato e Cultura do Cear\\u00e1 \\u00e9 refer\\u00eancia no cen\\u00e1rio nacional; artes\\u00e3os de dez munic\\u00edpios mineiros participam da 7\\u00aa edi\\u00e7\\u00e3o do evento, promovendo a arte e a express\\u00e3o cultural mineiras Artes\\u00e3os de dez munic\\u00edpios mineiros participam da 7\\u00aa edi\\u00e7\\u00e3o Festival Nacional de Artesanato\",\"inLanguage\":\"pt-BR\",\"isPartOf\":{\"@id\":\"https:\\\/\\\/portalgrandenorte.com.br\\\/#website\"},\"breadcrumb\":{\"@id\":\"https:\\\/\\\/portalgrandenorte.com.br\\\/?p=1446#breadcrumblist\"},\"author\":{\"@id\":\"https:\\\/\\\/portalgrandenorte.com.br\\\/?author=1#author\"},\"creator\":{\"@id\":\"https:\\\/\\\/portalgrandenorte.com.br\\\/?author=1#author\"},\"image\":{\"@type\":\"ImageObject\",\"url\":\"https:\\\/\\\/portalgrandenorte.com.br\\\/wp-content\\\/uploads\\\/2025\\\/09\\\/Sede_MG_Divulgacao_3.jpeg\",\"@id\":\"https:\\\/\\\/portalgrandenorte.com.br\\\/?p=1446\\\/#mainImage\",\"width\":1600,\"height\":739,\"caption\":\"Foto: Sede-MG\\\/Divulga\\u00e7\\u00e3o\"},\"primaryImageOfPage\":{\"@id\":\"https:\\\/\\\/portalgrandenorte.com.br\\\/?p=1446#mainImage\"},\"datePublished\":\"2025-09-10T22:38:49-03:00\",\"dateModified\":\"2025-09-10T23:28:57-03:00\"},{\"@type\":\"WebSite\",\"@id\":\"https:\\\/\\\/portalgrandenorte.com.br\\\/#website\",\"url\":\"https:\\\/\\\/portalgrandenorte.com.br\\\/\",\"name\":\"Portal Grande Norte\",\"description\":\"O maior portal de not\\u00edcias do Norte de Minas\",\"inLanguage\":\"pt-BR\",\"publisher\":{\"@id\":\"https:\\\/\\\/portalgrandenorte.com.br\\\/#organization\"}}]}\n\t\t<\/script>\n\t\t<!-- All in One SEO -->\n\n","aioseo_head_json":{"title":"Artes\u00e3os mineiros participam da 7\u00aa edi\u00e7\u00e3o da Fenacce em Fortaleza - Portal Grande Norte","description":"Realizado de 10 a 14 de setembro, em Fortaleza, o Festival Nacional de Artesanato e Cultura do Cear\u00e1 \u00e9 refer\u00eancia no cen\u00e1rio nacional; artes\u00e3os de dez munic\u00edpios mineiros participam da 7\u00aa edi\u00e7\u00e3o do evento, promovendo a arte e a express\u00e3o cultural mineiras Artes\u00e3os de dez munic\u00edpios mineiros participam da 7\u00aa edi\u00e7\u00e3o Festival Nacional de Artesanato","canonical_url":"https:\/\/portalgrandenorte.com.br\/?p=1446","robots":"max-image-preview:large","keywords":"","webmasterTools":{"miscellaneous":""},"schema":{"@context":"https:\/\/schema.org","@graph":[{"@type":"BlogPosting","@id":"https:\/\/portalgrandenorte.com.br\/?p=1446#blogposting","name":"Artes\u00e3os mineiros participam da 7\u00aa edi\u00e7\u00e3o da Fenacce em Fortaleza - Portal Grande Norte","headline":"Artes\u00e3os mineiros participam da 7\u00aa edi\u00e7\u00e3o\u00a0da Fenacce em Fortaleza","author":{"@id":"https:\/\/portalgrandenorte.com.br\/?author=1#author"},"publisher":{"@id":"https:\/\/portalgrandenorte.com.br\/#organization"},"image":{"@type":"ImageObject","url":"https:\/\/portalgrandenorte.com.br\/wp-content\/uploads\/2025\/09\/Sede_MG_Divulgacao_3.jpeg","width":1600,"height":739,"caption":"Foto: Sede-MG\/Divulga\u00e7\u00e3o"},"datePublished":"2025-09-10T22:38:49-03:00","dateModified":"2025-09-10T23:28:57-03:00","inLanguage":"pt-BR","mainEntityOfPage":{"@id":"https:\/\/portalgrandenorte.com.br\/?p=1446#webpage"},"isPartOf":{"@id":"https:\/\/portalgrandenorte.com.br\/?p=1446#webpage"},"articleSection":"Cultura, Minas Gerais, Neg\u00f3cios, Oportunidade, Regional, Vale do Jequitinhonha, Artesanato, Fenacce, Neg\u00f3cios, Oportunidade"},{"@type":"BreadcrumbList","@id":"https:\/\/portalgrandenorte.com.br\/?p=1446#breadcrumblist","itemListElement":[{"@type":"ListItem","@id":"https:\/\/portalgrandenorte.com.br#listItem","position":1,"name":"Home","item":"https:\/\/portalgrandenorte.com.br","nextItem":{"@type":"ListItem","@id":"https:\/\/portalgrandenorte.com.br\/?cat=6#listItem","name":"Categorias"}},{"@type":"ListItem","@id":"https:\/\/portalgrandenorte.com.br\/?cat=6#listItem","position":2,"name":"Categorias","item":"https:\/\/portalgrandenorte.com.br\/?cat=6","nextItem":{"@type":"ListItem","@id":"https:\/\/portalgrandenorte.com.br\/?cat=12#listItem","name":"Regional"},"previousItem":{"@type":"ListItem","@id":"https:\/\/portalgrandenorte.com.br#listItem","name":"Home"}},{"@type":"ListItem","@id":"https:\/\/portalgrandenorte.com.br\/?cat=12#listItem","position":3,"name":"Regional","item":"https:\/\/portalgrandenorte.com.br\/?cat=12","nextItem":{"@type":"ListItem","@id":"https:\/\/portalgrandenorte.com.br\/?p=1446#listItem","name":"Artes\u00e3os mineiros participam da 7\u00aa edi\u00e7\u00e3o\u00a0da Fenacce em Fortaleza"},"previousItem":{"@type":"ListItem","@id":"https:\/\/portalgrandenorte.com.br\/?cat=6#listItem","name":"Categorias"}},{"@type":"ListItem","@id":"https:\/\/portalgrandenorte.com.br\/?p=1446#listItem","position":4,"name":"Artes\u00e3os mineiros participam da 7\u00aa edi\u00e7\u00e3o\u00a0da Fenacce em Fortaleza","previousItem":{"@type":"ListItem","@id":"https:\/\/portalgrandenorte.com.br\/?cat=12#listItem","name":"Regional"}}]},{"@type":"Organization","@id":"https:\/\/portalgrandenorte.com.br\/#organization","name":"Portal Grande Norte","description":"O maior portal de not\u00edcias do Norte de Minas","url":"https:\/\/portalgrandenorte.com.br\/","logo":{"@type":"ImageObject","url":"https:\/\/portalgrandenorte.com.br\/wp-content\/uploads\/2025\/08\/cropped-cropped-Logotipo-Portal-Grande-Norte-5.png","@id":"https:\/\/portalgrandenorte.com.br\/?p=1446\/#organizationLogo","width":500,"height":244},"image":{"@id":"https:\/\/portalgrandenorte.com.br\/?p=1446\/#organizationLogo"}},{"@type":"Person","@id":"https:\/\/portalgrandenorte.com.br\/?author=1#author","url":"https:\/\/portalgrandenorte.com.br\/?author=1","name":"Portal Grande Norte","image":{"@type":"ImageObject","@id":"https:\/\/portalgrandenorte.com.br\/?p=1446#authorImage","url":"https:\/\/secure.gravatar.com\/avatar\/f158a5a9dbb2d0e63533b05d8583976740387b7e0d7a969ed14e84a8e1c8308a?s=96&d=mm&r=g","width":96,"height":96,"caption":"Portal Grande Norte"}},{"@type":"WebPage","@id":"https:\/\/portalgrandenorte.com.br\/?p=1446#webpage","url":"https:\/\/portalgrandenorte.com.br\/?p=1446","name":"Artes\u00e3os mineiros participam da 7\u00aa edi\u00e7\u00e3o da Fenacce em Fortaleza - Portal Grande Norte","description":"Realizado de 10 a 14 de setembro, em Fortaleza, o Festival Nacional de Artesanato e Cultura do Cear\u00e1 \u00e9 refer\u00eancia no cen\u00e1rio nacional; artes\u00e3os de dez munic\u00edpios mineiros participam da 7\u00aa edi\u00e7\u00e3o do evento, promovendo a arte e a express\u00e3o cultural mineiras Artes\u00e3os de dez munic\u00edpios mineiros participam da 7\u00aa edi\u00e7\u00e3o Festival Nacional de Artesanato","inLanguage":"pt-BR","isPartOf":{"@id":"https:\/\/portalgrandenorte.com.br\/#website"},"breadcrumb":{"@id":"https:\/\/portalgrandenorte.com.br\/?p=1446#breadcrumblist"},"author":{"@id":"https:\/\/portalgrandenorte.com.br\/?author=1#author"},"creator":{"@id":"https:\/\/portalgrandenorte.com.br\/?author=1#author"},"image":{"@type":"ImageObject","url":"https:\/\/portalgrandenorte.com.br\/wp-content\/uploads\/2025\/09\/Sede_MG_Divulgacao_3.jpeg","@id":"https:\/\/portalgrandenorte.com.br\/?p=1446\/#mainImage","width":1600,"height":739,"caption":"Foto: Sede-MG\/Divulga\u00e7\u00e3o"},"primaryImageOfPage":{"@id":"https:\/\/portalgrandenorte.com.br\/?p=1446#mainImage"},"datePublished":"2025-09-10T22:38:49-03:00","dateModified":"2025-09-10T23:28:57-03:00"},{"@type":"WebSite","@id":"https:\/\/portalgrandenorte.com.br\/#website","url":"https:\/\/portalgrandenorte.com.br\/","name":"Portal Grande Norte","description":"O maior portal de not\u00edcias do Norte de Minas","inLanguage":"pt-BR","publisher":{"@id":"https:\/\/portalgrandenorte.com.br\/#organization"}}]},"og:locale":"pt_BR","og:site_name":"Portal Grande Norte - O maior portal de not\u00edcias do Norte de Minas","og:type":"article","og:title":"Artes\u00e3os mineiros participam da 7\u00aa edi\u00e7\u00e3o da Fenacce em Fortaleza - Portal Grande Norte","og:description":"Realizado de 10 a 14 de setembro, em Fortaleza, o Festival Nacional de Artesanato e Cultura do Cear\u00e1 \u00e9 refer\u00eancia no cen\u00e1rio nacional; artes\u00e3os de dez munic\u00edpios mineiros participam da 7\u00aa edi\u00e7\u00e3o do evento, promovendo a arte e a express\u00e3o cultural mineiras Artes\u00e3os de dez munic\u00edpios mineiros participam da 7\u00aa edi\u00e7\u00e3o Festival Nacional de Artesanato","og:url":"https:\/\/portalgrandenorte.com.br\/?p=1446","og:image":"https:\/\/portalgrandenorte.com.br\/wp-content\/uploads\/2025\/08\/cropped-cropped-Logotipo-Portal-Grande-Norte-5.png","og:image:secure_url":"https:\/\/portalgrandenorte.com.br\/wp-content\/uploads\/2025\/08\/cropped-cropped-Logotipo-Portal-Grande-Norte-5.png","article:published_time":"2025-09-11T01:38:49+00:00","article:modified_time":"2025-09-11T02:28:57+00:00","twitter:card":"summary_large_image","twitter:title":"Artes\u00e3os mineiros participam da 7\u00aa edi\u00e7\u00e3o da Fenacce em Fortaleza - Portal Grande Norte","twitter:description":"Realizado de 10 a 14 de setembro, em Fortaleza, o Festival Nacional de Artesanato e Cultura do Cear\u00e1 \u00e9 refer\u00eancia no cen\u00e1rio nacional; artes\u00e3os de dez munic\u00edpios mineiros participam da 7\u00aa edi\u00e7\u00e3o do evento, promovendo a arte e a express\u00e3o cultural mineiras Artes\u00e3os de dez munic\u00edpios mineiros participam da 7\u00aa edi\u00e7\u00e3o Festival Nacional de Artesanato","twitter:image":"https:\/\/portalgrandenorte.com.br\/wp-content\/uploads\/2025\/08\/cropped-cropped-Logotipo-Portal-Grande-Norte-5.png"},"aioseo_meta_data":{"post_id":"1446","title":null,"description":null,"keywords":null,"keyphrases":null,"primary_term":null,"canonical_url":null,"og_title":null,"og_description":null,"og_object_type":"default","og_image_type":"default","og_image_custom_url":null,"og_image_custom_fields":null,"og_image_url":null,"og_image_width":null,"og_image_height":null,"og_video":null,"og_custom_url":null,"og_article_section":null,"og_article_tags":null,"twitter_use_og":true,"twitter_card":"default","twitter_image_type":"default","twitter_image_custom_url":null,"twitter_image_custom_fields":null,"twitter_image_url":null,"twitter_title":null,"twitter_description":null,"schema_type":"default","schema_type_options":null,"schema":{"blockGraphs":[],"customGraphs":[],"default":{"data":{"Article":[],"Course":[],"Dataset":[],"FAQPage":[],"Movie":[],"Person":[],"Product":[],"ProductReview":[],"Car":[],"Recipe":[],"Service":[],"SoftwareApplication":[],"WebPage":[]},"graphName":"","isEnabled":true},"graphs":[]},"pillar_content":false,"robots_default":true,"robots_noindex":false,"robots_noarchive":false,"robots_nosnippet":false,"robots_nofollow":false,"robots_noimageindex":false,"robots_noodp":false,"robots_notranslate":false,"robots_max_snippet":null,"robots_max_videopreview":null,"robots_max_imagepreview":"large","priority":null,"frequency":null,"local_seo":null,"limit_modified_date":false,"ai":null,"breadcrumb_settings":null,"seo_analyzer_scan_date":null,"created":"2026-07-27 13:49:42","updated":"2026-07-27 13:49:42","focus_keyword":null,"additional_keywords":null,"truseo_locale":null},"aioseo_breadcrumb":"<div class=\"aioseo-breadcrumbs\"><span class=\"aioseo-breadcrumb\">\n\t\t\t<a href=\"https:\/\/portalgrandenorte.com.br\" title=\"Home\">Home<\/a>\n\t\t<\/span><span class=\"aioseo-breadcrumb-separator\">&raquo;<\/span><span class=\"aioseo-breadcrumb\">\n\t\t\t<a href=\"https:\/\/portalgrandenorte.com.br\/?cat=6\" title=\"Categorias\">Categorias<\/a>\n\t\t<\/span><span class=\"aioseo-breadcrumb-separator\">&raquo;<\/span><span class=\"aioseo-breadcrumb\">\n\t\t\t<a href=\"https:\/\/portalgrandenorte.com.br\/?cat=12\" title=\"Regional\">Regional<\/a>\n\t\t<\/span><span class=\"aioseo-breadcrumb-separator\">&raquo;<\/span><span class=\"aioseo-breadcrumb\">\n\t\t\tArtes\u00e3os mineiros participam da 7\u00aa edi\u00e7\u00e3o da Fenacce em Fortaleza\n\t\t<\/span><\/div>","aioseo_breadcrumb_json":[{"label":"Home","link":"https:\/\/portalgrandenorte.com.br"},{"label":"Categorias","link":"https:\/\/portalgrandenorte.com.br\/?cat=6"},{"label":"Regional","link":"https:\/\/portalgrandenorte.com.br\/?cat=12"},{"label":"Artes\u00e3os mineiros participam da 7\u00aa edi\u00e7\u00e3o\u00a0da Fenacce em Fortaleza","link":"https:\/\/portalgrandenorte.com.br\/?p=1446"}],"_links":{"self":[{"href":"https:\/\/portalgrandenorte.com.br\/index.php?rest_route=\/wp\/v2\/posts\/1446","targetHints":{"allow":["GET"]}}],"collection":[{"href":"https:\/\/portalgrandenorte.com.br\/index.php?rest_route=\/wp\/v2\/posts"}],"about":[{"href":"https:\/\/portalgrandenorte.com.br\/index.php?rest_route=\/wp\/v2\/types\/post"}],"author":[{"embeddable":true,"href":"https:\/\/portalgrandenorte.com.br\/index.php?rest_route=\/wp\/v2\/users\/1"}],"replies":[{"embeddable":true,"href":"https:\/\/portalgrandenorte.com.br\/index.php?rest_route=%2Fwp%2Fv2%2Fcomments&post=1446"}],"version-history":[{"count":2,"href":"https:\/\/portalgrandenorte.com.br\/index.php?rest_route=\/wp\/v2\/posts\/1446\/revisions"}],"predecessor-version":[{"id":1450,"href":"https:\/\/portalgrandenorte.com.br\/index.php?rest_route=\/wp\/v2\/posts\/1446\/revisions\/1450"}],"wp:featuredmedia":[{"embeddable":true,"href":"https:\/\/portalgrandenorte.com.br\/index.php?rest_route=\/wp\/v2\/media\/1447"}],"wp:attachment":[{"href":"https:\/\/portalgrandenorte.com.br\/index.php?rest_route=%2Fwp%2Fv2%2Fmedia&parent=1446"}],"wp:term":[{"taxonomy":"category","embeddable":true,"href":"https:\/\/portalgrandenorte.com.br\/index.php?rest_route=%2Fwp%2Fv2%2Fcategories&post=1446"},{"taxonomy":"post_tag","embeddable":true,"href":"https:\/\/portalgrandenorte.com.br\/index.php?rest_route=%2Fwp%2Fv2%2Ftags&post=1446"}],"curies":[{"name":"wp","href":"https:\/\/api.w.org\/{rel}","templated":true}]}}